{"id":25958,"date":"2024-05-01T07:22:30","date_gmt":"2024-05-01T05:22:30","guid":{"rendered":"https:\/\/traditia.md\/?p=25958"},"modified":"2024-05-01T07:22:30","modified_gmt":"2024-05-01T05:22:30","slug":"frumoase-clipe-traite-in-postul-mare","status":"publish","type":"post","link":"https:\/\/traditia.md\/ro\/frumoase-clipe-traite-in-postul-mare\/","title":{"rendered":"Frumoase clipe tr\u0103ite \u00een Postul Mare"},"content":{"rendered":"<p>Cenaclul literar-cre\u0219tin \u201eCuv\u00e2ntul\u201d \u0219i-a reluat activitatea, revenind \u00eentr-o nou\u0103 \u0219edin\u021b\u0103 cu genericul: \u201eFerici\u021bi cei ce n\u0103d\u0103jduiesc \u00een Domnul\u201d. Momente de dor, poezie \u0219i c\u00e2ntec cre\u0219tin, cu predic\u0103 cre\u0219tineasc\u0103 aveau s\u0103 treac\u0103 prin inimile celor prezen\u021bi, a\u0219tept\u00e2nd cu ner\u0103bdare clipele de neuitat prin lans\u0103rile de carte: <strong>\u201eCrinul de lumin\u0103\u201d<\/strong> de poeta <strong>Rodica Zuza<\/strong> si <strong>\u201eDorul Prutului ne cheam\u0103\u201d<\/strong>, antologie de poezie ale poe\u021bilor din Rom\u00e2nia \u0219i Republica Moldova, editat\u0103 \u00een cadrul Proiectului transfrontalier cultural-cre\u0219tin \u201eFerici\u021bi cei ce n\u0103d\u0103jduiesc \u00een Domnul\u201d \u2013 2023 (colabor\u0103ri literare \u00eentre cele dou\u0103 cenacluri: Cenaclul literar-artistic \u201eSteaua Severinului\u201d, Drobeta Turnu-Severin, Rom\u00e2nia \u0219i Cenaclul literar-cre\u0219tin \u201eCuv\u00e2ntul\u201d, Chi\u0219in\u0103u, R.Moldova).<\/p>\n<p>Mul\u021bumim din suflet poetului, directorului editurii DANDES EDITORY <strong>Dan De\u0219liu<\/strong> din Drobeta Turnu-Severin pentru contribu\u021bia substan\u021bial\u0103 la editarea celor dou\u0103 c\u0103r\u021bi. \u00a0\u00a0<\/p>\n<p><img fetchpriority=\"high\" decoding=\"async\" class=\"size-full wp-image-25959 aligncenter\" src=\"https:\/\/traditia.md\/wp-content\/uploads\/2024\/05\/1-2a.jpg\" alt=\"1 2\u0430\" width=\"646\" height=\"467\" srcset=\"https:\/\/traditia.md\/wp-content\/uploads\/2024\/05\/1-2a.jpg 646w, https:\/\/traditia.md\/wp-content\/uploads\/2024\/05\/1-2a-300x217.jpg 300w, https:\/\/traditia.md\/wp-content\/uploads\/2024\/05\/1-2a-585x423.jpg 585w\" sizes=\"(max-width: 646px) 100vw, 646px\" \/><\/p>\n<p>Mul\u021bumim din suflet \u0219i celor care au fost cu noi \u0219i am savurat clipele frumoase, sl\u0103vindu-L pe Dumnezeu \u00een poezie \u0219i c\u00e2ntec: <strong>Ludmila Sochirc\u0103<\/strong>, poet\u0103; <strong>Veronica Rusu-Bucico<\/strong>, poet\u0103; <strong>Rodica Zuza<\/strong>, poet\u0103; <strong>Felicia Green<\/strong>, poet\u0103; <strong>Cristina Ciobanu<\/strong>, poet\u0103; <strong>\u0218tef\u0103nel Ple\u0219ca<\/strong>, poet, interpret \u0219i cantautor; <strong>Ana Bodrug<\/strong>, poet\u0103 \u0219i c\u00e2nt\u0103rea\u021b\u0103; <strong>Cristian Pl\u0103ie\u0219u-Ple\u0219ca<\/strong>, poet \u0219i artist fotografic; <strong>Larisa Dohotaru<\/strong>, redactor editura \u201e\u0218tiin\u021ba\u201d.<\/p>\n<p>De asemenea mul\u021bumim \u0218colii de Arte \u201eValeriu Poleakov\u201d, conduc\u0103tor artistic <strong>Liuba Cernomore\u021b<\/strong>, profesoar\u0103 de art\u0103 teatral\u0103, precum \u0219i elevilor: <strong>Pavel \u0219i \u0218tef\u0103nel Ra\u021b\u0103<\/strong> din or\u0103\u0219elul S\u00eengera, municipiul Chi\u0219in\u0103u; <strong>Bogdan Ga\u0219per<\/strong>, \u0218coala Primar\u0103 \u201eMaria Dr\u0103gan\u201d din ora\u0219ul Chi\u0219in\u0103u pentru recitalurile frumoase de poezie cre\u0219tin\u0103. Mul\u021bumim artistului fotografic Cristian Ple\u0219ca pentru pozele ingenioase ce le-a fixat \u00een cadrul cenaclului.<\/p>\n<p>Mul\u021bumim Bibliotecii Publice \u201eOnisifor Gibu\u201d, directorului bibliotecii <strong>Vitalie R\u0103ileanu<\/strong>, poet \u0219i critic literar, care ne-a g\u0103zduit \u0219i ne-au primit cu ospitalitate \u00een catedrala c\u0103r\u021bii \u0219i domnului <strong>Valeriu Mocanu<\/strong> pentru asisten\u021ba tehnic\u0103.<\/p>\n<p>Un moment de reculegere a fost comemorat pentru membra cenaclului, adormita <strong>Irina Guma<\/strong>, care a plecat la Domnul.<\/p>\n<p>Ce frumos trec clipele de post \u0219i rug\u0103ciune, c\u00e2nd \u00eel sl\u0103ve\u0219ti pe Dumnezeu! Ce frumos trec clipele \u00een Postul Mare, c\u00e2nd \u00eel sl\u0103ve\u0219ti pe Dumnezeu \u00een poezie\u00a0 \u0219i c\u00e2ntec!<\/p>\n<p><img decoding=\"async\" class=\"size-full wp-image-25961 aligncenter\" src=\"https:\/\/traditia.md\/wp-content\/uploads\/2024\/05\/4a.jpg\" alt=\"4\u0430\" width=\"750\" height=\"501\" srcset=\"https:\/\/traditia.md\/wp-content\/uploads\/2024\/05\/4a.jpg 750w, https:\/\/traditia.md\/wp-content\/uploads\/2024\/05\/4a-300x200.jpg 300w, https:\/\/traditia.md\/wp-content\/uploads\/2024\/05\/4a-585x391.jpg 585w, https:\/\/traditia.md\/wp-content\/uploads\/2024\/05\/4a-263x175.jpg 263w\" sizes=\"(max-width: 750px) 100vw, 750px\" \/><\/p>\n<p style=\"text-align: right;\"><strong><em>Raisa Pl\u0103ie\u0219u, pentru Traditia.md<\/em><\/strong><\/p>\n","protected":false},"excerpt":{"rendered":"<p>Cenaclul literar-cre\u0219tin \u201eCuv\u00e2ntul\u201d \u0219i-a reluat activitatea, revenind \u00eentr-o nou\u0103 \u0219edin\u021b\u0103 cu genericul: \u201eFerici\u021bi cei ce n\u0103d\u0103jduiesc \u00een Domnul\u201d. Momente de dor, poezie&hellip;<\/p>\n","protected":false},"author":3,"featured_media":25963,"comment_status":"open","ping_status":"closed","sticky":false,"template":"","format":"standard","meta":{"_lmt_disableupdate":"","_lmt_disable":"","slim_seo":{"title":"Frumoase clipe tr\u0103ite \u00een Postul Mare - traditia.md","description":"Cenaclul literar-cre\u0219tin \u201eCuv\u00e2ntul\u201d \u0219i-a reluat activitatea, revenind \u00eentr-o nou\u0103 \u0219edin\u021b\u0103 cu genericul: \u201eFerici\u021bi cei ce n\u0103d\u0103jduiesc \u00een Domnul\u201d. Momente de dor,"},"footnotes":""},"categories":[41,38],"tags":[],"class_list":["post-25958","post","type-post","status-publish","format-standard","has-post-thumbnail","hentry","category-istorie-si-cultura","category-stiri"],"_links":{"self":[{"href":"https:\/\/traditia.md\/ro\/wp-json\/wp\/v2\/posts\/25958","targetHints":{"allow":["GET"]}}],"collection":[{"href":"https:\/\/traditia.md\/ro\/wp-json\/wp\/v2\/posts"}],"about":[{"href":"https:\/\/traditia.md\/ro\/wp-json\/wp\/v2\/types\/post"}],"author":[{"embeddable":true,"href":"https:\/\/traditia.md\/ro\/wp-json\/wp\/v2\/users\/3"}],"replies":[{"embeddable":true,"href":"https:\/\/traditia.md\/ro\/wp-json\/wp\/v2\/comments?post=25958"}],"version-history":[{"count":0,"href":"https:\/\/traditia.md\/ro\/wp-json\/wp\/v2\/posts\/25958\/revisions"}],"wp:featuredmedia":[{"embeddable":true,"href":"https:\/\/traditia.md\/ro\/wp-json\/wp\/v2\/media\/25963"}],"wp:attachment":[{"href":"https:\/\/traditia.md\/ro\/wp-json\/wp\/v2\/media?parent=25958"}],"wp:term":[{"taxonomy":"category","embeddable":true,"href":"https:\/\/traditia.md\/ro\/wp-json\/wp\/v2\/categories?post=25958"},{"taxonomy":"post_tag","embeddable":true,"href":"https:\/\/traditia.md\/ro\/wp-json\/wp\/v2\/tags?post=25958"}],"curies":[{"name":"wp","href":"https:\/\/api.w.org\/{rel}","templated":true}]}}