{"id":25358,"date":"2024-04-06T14:45:34","date_gmt":"2024-04-06T12:45:34","guid":{"rendered":"https:\/\/traditia.md\/?p=25358"},"modified":"2024-04-06T14:45:34","modified_gmt":"2024-04-06T12:45:34","slug":"credinta-este-nascuta-din-recunostinta","status":"publish","type":"post","link":"https:\/\/traditia.md\/ro\/credinta-este-nascuta-din-recunostinta\/","title":{"rendered":"Credin\u021ba este n\u0103scut\u0103 din recuno\u0219tin\u021b\u0103"},"content":{"rendered":"<p><strong><em>Mi-a pl\u0103cut interesul ace\u0219tor tineri \u0219i tinere, viitorii brutari, cofetari etc. Prin inteligen\u021ba \u0219i aten\u021bia lor am \u00een\u021beles c\u0103 \u015ecoala profesional\u0103 nr. 5 din Chi\u015fin\u0103u este o institu\u0163ie reprezentativ\u0103 \u00een Republica Moldova, cu o ofert\u0103 educa\u0163ional\u0103 divers\u0103, care r\u0103spunde cerin\u0163elor \u015fi intereselor p\u0103rin\u0163ilor \u015fi elevilor, precum \u015fi cerin\u0163elor de formare profesional\u0103.<\/em><\/strong><\/p>\n<p>\u015ecoala profesional\u0103 nr. 5 din ora\u0219ul Chi\u0219in\u0103u (ini\u0163ial \u015ecoala medie profesional-tehnic\u0103 nr. 37) a fost \u00eenfiin\u0163at\u0103 de Ministerul industriei laptelui \u015fi a c\u0103rnii al RSS Moldovene\u0219ti \u015fi Comitetului de stat al \u00eenv\u0103\u0163\u0103m\u00e2ntului profesional-tehnic, conform ordinului nr. 172\/187 din 10 iunie 1971. Ulterior pe parcursul anilor, trec\u00e2nd printr-o serie de reorganiz\u0103ri, institu\u021bia a ajuns la statutul ei actual.<\/p>\n<p>C\u00e2nd pacea mai z\u00e2mbe\u0219te prin frunzuli\u021bele \u0219i florile de prim\u0103var\u0103 \u0219i lumina ne \u00eembrac\u0103 \u00een ve\u0219m\u00e2ntele Postului Mare cu rug\u0103ciunile sfinte eterne, cu m\u0103rturisirea \u0219i Sfintele Taine, \u0219i ne \u00eendrept\u0103m privirile spre cer, atunci via\u021ba noastr\u0103 se picteaz\u0103 \u00een alte culori, \u00een culori calde ale vie\u021bii. \u0218i respira\u021bia ce trece prin noi e mai proasp\u0103t\u0103 \u0219i r\u0103coroas\u0103, precum apa rece de izvor, pl\u00e2ns\u0103 de fream\u0103tul s\u0103lciilor divine.<\/p>\n<p>Mul\u021bumim\u00a0 Domnului c\u0103 ne mai prelunge\u0219te c\u0103l\u0103toria pe p\u0103m\u00e2nt cu pa\u0219i de pace \u0219i de iubire, ca s\u0103 d\u0103m bine\u021be aproapelelui cu dor, salut\u00e2ndu-l cu tot ce este mai frumos \u00een via\u021ba ce-o tr\u0103im. Descriu aceste am\u0103nunte\u00a0 cu fior de credin\u021b\u0103 \u00een suflet \u0219i-i mul\u021bumesc lui Dumnezeu, c\u0103 m-am re\u00eentors din pragul eternit\u0103\u021bii \u00eenapoi \u00een via\u021b\u0103, \u00eendemn\u00e2ndu-m\u0103 s\u0103-mi prelungesc mai departe\u00a0 c\u0103l\u0103toria pe p\u0103m\u00e2nt. C\u0103ci visul ce mi s-a ar\u0103tat \u00een salonul de reanimare al spitalului pe urma unei interven\u021bii chirurgicale complicate mi-a dat de \u00een\u021beles, c\u0103 misiunea mea pe p\u0103m\u00e2nt mai are de rev\u0103rsat \u00eenc\u0103 mult\u0103 lumin\u0103 de suflet \u0219i lucr\u0103rile Domnului urmeaz\u0103 mai departe s\u0103 le s\u0103v\u00e2r\u0219esc. Chiar de am c\u0103zut \u0219i am stat 40 de zile cu binecuv\u00e2ntarea \u0219i t\u0103m\u0103duirea de la Dumnezeu, pentru care \u00ee-I mul\u021bumesc mult, cu o m\u00e2n\u0103\u00a0 apuc\u00e2ndu-m\u0103 de raza solar\u0103 \u0219i cu cealalt\u0103 \u021bin\u00e2ndu-m\u0103 de m\u00e2na Domnului, m-am ridicat s\u0103 merg din nou pe p\u0103m\u00e2nt.<\/p>\n<p>M\u0103 bucur\u0103 faptul c\u0103 lumea, v\u0103z\u00e2ndu-m\u0103, mi-a dat de \u0219tire c\u0103 este \u00eensetat\u0103 de Cuv\u00e2ntul Domnului, de scrisul \u0219i c\u00e2ntecul meu cre\u0219tin, ca s\u0103 le potolesc a\u0219teptarea \u0219i lectura divin\u0103 \u00een zilele Postuilui Mare. Solicit\u0103rile institu\u021biilor de \u00eenv\u0103\u021b\u0103m\u00e2nt cu diferite \u00eent\u00e2lniri au dat n\u0103val\u0103 peste mine \u0219i asa cum pot s\u0103 merg, cu greu, am dat start popasurilor cre\u0219tine.<\/p>\n<p>Cu drag am r\u0103spuns la invita\u021bia \u0218colii profesionale nr. 5 din Chi\u0219in\u0103u, unde \u00een data de 1 aprilie m\u0103 a\u0219teptau \u00een sala de festiv\u0103t\u0103\u021bi peste 100 de studen\u021bi, cu lansarea c\u0103r\u021bilor mele cre\u0219tine: <em>\u201eToaca vremii\u201d<\/em>, versuri cre\u0219tine; <em>\u201eVeni\u021bi, la Domnul, s\u0103 lua\u021bi lumin\u0103!\u201d,<\/em> versuri cre\u0219tine;\u00a0 <em>\u201eSonata m\u0103rii\u201d<\/em>, poezii de suflet \u00een cadrul S\u0103pt\u0103m\u00e2nii lecturii \u201eLectura \u2013 tezaur al valorilor spiritual-morale\u201d.<\/p>\n<p><img fetchpriority=\"high\" decoding=\"async\" class=\"size-full wp-image-25359 aligncenter\" src=\"https:\/\/traditia.md\/wp-content\/uploads\/2024\/04\/1-12.jpg\" alt=\"1 12\" width=\"750\" height=\"395\" srcset=\"https:\/\/traditia.md\/wp-content\/uploads\/2024\/04\/1-12.jpg 750w, https:\/\/traditia.md\/wp-content\/uploads\/2024\/04\/1-12-300x158.jpg 300w, https:\/\/traditia.md\/wp-content\/uploads\/2024\/04\/1-12-585x308.jpg 585w\" sizes=\"(max-width: 750px) 100vw, 750px\" \/><\/p>\n<p>Mul\u021bumesc \u0219i poetei Rodica Zuza, membr\u0103 a Cenaclului literar-cre\u0219tin \u201eCuv\u00e2ntul\u201d, care m-a \u00eenso\u021bit cu lansarea c\u0103r\u021bii sale <em>\u201eCrinul de lumin\u0103\u201d<\/em>, versuri cre\u0219tine.<\/p>\n<p>Privirile tineretului din sal\u0103 au r\u0103mas surprin\u0219i de la \u00eenceput, c\u0103ci nu am \u00eenceput cu lansarea de carte, ci cu o binecuv\u00e2ntare de Sus am \u00eencercat s\u0103 sus\u021bin un dialog cu tinerii, vr\u00e2nd s\u0103 iau cuno\u0219tin\u021b\u0103, s\u0103 p\u0103trund \u00een ad\u00e2ncul sufletului \u0219i cugetul lor, s\u0103 intru \u00een c\u0103m\u0103rile inimii lor ca s\u0103 aprindem \u00eempreun\u0103 candela divin\u0103. De la o \u00eentrebare la alta am v\u0103zut \u00een ochii lor cum se aprind lic\u0103ri\u021be de lumin\u0103, intrig\u00e2ndu-i cu tematica moral-spiritual\u0103, iar ei mi-au r\u0103spuns din ceea ce cuno\u0219teau \u0219i au dat de \u0219tire c\u0103 vor s\u0103 se mai \u00eenfrupte din Cuv\u00e2ntul lui Dumnezeu.<\/p>\n<p>Doamnele bibliotecare \u0219i tot odat\u0103 fiind \u0219i profesoare la aceast\u0103 \u0219coal\u0103, Ina Chilcevschi \u0219i Irina Jieri, au f\u0103cut o introducere \u00een tema manifest\u0103rii, aduc\u00e2ndu-i la cuno\u0219tin\u021b\u0103 studen\u021bilor prezen\u021bi c\u0103 S\u0103pt\u0103m\u00e2na lecturii: \u201eLectura \u2013 tezaur al valorilor spiritual-morale\u201d are un plan special de lectur\u0103 a c\u0103r\u021bii, unde vor urma \u00een diferite aspecte: recitalul \u0219i cititul \u00een glas, excursie la Biblioteca Na\u021bional\u0103 a Republicii Moldova, unde vor face cuno\u0219tin\u021b\u0103 cu edi\u021biile noi ale bibliotecii \u0219colii, de asemenea vor fi organizate concursuri de eseuri \u0219i poezie la aceast\u0103 tem\u0103 etc.<\/p>\n<p>Mi-a pl\u0103cut interesul ace\u0219tor tineri \u0219i tinere, viitorii brutari, cofetari etc. Prin inteligen\u021ba \u0219i aten\u021bia lor am \u00een\u021beles c\u0103 \u015ecoala profesional\u0103 nr. 5 din Chi\u015fin\u0103u este o institu\u0163ie reprezentativ\u0103 \u00een Republica Moldova, cu o ofert\u0103 educa\u0163ional\u0103 divers\u0103, care r\u0103spunde cerin\u0163elor \u015fi intereselor p\u0103rin\u0163ilor \u015fi elevilor, precum \u015fi cerin\u0163elor de formare profesional\u0103. \u015ecoala ofer\u0103 servicii educa\u0163ionale pentru specializ\u0103ri de actualitate \u00een domeniul industriei alimentare. Calitatea preg\u0103tirii elevilor \u015fi prestigiul \u015fcolii cre\u015fte an de an, ceea ce face ca \u015fcoala s\u0103 reprezinte o atrac\u0163ie pentru absolven\u0163ii de gimnaziu \u015fi liceu. \u0218i obiectivul principal este\u00a0 a educa la elevi dragostea pentru profesia aleas\u0103, frumuse\u0163ea, intelegen\u0163a, m\u0103iestria profesional\u0103 \u015fi responsabilitatea \u00een orice tip de activitate, conduc\u00e2ndu-se dup\u0103\u00a0 cuvintele lui Seneca: \u201e\u00cenv\u0103\u0163\u0103m pentru via\u0163\u0103, nu pentru \u015fcoal\u0103\u201d.<\/p>\n<p>E bine, c\u00e2nd o \u0219coal\u0103 are scopuri strategice \u00een activitatea ei cu profil \u00een perfec\u0163ionarea managementului la nivelul \u015fcolii \u015fi al clasei:<\/p>\n<p>= perfec\u0163ionarea preg\u0103tirii corpului profesoral pentru aplicarea metodelor moderne, activ-participative;<\/p>\n<p>= corelarea permanent\u0103 a curriculum-ului \u015fcolar cu evolu\u0163iile Standardului ocupa\u0163ional \u015fi al Standardului de preg\u0103tire profesional\u0103;<\/p>\n<p>= optimizarea procesului de predare\/\u00eenv\u0103\u0163are prin utilizarea unor instrumente moderne, compatibile cu nivelul actual al sistemelor educa\u0163ionale folosite \u00een institu\u0163iile similare din Uniunea European\u0103;<\/p>\n<p>= asigurarea unei infrastructuri \u015fcolare moderne \u015fi eficiente, care s\u0103 asigure indeplinirea obiectivelor specifice;<\/p>\n<p>= asigurarea inser\u0163iei profesionale a absolven\u0163ilor;<\/p>\n<p>= promovarea imaginii \u015fcolii \u00een sistemul institu\u0163iilor de profil din \u0163ar\u0103 \u015fi str\u0103in\u0103tate;<\/p>\n<p>= constituirea \u015fi dezvoltarea rela\u0163iilor cu beneficiarii, \u00een special cu structurile operative, pentru asigurarea unui feed-back permanent \u015fi eficient;<\/p>\n<p>= transformarea \u015ecolii profesionale nr.5 \u00een liceu tehnologic profesional;<\/p>\n<p>= perfec\u0163ionarea managementului la nivelul \u015fcolii \u015fi al clasei.<\/p>\n<p>Aceste scopuri ale \u0219colii m-au intrigat prin r\u0103spunsurile studen\u021bilor, profesorilor \u0219i directorului acestei institu\u021bii de \u00eenv\u0103\u021b\u0103m\u00e2nt, care mi-au insuflat \u00eencredere \u00een ei ca s\u0103-mi continui popasul cre\u0219tin cu recitaluri de versuri divine prin c\u0103r\u021bile lansate. Ca s\u0103 p\u0103trund mai ad\u00e2nc \u00een sufletele celor prezen\u021bi le-am oferit un colaj de c\u00e2ntce cre\u0219tine din Albumele mele muzicale <em>\u201ePoetul c\u00e2nt\u0103\u201d <\/em>(lansat \u00een anul 2014) \u0219i <em>\u201eRuga\u021bi-v\u0103, cre\u0219tini!\u201d<\/em>(lansat \u00een anul 2020): <em>\u201eC\u00e2nd Iisus va pogor\u00ee\u201d, \u201eAp\u0103r\u0103-ne, Doamne!\u201d, \u201eCinste\u0219te-l pe tat\u0103l t\u0103u \u0219i pe mama ta\u201d, \u201eLumina Lui Iisus\u201d<\/em> \u0219i alte c\u00e2ntece cre\u0219tine.<\/p>\n<p>Publicul a r\u0103mas surprins \u0219i de lansarea c\u0103r\u021bii <em>\u201eCrinul de lumin\u0103\u201d<\/em>, autoare Rodica Zuza, membr\u0103 a Cenaclului literar-cre\u0219tin \u201eCuv\u00e2ntul\u201d, care a f\u0103cut un recital pe poezie religioas\u0103.<\/p>\n<p>M-a bucurat fapul c\u0103 doamna directoare Maria Juc \u00een discursul ei de suflet a dat citire unor versurilor superbe din crea\u021bia sa, c\u0103 elevii au urmat exemplul ei \u0219i, la r\u00e2ndul lor, au recitat \u0219i ei diferite poezii.<\/p>\n<p>La final am oferit pentru biblioteca \u0219colii un set de c\u0103r\u021bi cre\u0219tine din crea\u021bia mea. Sondajul oral f\u0103cut pe loc de doamna directoare cu cei prezen\u021bi a scos \u00een vileag cuvintele-cheie ale acestei manifest\u0103ri: <em>Dumnezeu, Fecioara Maria N\u0103sc\u0103toare de Dumnezeu, credin\u021b\u0103, rug\u0103ciune, M\u00e2ntuitorul Iisus Hristos, bun\u0103tate, cump\u0103tare, smerenie, pace, caritate, iubire, unitate de credin\u021b\u0103, post, Sf\u00e2nta Scriptur\u0103, acatist, Psaltire, biseric\u0103, m\u0103n\u0103stire, Sf\u00e2nta Evanghelie,\u00a0 Sl\u0103vit s\u0103 fie Domnul<\/em>.<\/p>\n<p>\u201eCredin\u0163a este n\u0103scut\u0103 din recuno\u015ftin\u0163\u0103. O minte recunosc\u0103toare a\u015fteapt\u0103 \u00een permanen\u0163\u0103 lucruri bune, iar a\u015fteptarea devine credin\u0163\u0103. Reac\u0163iunea recuno\u015ftin\u0163ei asupra min\u0163ii omului produce credin\u0163a; \u015fi fiecare val de mul\u0163umiri \u015fi recuno\u015ftin\u0163a m\u0103resc credin\u0163a\u201d, ne \u00eendrum\u0103 Wallace D. Wattles.<\/p>\n<p style=\"text-align: right;\"><strong><em>Raisa Pl\u0103ie\u0219u pentru Traditia.md<\/em><\/strong><\/p>\n<p><img decoding=\"async\" class=\"alignnone  wp-image-25361\" src=\"https:\/\/traditia.md\/wp-content\/uploads\/2024\/04\/2-12.jpg\" alt=\"2 12\" width=\"738\" height=\"443\" srcset=\"https:\/\/traditia.md\/wp-content\/uploads\/2024\/04\/2-12.jpg 750w, https:\/\/traditia.md\/wp-content\/uploads\/2024\/04\/2-12-300x180.jpg 300w, https:\/\/traditia.md\/wp-content\/uploads\/2024\/04\/2-12-585x351.jpg 585w\" sizes=\"(max-width: 738px) 100vw, 738px\" \/><\/p>\n<p><img decoding=\"async\" class=\"alignnone size-full wp-image-25367\" src=\"https:\/\/traditia.md\/wp-content\/uploads\/2024\/04\/5-12.jpg\" alt=\"5 12\" width=\"350\" height=\"409\" srcset=\"https:\/\/traditia.md\/wp-content\/uploads\/2024\/04\/5-12.jpg 350w, https:\/\/traditia.md\/wp-content\/uploads\/2024\/04\/5-12-257x300.jpg 257w\" sizes=\"(max-width: 350px) 100vw, 350px\" \/> <img loading=\"lazy\" decoding=\"async\" class=\"alignnone  wp-image-25363\" src=\"https:\/\/traditia.md\/wp-content\/uploads\/2024\/04\/3-12.jpg\" alt=\"3 12\" width=\"365\" height=\"408\" srcset=\"https:\/\/traditia.md\/wp-content\/uploads\/2024\/04\/3-12.jpg 350w, https:\/\/traditia.md\/wp-content\/uploads\/2024\/04\/3-12-269x300.jpg 269w\" sizes=\"(max-width: 365px) 100vw, 365px\" \/><\/p>\n","protected":false},"excerpt":{"rendered":"<p>Mi-a pl\u0103cut interesul ace\u0219tor tineri \u0219i tinere, viitorii brutari, cofetari etc. Prin inteligen\u021ba \u0219i aten\u021bia lor am \u00een\u021beles c\u0103 \u015ecoala profesional\u0103 nr.&hellip;<\/p>\n","protected":false},"author":3,"featured_media":25365,"comment_status":"open","ping_status":"closed","sticky":false,"template":"","format":"standard","meta":{"_lmt_disableupdate":"","_lmt_disable":"","slim_seo":{"title":"Credin\u021ba este n\u0103scut\u0103 din recuno\u0219tin\u021b\u0103 - traditia.md","description":"Mi-a pl\u0103cut interesul ace\u0219tor tineri \u0219i tinere, viitorii brutari, cofetari etc. Prin inteligen\u021ba \u0219i aten\u021bia lor am \u00een\u021beles c\u0103 \u015ecoala profesional\u0103 nr. 5 din Chi\u015f"},"footnotes":""},"categories":[44,38],"tags":[],"class_list":["post-25358","post","type-post","status-publish","format-standard","has-post-thumbnail","hentry","category-actualitate","category-stiri"],"_links":{"self":[{"href":"https:\/\/traditia.md\/ro\/wp-json\/wp\/v2\/posts\/25358","targetHints":{"allow":["GET"]}}],"collection":[{"href":"https:\/\/traditia.md\/ro\/wp-json\/wp\/v2\/posts"}],"about":[{"href":"https:\/\/traditia.md\/ro\/wp-json\/wp\/v2\/types\/post"}],"author":[{"embeddable":true,"href":"https:\/\/traditia.md\/ro\/wp-json\/wp\/v2\/users\/3"}],"replies":[{"embeddable":true,"href":"https:\/\/traditia.md\/ro\/wp-json\/wp\/v2\/comments?post=25358"}],"version-history":[{"count":0,"href":"https:\/\/traditia.md\/ro\/wp-json\/wp\/v2\/posts\/25358\/revisions"}],"wp:featuredmedia":[{"embeddable":true,"href":"https:\/\/traditia.md\/ro\/wp-json\/wp\/v2\/media\/25365"}],"wp:attachment":[{"href":"https:\/\/traditia.md\/ro\/wp-json\/wp\/v2\/media?parent=25358"}],"wp:term":[{"taxonomy":"category","embeddable":true,"href":"https:\/\/traditia.md\/ro\/wp-json\/wp\/v2\/categories?post=25358"},{"taxonomy":"post_tag","embeddable":true,"href":"https:\/\/traditia.md\/ro\/wp-json\/wp\/v2\/tags?post=25358"}],"curies":[{"name":"wp","href":"https:\/\/api.w.org\/{rel}","templated":true}]}}