{"id":25216,"date":"2024-04-03T09:12:52","date_gmt":"2024-04-03T07:12:52","guid":{"rendered":"https:\/\/traditia.md\/?p=25216"},"modified":"2024-04-03T09:13:38","modified_gmt":"2024-04-03T07:13:38","slug":"patriarhia-moscovei-nu-cere-de-la-biserica-ortodoxa-din-moldova-sa-se-roage-pentru-victoria-rusiei-in-razboiul-din-ucraina","status":"publish","type":"post","link":"https:\/\/traditia.md\/ro\/patriarhia-moscovei-nu-cere-de-la-biserica-ortodoxa-din-moldova-sa-se-roage-pentru-victoria-rusiei-in-razboiul-din-ucraina\/","title":{"rendered":"Patriarhia Moscovei nu cere de la Biserica Ortodox\u0103 din Moldova s\u0103 se roage pentru victoria Rusiei \u00een r\u0103zboiul din Ucraina"},"content":{"rendered":"<p><strong><em>\u00centr-un comunicat de pres\u0103 emis de Sectorul Sinodal pentru comunicare institu\u021bional\u0103 \u0219i rela\u021bii cu mass-media al Bisericii Ortodoxe din Moldova se men\u021bioneaz\u0103 c\u0103 Mitropolia Chi\u0219in\u0103ului \u0219i a \u00eentregii Moldove dezaprob\u0103 \u0219i respinge informa\u021biile referitoare la presupusa cerere a Patriarhiei Moscovei de a se ruga pentru Rusia.<\/em><\/strong><\/p>\n<p>Resping\u00e2nd informa\u021biile provocatoare ap\u0103rute \u00een pres\u0103 privind presupusa cerere a Patriarhiei Moscovei de a se ruga pentru victoria Rusiei \u00een actuala confruntare militar\u0103 din Ucraina, \u201eMitropolia Moldovei dore\u0219te s\u0103 clarifice c\u0103 nu a primit nicio solicitare oficial\u0103 din partea Patriarhiei Moscovei la acest subiect.\u201d<\/p>\n<p>\u201ePreciz\u0103m c\u0103 Mitropolia Chi\u0219in\u0103ului \u0219i a \u00eentregii Moldove este o institu\u021bie eclesial\u0103 independent\u0103 \u0219i autonom\u0103, care \u00ee\u0219i desf\u0103\u0219oar\u0103 misiunea \u00een conformitate cu Sfintele Canoane ale Bisericii Ortodoxe Universale \u0219i prevederile propriului Statut, \u0219i nu este supus\u0103 directivelor externe din partea unor factori de decizie\u201d, se precizeaz\u0103 \u00een comuncat.<\/p>\n<p>\u00cen contextul provoc\u0103rilor sus-men\u021bionate, clerul \u0219i credincio\u0219ii din Republica Moldova sunt \u00eendemna\u021bi s\u0103 continue c\u0103l\u0103toria duhovniceasc\u0103 a Postului Mare, rug\u00e2ndu-se cu smerenie \u00een comunit\u0103\u021bile lor pentru pacea lumii, \u00een conformitate cu tradi\u021bia \u0219i \u00eenv\u0103\u021b\u0103tura Bisericii Ortodoxe.<\/p>\n<p>Comunicatul aten\u021bioneaz\u0103 opinia public\u0103 asupra faptului c\u0103 \u201eMitropolia Chi\u0219in\u0103ului \u0219i a \u00eentregii Moldove, prin intermediul Sectorului Sinodal pentru comunicare institu\u021bional\u0103 \u0219i rela\u021bii cu mass-media, furnizeaz\u0103 informa\u021bii corecte \u0219i transparente \u00een ceea ce prive\u0219te activitatea \u0219i pozi\u021bia Bisericii noastre \u0219i \u00eendeamn\u0103 mass-media \u0219i publicul s\u0103 se documenteze din acest\u0103 surs\u0103 oficial\u0103.\u201d<\/p>\n<p>De asemenea, comunicatul reaminte\u0219te c\u0103 \u00een prima sa reac\u021bie la r\u0103zboiul din \u021bara vecin\u0103, la 24 februarie 2022, \u00cenaltpreasfin\u021bitul mitropolit Vladimir a chemat clerul \u0219i credincio\u0219ii s\u0103 se roage \u201epentru o bun\u0103 \u00een\u021belegere \u00eentre popoare, fiind \u00een profund\u0103 rug\u0103ciune al\u0103turi de cei suferinzi\u201d, iar la 3 martie 2022 Biserica Ortodox\u0103 din Moldova a remis o circular\u0103 cu textul rug\u0103ciunii pentru \u00eencetarea r\u0103zboiului.<\/p>\n<p style=\"text-align: right;\"><em>Surs\u0103: <a href=\"https:\/\/mitropolia.md\/mitropolia-chisinaului-si-a-intregii-moldove-dezaproba-si-respinge-informatiile-referitoare-la-presupusa-cerere-a-patriarhiei-moscovei-de-a-se-ruga-pentru-rusia\/?fbclid=IwAR2DQRzNNCjvmtLlqc0QBOc5TddRr_DyXvqqkF37bOsVsSWLdtISTRRclDE_aem_AeoLIR3w33W3jMd_IGYQGl4FNY4WiFzlCud6JqvPfW2EEIA5sjUjPVqeCvpevZJull4\"><strong>Mitropolia Chi\u015fin\u0103ului \u015fi a \u00eentregii Moldove<\/strong><\/a><\/em><\/p>\n","protected":false},"excerpt":{"rendered":"<p>\u00centr-un comunicat de pres\u0103 emis de Sectorul Sinodal pentru comunicare institu\u021bional\u0103 \u0219i rela\u021bii cu mass-media al Bisericii Ortodoxe din Moldova se men\u021bioneaz\u0103&hellip;<\/p>\n","protected":false},"author":3,"featured_media":5663,"comment_status":"open","ping_status":"closed","sticky":false,"template":"","format":"standard","meta":{"_lmt_disableupdate":"","_lmt_disable":"","slim_seo":{"title":"Patriarhia Moscovei nu cere de la Biserica Ortodox\u0103 din Moldova s\u0103 se roage pentru victoria Rusiei \u00een r\u0103zboiul din Ucraina - traditia.md","description":"\u00centr-un comunicat de pres\u0103 emis de Sectorul Sinodal pentru comunicare institu\u021bional\u0103 \u0219i rela\u021bii cu mass-media al Bisericii Ortodoxe din Moldova se men\u021bioneaz\u0103 c"},"footnotes":""},"categories":[39,38],"tags":[],"class_list":["post-25216","post","type-post","status-publish","format-standard","has-post-thumbnail","hentry","category-biserica-si-societatea","category-stiri"],"_links":{"self":[{"href":"https:\/\/traditia.md\/ro\/wp-json\/wp\/v2\/posts\/25216","targetHints":{"allow":["GET"]}}],"collection":[{"href":"https:\/\/traditia.md\/ro\/wp-json\/wp\/v2\/posts"}],"about":[{"href":"https:\/\/traditia.md\/ro\/wp-json\/wp\/v2\/types\/post"}],"author":[{"embeddable":true,"href":"https:\/\/traditia.md\/ro\/wp-json\/wp\/v2\/users\/3"}],"replies":[{"embeddable":true,"href":"https:\/\/traditia.md\/ro\/wp-json\/wp\/v2\/comments?post=25216"}],"version-history":[{"count":0,"href":"https:\/\/traditia.md\/ro\/wp-json\/wp\/v2\/posts\/25216\/revisions"}],"wp:featuredmedia":[{"embeddable":true,"href":"https:\/\/traditia.md\/ro\/wp-json\/wp\/v2\/media\/5663"}],"wp:attachment":[{"href":"https:\/\/traditia.md\/ro\/wp-json\/wp\/v2\/media?parent=25216"}],"wp:term":[{"taxonomy":"category","embeddable":true,"href":"https:\/\/traditia.md\/ro\/wp-json\/wp\/v2\/categories?post=25216"},{"taxonomy":"post_tag","embeddable":true,"href":"https:\/\/traditia.md\/ro\/wp-json\/wp\/v2\/tags?post=25216"}],"curies":[{"name":"wp","href":"https:\/\/api.w.org\/{rel}","templated":true}]}}