{"id":25208,"date":"2024-04-02T08:59:40","date_gmt":"2024-04-02T06:59:40","guid":{"rendered":"https:\/\/traditia.md\/?p=25208"},"modified":"2024-04-02T08:59:40","modified_gmt":"2024-04-02T06:59:40","slug":"vocea-microfonica-formala-a-timpului-desartaciunea-omului-pe-pamant","status":"publish","type":"post","link":"https:\/\/traditia.md\/ro\/vocea-microfonica-formala-a-timpului-desartaciunea-omului-pe-pamant\/","title":{"rendered":"Vocea microfonic\u0103 formal\u0103 a timpului \u2013 de\u0219\u0103rt\u0103ciunea omului pe p\u0103m\u00e2nt"},"content":{"rendered":"<p>Adeseori m\u0103 impun din toat\u0103 puterea, s\u0103-i ascult \u0219i s\u0103-i \u00een\u021beleg pe unii oameni, asist\u00e2nd cum vorbesc la diferite activit\u0103\u021bi culturale, simpozioane, conferin\u021be at\u00e2t or\u0103\u0219ene\u0219ti c\u00e2t \u0219i republicane, inclusiv interna\u021bionale, ba chiar \u0219i \u00een via\u021ba cea de toate zilele \u2013 stau \u0219i-i privesc de departe cum vorbesc la microfon \u0219i mi se ridic\u0103 s\u00e2ngele \u00een obraji, enerv\u00e2ndu-m\u0103 la culme de prostia \u0219i de\u0219ert\u0103ciunea lor, cum vorbesc \u0219i manifest\u0103 formalismul timpului f\u0103r\u0103 nicio leg\u0103tur\u0103 nici cu cerul, nici cu p\u0103m\u00e2ntul. M\u00e2ndria, neadev\u0103rul vie\u021bii \u0219i lucrarea diavoleasc\u0103 sunt a\u0219ezate azi \u00een capul mesei timpului. \u00cei privesc prin tensiunea r\u0103bd\u0103rii, cu greu; or, nici auzul nu mai poate primi formalismul, rutina ideilor proaste, vorb\u0103raia lung\u0103 \u0219i goal\u0103.<\/p>\n<p>Este o boal\u0103 grea a omului care se nume\u0219te m\u00e2ndria, capacitatea sa de a ar\u0103ta \u00een societatea unde se afl\u0103 c\u0103 el e cel mai \u00een\u021belept, cel mai de\u0219tept, dar practic acest om nu are nicio valoare, nu spune nimic societ\u0103\u021bii \u0219i nu \u00eenva\u021b\u0103 nimic de bine societatea. Prin vorbele sale, el arat\u0103 c\u0103 este mereu \u00eencrezut \u00een sine, se iube\u0219te la nebunie \u0219i nu vrea niciodata s\u0103 cedeze \u00een fa\u021ba lumii.<\/p>\n<p>Astfel de oameni ne domin\u0103 permanent \u00een societate, \u0219i la serviciu, chiar \u0219i acas\u0103 \u0219i peste tot. Ei nu \u00een\u021beleg c\u0103 a\u0219a cum se prezint\u0103 ei \u00een\u0219i\u0219i sunt un p\u0103cat strig\u0103tor la cer, induc\u00e2nd \u00een eroare o lume \u00eentreag\u0103 \u00een eroare.<\/p>\n<p>Este o vob\u0103 pe care to\u021bi o repet\u0103m mai \u00een fiece zi: \u201eProst s\u0103 fii, noroc sa ai\u201d. Cam din ace\u0219tea ne conduc peste tot locul, ani de zile, decenii. \u0218i toat\u0103 lumea din jur trebuie s\u0103 se plece \u00een fa\u021ba unui om prost la minte, necalificat, nepriceput. O, Doamne, dar \u00een c\u00e2te organiza\u021bii de stat sau institu\u021bii de \u00eenv\u0103\u021b\u0103m\u00e2nt, de cultur\u0103, \u00een ministere ocup\u0103 func\u021bii de r\u0103spundere astfel de oameni! Cum ajung asemenea oameni la conducere, asta noi o \u0219tim! Evident, din cauza unor astfel de oameni \u021bara e slab dezvoltat\u0103, s\u0103rac\u0103, corupt\u0103, se \u00eempiedic\u0103 cu fel de fel de probleme \u0219i nu poate merge \u00eenainte. \u0218i asta \u00een timp ce \u00een lume sunt \u021b\u0103ri de\u0219i mici, dar dezvoltate din toate punctele de vedere, \u00een care oamenii au un trai decent \u0219i salarii rezistente la via\u021b\u0103.<\/p>\n<p>Cui trebuie \u00een ziua de azi discursurile lungi f\u0103r\u0103 valoare \u0219i idei? La ce ne trebuie rapoarte anuale, de\u0219arte \u0219i goale, cu cifre \u0219i fapte neadev\u0103rate, proiecte \u00een care se spal\u0103 doar banii, iar ideile \u0219i scopurile lor r\u0103m\u00e2n doar pe h\u00e2rtie? C\u00e2t curent electric trebuie s\u0103 mai consum\u0103m pentru aceast\u0103 via\u021b\u0103 plin\u0103 de formalism \u0219i rutin\u0103? C\u00e2t\u0103 h\u00e2rtie printat\u0103 \u0219i trecut\u0103 prin tiparele timpului trebuie s\u0103 arunc\u0103m la maculatur\u0103? C\u00e2te c\u0103r\u021bi proaste de poezie \u0219i proz\u0103, publicistic\u0103, texte f\u0103r\u0103 nicio valoare se scriu \u00een toate domeniile vie\u021bii? C\u00e2te teze de doctor \u0219i habilit\u0103ri \u0219tiin\u021bifice curg pe g\u00e2rla timpului?..<\/p>\n<p>Lumea este imperfect\u0103. Mult \u00eenseamn\u0103 nu cum o g\u0103se\u0219ti c\u00e2nd vii \u00een aceast\u0103 lume, dar cum o la\u0219i c\u00e2nd o p\u0103r\u0103se\u0219ti. Ca \u0219i cre\u0219tini avem datoria s\u0103 o facem mai corect\u0103, mai bun\u0103, poate chiar mai frumoas\u0103, dar schimbarea trebuie s-o \u00eencepem de la noi.<\/p>\n<p>Cum \u00een via\u021b\u0103 s\u0103 te mul\u021bume\u0219ti cu victorii \u00eenchipuite, de\u0219arte, auzind acelea\u0219i voci microfonice \u0219i cum s\u0103 te mul\u021bume\u0219ti de faptul c\u0103 ele au evoluat \u00een ziua curent\u0103 sau anul trecut? Cred c\u0103 trebuie s\u0103 ne lupt\u0103m cu nedreptatea \u0219i minciuna\u2026 Pentru aceasta e nevoie nu doar de talent, \u00een\u021belepciune, inspira\u021bie, dar e nevoie de mult\u0103 munc\u0103 \u0219i de caracter.<\/p>\n<p>Pentru fericire \u0219i realizarea unui plan concret, omul are nevoie de dou\u0103 lucruri: dragoste pentru ceea ce face \u0219i mult\u0103 voca\u021bie, dar ambele s\u0103 aib\u0103 p\u00e2rghii adev\u0103rate. Victoria nu se ob\u021bine prin de\u0219ert\u0103ciune, ea este dincolo de imposibil \u0219i singura lupt\u0103 din care po\u021bi s\u0103 ie\u0219i \u00eencununat de succes e b\u0103t\u0103lia cu propriile tale neajunsuri de via\u021b\u0103. S\u0103 te \u00eentrebi \u00een fiece zi ce se \u00eent\u00e2mpl\u0103 cu sufletul t\u0103u, mergi corect prin via\u021b\u0103? Oare sufletul t\u0103u este luminat de virtu\u021biile cre\u0219tine? De care duh este condus sufletul t\u0103u, de duhul dumnezeiesc sau de cel diavolesc? Cu cine se sf\u0103tuie sufletul t\u0103u mereu \u00een tot ce tr\u0103ie\u0219ti, cu lumea mirean\u0103 sau cu puterea de Sus?<\/p>\n<p><img fetchpriority=\"high\" decoding=\"async\" class=\"size-full wp-image-25209 aligncenter\" src=\"https:\/\/traditia.md\/wp-content\/uploads\/2024\/04\/1a12.jpg\" alt=\"1\u043012\" width=\"750\" height=\"500\" srcset=\"https:\/\/traditia.md\/wp-content\/uploads\/2024\/04\/1a12.jpg 750w, https:\/\/traditia.md\/wp-content\/uploads\/2024\/04\/1a12-300x200.jpg 300w, https:\/\/traditia.md\/wp-content\/uploads\/2024\/04\/1a12-585x390.jpg 585w, https:\/\/traditia.md\/wp-content\/uploads\/2024\/04\/1a12-263x175.jpg 263w\" sizes=\"(max-width: 750px) 100vw, 750px\" \/><\/p>\n<p>Omul trebuie s\u0103-\u0219i dee seama, oric\u00e2t de t\u00e2rziu ar fi, c\u0103 mereu trebuie s\u0103 aib\u0103 grij\u0103 de suflet. Sufletul are nevoie de lumin\u0103 \u0219i c\u0103ldur\u0103, a\u0219a precum \u0219i casa \u00een care tr\u0103ie\u0219ti. Sufletul are nevoie de lini\u0219te \u0219i de iubire ca s\u0103 conlucreze cu mintea \u0219i cu trupul!<\/p>\n<p>Octavian Goga a spus: <em>\u201eSufletul nostru e o urn\u0103 \u00een care \u00eenchidem cenu\u015fa patimilor stinse, iar eu obi\u0219nuiam s\u0103 fac asta f\u0103r\u0103 s\u0103 \u00eemi dau seama c\u0103 cenu\u0219a patimilor mele avea la un moment dat s\u0103 \u00eemi d\u0103uneze. Ast\u0103zi lucrez \u00eenc\u0103 la cur\u0103\u021barea sufletului \u0219i \u00een fiecare zi observ cum raze de lumin\u0103 p\u0103trund \u00een interiorul meu \u0219i m\u0103 vindec\u0103. \u0218i c\u00e2t de \u00eensetat\u0103 sunt s\u0103 primesc lumina vindec\u0103toare \u00een sufletul meu!&#8230; Te sf\u0103tuiesc s\u0103 prive\u0219ti \u0219i tu \u00een sufletul t\u0103u \u0219i s\u0103 stai de vorb\u0103 cu el. Afl\u0103 ce i-ai oferit \u0219i nu i-a pl\u0103cut, afl\u0103 \u00een ce stadiu l-ai adus \u0219i ce \u00ee\u0219i dore\u0219te ca s\u0103 fie fericit. Lucrez\u0103 cu el \u0219i te va r\u0103spl\u0103ti \u00een cele mai frumoase \u0219i binecuv\u00e2ntate moduri.\u201d<\/em><\/p>\n<p>Dac\u0103 fiecare om \u00een parte ar lucra cu sufletul s\u0103u, mai ales \u00een perioada Postului Mare, sunt sigur\u0103 c\u0103 nu doar oamenii, ci \u0219i \u021bara va prospera, luminat\u0103 fiind de aura Lui Dumnezeu.<\/p>\n<p style=\"text-align: right;\"><strong><em>Raisa Pl\u0103ie\u0219u pentru Traditia.md<\/em><\/strong><\/p>\n","protected":false},"excerpt":{"rendered":"<p>Adeseori m\u0103 impun din toat\u0103 puterea, s\u0103-i ascult \u0219i s\u0103-i \u00een\u021beleg pe unii oameni, asist\u00e2nd cum vorbesc la diferite activit\u0103\u021bi culturale, simpozioane,&hellip;<\/p>\n","protected":false},"author":3,"featured_media":25211,"comment_status":"open","ping_status":"closed","sticky":false,"template":"","format":"standard","meta":{"_lmt_disableupdate":"","_lmt_disable":"","slim_seo":{"title":"Vocea microfonic\u0103 formal\u0103 a timpului \u2013 de\u0219\u0103rt\u0103ciunea omului pe p\u0103m\u00e2nt - traditia.md","description":"Adeseori m\u0103 impun din toat\u0103 puterea, s\u0103-i ascult \u0219i s\u0103-i \u00een\u021beleg pe unii oameni, asist\u00e2nd cum vorbesc la diferite activit\u0103\u021bi culturale, simpozioane, conferin\u021be"},"footnotes":""},"categories":[44,38],"tags":[],"class_list":["post-25208","post","type-post","status-publish","format-standard","has-post-thumbnail","hentry","category-actualitate","category-stiri"],"_links":{"self":[{"href":"https:\/\/traditia.md\/ro\/wp-json\/wp\/v2\/posts\/25208","targetHints":{"allow":["GET"]}}],"collection":[{"href":"https:\/\/traditia.md\/ro\/wp-json\/wp\/v2\/posts"}],"about":[{"href":"https:\/\/traditia.md\/ro\/wp-json\/wp\/v2\/types\/post"}],"author":[{"embeddable":true,"href":"https:\/\/traditia.md\/ro\/wp-json\/wp\/v2\/users\/3"}],"replies":[{"embeddable":true,"href":"https:\/\/traditia.md\/ro\/wp-json\/wp\/v2\/comments?post=25208"}],"version-history":[{"count":0,"href":"https:\/\/traditia.md\/ro\/wp-json\/wp\/v2\/posts\/25208\/revisions"}],"wp:featuredmedia":[{"embeddable":true,"href":"https:\/\/traditia.md\/ro\/wp-json\/wp\/v2\/media\/25211"}],"wp:attachment":[{"href":"https:\/\/traditia.md\/ro\/wp-json\/wp\/v2\/media?parent=25208"}],"wp:term":[{"taxonomy":"category","embeddable":true,"href":"https:\/\/traditia.md\/ro\/wp-json\/wp\/v2\/categories?post=25208"},{"taxonomy":"post_tag","embeddable":true,"href":"https:\/\/traditia.md\/ro\/wp-json\/wp\/v2\/tags?post=25208"}],"curies":[{"name":"wp","href":"https:\/\/api.w.org\/{rel}","templated":true}]}}