{"id":25189,"date":"2024-04-01T09:48:57","date_gmt":"2024-04-01T07:48:57","guid":{"rendered":"https:\/\/traditia.md\/?p=25189"},"modified":"2024-04-01T09:49:41","modified_gmt":"2024-04-01T07:49:41","slug":"intaistatatorul-bisericii-ortodoxe-ruse-despre-paguba-duhovniceasca-a-pacatului-osandirii","status":"publish","type":"post","link":"https:\/\/traditia.md\/ro\/intaistatatorul-bisericii-ortodoxe-ruse-despre-paguba-duhovniceasca-a-pacatului-osandirii\/","title":{"rendered":"\u00cent\u00e2ist\u0103t\u0103torul Bisericii Ortodoxe Ruse despre paguba duhovniceasc\u0103 a p\u0103catului os\u00e2ndirii"},"content":{"rendered":"<p><strong><em>Os\u00e2ndirea mai este periculoas\u0103 \u0219i prin aceea c\u0103 este p\u0103cat \u00eempotriva lui Dumnezeu: judec\u00e2nd pe altul, noi ne atribuim acel drept, care apar\u0163ine doar Lui, c\u0103ci nimeni \u00een afar\u0103 de Domnul, nu poate vedea cele tainice \u015fi ascunse care sunt prezente \u00een ad\u00e2ncul inimii omene\u015fti. Apreciind pe om doar dup\u0103 manifest\u0103rile sale exterioare, dup\u0103 cuvinte sau fapte, f\u0103r\u0103 a vedea \u015fi a \u00een\u0163elege ceea ce se petrece \u00een sufletul lui, noi nu putem scoate o sentin\u0163\u0103 dreapt\u0103. Iat\u0103 din ce cauz\u0103, r\u0103pind dreptul Domnului de a judeca, noi neap\u0103rat p\u0103c\u0103tuim \u015fi \u00eempotriva lui Dumnezeu, \u015fi \u00eempotriva omului.<\/em><\/strong><\/p>\n<p><strong>Pe parcurul primelor dou\u0103 s\u0103pt\u0103m\u00e2ni ale Postului Mare portalul nostru a publicat o serie de predici ale Sanctit\u0103\u021bii Sale Patriarhul Chiril din anul 2011 dedicate rug\u0103ciunii Cuviosului Efrem Sirul \u201eDoamne \u0219i St\u0103p\u00e2nul vie\u021bii mele&#8230;\u201d care se cite\u0219te \u00een acest post. \u00cen \u00eencheierea seriei public\u0103m predica \u00cent\u00e2ist\u0103t\u0103torului, rostit\u0103 \u00een data de 11 martie a aceluia\u0219i an, dup\u0103 slujba de diminea\u021b\u0103 \u00een ziua de vineri a Primei S\u0103pt\u0103m\u00e2ni din Postul Mare \u00een Catedrala \u201e\u00cent\u00e2mpinarea Icoanei Maicii Domnului de Vladimir\u201d de la M\u0103n\u0103stirea stavropighial\u0103 de c\u0103lug\u0103rii cu acela\u0219i hram din ora\u0219ul Moscova.<\/strong><\/p>\n<p>Rug\u0103ciunea Cuviosului Efrem Sirul, pe care noi o citim de multe ori pe parcursul Postului Mare, se termin\u0103 prin cuvinte semnificative: <em>\u201eA\u015fa Doamne, \u00cemp\u0103rate, d\u0103ruie\u015fte-mi ca s\u0103-mi v\u0103d gre\u015falele mele \u015fi s\u0103 nu os\u00e2ndesc pe fratele meu, c\u0103 binecuv\u00e2ntat e\u015fti \u00een vecii vecilor. Amin\u201d<\/em>. Noi rug\u0103m ca Domnul s\u0103 ne dea capacitatea s\u0103 ne vedem p\u0103catul nostru, nedreptatea noastr\u0103 \u015fi s\u0103 nu os\u00e2ndim pe aproapele.<\/p>\n<p>De ce anume cu aceste cuvinte \u00eencheie Cuviosul rug\u0103ciunea sa? Doar \u00een ea se con\u0163in \u015fi alte rug\u0103min\u0163i foarte importante \u2013 despre izb\u0103virea de viciile ru\u015finoase ale tr\u00e2nd\u0103viei, deprim\u0103rii, iubirii de st\u0103p\u00e2nire, vorbirii \u00een de\u015fert, precum \u015fi despre d\u0103ruirea marilor virtu\u0163i \u2013 a cur\u0103\u0163iei, a g\u00e2ndului smerit, a r\u0103bd\u0103rii \u015fi a dragostei. \u00cens\u0103 nevoin\u0163a duhovniceasc\u0103, lupta duhovniceasc\u0103, cre\u015fterea duhovniceasc\u0103 a omului \u00eencepe anume de la dezvoltarea capacit\u0103\u0163ii de a-\u015fi vedea p\u0103catele \u015fi a nu os\u00e2ndi pe al\u0163ii.<\/p>\n<p>Fiecare cunoa\u015fte ce sentimente nepl\u0103cute \u015fi chiar durere ne provoac\u0103 persoana care arat\u0103 la neajunsurile noastre \u2013 deseori deja aceasta este de ajuns ca ea s\u0103 devin\u0103 du\u015fmanul nostru. \u00cens\u0103 sufletul se \u00eembolde\u015fte \u015fi atunci c\u00e2nd noi, medit\u00e2nd la via\u0163a noastr\u0103 interioar\u0103, singuri ne\u00a0 demasc\u0103m. Orice g\u00e2nd despre p\u0103catele proprii, despre neadev\u0103rul nostru este greu pentru noi \u2013 iat\u0103 de ce \u00eentotdeauna ne str\u0103duim s\u0103 alung\u0103m un astfel de g\u00e2nduri. Pentru ca s\u0103 ne calm\u0103m, s\u0103 adormim propria con\u015ftiin\u0163\u0103, noi de cele mai dese ori compar\u0103m faptele noastre cu faptele oamenilor de l\u00e2ng\u0103 noi, subliniind \u00een acela\u015fi timp c\u0103 aceia, cic\u0103, fac mai multe p\u0103cate dec\u00e2t noi.<\/p>\n<p>\u00cens\u0103, \u00een mod boln\u0103vicios reac\u0163ion\u00e2nd la orice indicare a p\u0103catelor noastre, care provine at\u00e2t din exterior, c\u00e2t \u015fi de la noi \u00een\u015fine, noi cu u\u015furin\u0163\u0103 judec\u0103m pe al\u0163ii. Dup\u0103 cuv\u00e2ntul Evangheliei, vedem <em>paiul din ochiul fratelui nostru<\/em> (Mt. 7:3-5). Mai mult ca at\u00e2t, os\u00e2ndirea aproapelui ne provoac\u0103 un sentiment de satisfac\u0163ie \u015fi chiar pl\u0103cere. Are loc aceasta din cauza c\u0103, demasc\u00e2nd pe altul, noi \u00een chip nev\u0103dit ne \u00een\u0103l\u0163\u0103m pe sine. Anume de aceea acest viciu este at\u00e2t de r\u0103sp\u00e2ndit printre oameni.<\/p>\n<p>G\u00e2ndind la tema respectiv\u0103, sihastrul egiptean avva Isaia a spus cuvinte \u00een\u0163elepte: \u201eAcela \u00eel os\u00e2nde\u015fte pe aproapele s\u0103u, care nu pl\u00e2nge pentru propriile p\u0103cate\u201d. \u00centr-adev\u0103r, dac\u0103 noi pl\u00e2ngem pentru p\u0103catele noastre, vedem f\u0103r\u0103delegile noastre, unde s\u0103 mai dojenim pe al\u0163ii?! Iat\u0103 de ce vederea propriilor vicii este legat\u0103 indisolubil de p\u0103catul os\u00e2ndirii: vedem p\u0103catele noastre \u2013 nu os\u00e2ndim pe aproapele, nu observ\u0103m p\u0103catele noastre \u2013 cu u\u015furin\u0163\u0103 \u015fi cu pl\u0103cere os\u00e2ndim pe al\u0163ii.<\/p>\n<p>Os\u00e2ndirea mai este periculoas\u0103 \u0219i prin aceea c\u0103 este p\u0103cat \u00eempotriva lui Dumnezeu: judec\u00e2nd pe altul, noi ne atribuim acel drept, care apar\u0163ine doar Lui, c\u0103ci nimeni \u00een afar\u0103 de Domnul, nu poate vedea cele tainice \u015fi ascunse care sunt prezente \u00een ad\u00e2ncul inimii omene\u015fti. Apreciind pe om doar dup\u0103 manifest\u0103rile sale exterioare, dup\u0103 cuvinte sau fapte, f\u0103r\u0103 a vedea \u015fi a \u00een\u0163elege ceea ce se petrece \u00een sufletul lui, noi nu putem scoate o sentin\u0163\u0103 dreapt\u0103. Iat\u0103 din ce cauz\u0103, r\u0103pind dreptul Domnului de a judeca, noi neap\u0103rat p\u0103c\u0103tuim \u015fi \u00eempotriva lui Dumnezeu, \u015fi \u00eempotriva omului.<\/p>\n<p>\u201eDoar acela judec\u0103 \u015fi os\u00e2nde\u015fte pe cel c\u0103zut, care nu \u015ftie c\u0103 Judec\u0103torul este Prea\u00een\u0163elept \u015fi Milostiv\u201d, spune Sf\u00e2ntul Ierarh Ioan Gur\u0103 de Aur. \u00centr-adev\u0103r, Judec\u0103tor pentru fiecare om este doar \u00censu\u015fi Dumnezeu. Nou\u0103 nu ne este dat s\u0103 judec\u0103m pe al\u0163ii, \u00eens\u0103 noi avem dreptul s\u0103 ne\u00a0 clarific\u0103m cu propriul suflet, s\u0103 ne vedem p\u0103catele proprii, s\u0103 aducem lui Dumnezeu poc\u0103in\u0163\u0103 sincer\u0103 \u015fi, ca r\u0103spuns, s\u0103 primim iertare de p\u0103cate.<\/p>\n<p><em>\u201eDoamne \u015fi St\u0103p\u00e2nul vie\u0163ii mele, duhul tr\u00e2nd\u0103viei, al grijii de multe, al iubirii de st\u0103p\u00e2nire \u015fi al gr\u0103irii \u00een de\u015fert nu mi-l da mie\u201d.<\/em> D\u0103-mi, Doamne, puteri s\u0103 m\u0103 eliberez de viciile care s-au \u00eencuibat \u00een inima mea; iar c\u00e2nd voi p\u0103c\u0103tui, atunci <em>\u201ed\u0103ruie\u015fte-mi ca s\u0103-mi v\u0103d gre\u015falele mele \u015fi s\u0103 nu os\u00e2ndesc pe fratele meu, c\u0103 binecuv\u00e2ntat e\u015fti \u00een vecii vecilor. Amin\u201d<\/em>.<\/p>\n<p style=\"text-align: right;\"><strong><em>Din cartea \u00ab\u041f\u0430\u0442\u0440\u0438\u0430\u0440\u0445 \u041c\u043e\u0441\u043a\u043e\u0432\u0441\u043a\u0438\u0439 \u0438 \u0432\u0441\u0435\u044f \u0420\u0443\u0441\u0438 \u041a\u0438\u0440\u0438\u043b\u043b. \u0422\u0430\u0439\u043d\u0430 \u043f\u043e\u043a\u0430\u044f\u043d\u0438\u044f.<br \/>\n\u0412\u0435\u043b\u0438\u043a\u043e\u043f\u043e\u0441\u0442\u043d\u044b\u0435 \u043f\u0440\u043e\u043f\u043e\u0432\u0435\u0434\u0438 (2001\u20132011). \u041c\u043e\u0441\u043a\u0432\u0430, 2012\u00bb<\/em><\/strong><\/p>\n","protected":false},"excerpt":{"rendered":"<p>Os\u00e2ndirea mai este periculoas\u0103 \u0219i prin aceea c\u0103 este p\u0103cat \u00eempotriva lui Dumnezeu: judec\u00e2nd pe altul, noi ne atribuim acel drept, care&hellip;<\/p>\n","protected":false},"author":3,"featured_media":25187,"comment_status":"open","ping_status":"closed","sticky":false,"template":"","format":"standard","meta":{"_lmt_disableupdate":"","_lmt_disable":"","slim_seo":{"title":"\u00cent\u00e2ist\u0103t\u0103torul Bisericii Ortodoxe Ruse despre paguba duhovniceasc\u0103 a p\u0103catului os\u00e2ndirii - traditia.md","description":"Os\u00e2ndirea mai este periculoas\u0103 \u0219i prin aceea c\u0103 este p\u0103cat \u00eempotriva lui Dumnezeu: judec\u00e2nd pe altul, noi ne atribuim acel drept, care apar\u0163ine doar Lui, c\u0103ci n"},"footnotes":""},"categories":[40,38],"tags":[],"class_list":["post-25189","post","type-post","status-publish","format-standard","has-post-thumbnail","hentry","category-apararea-credintei","category-stiri"],"_links":{"self":[{"href":"https:\/\/traditia.md\/ro\/wp-json\/wp\/v2\/posts\/25189","targetHints":{"allow":["GET"]}}],"collection":[{"href":"https:\/\/traditia.md\/ro\/wp-json\/wp\/v2\/posts"}],"about":[{"href":"https:\/\/traditia.md\/ro\/wp-json\/wp\/v2\/types\/post"}],"author":[{"embeddable":true,"href":"https:\/\/traditia.md\/ro\/wp-json\/wp\/v2\/users\/3"}],"replies":[{"embeddable":true,"href":"https:\/\/traditia.md\/ro\/wp-json\/wp\/v2\/comments?post=25189"}],"version-history":[{"count":0,"href":"https:\/\/traditia.md\/ro\/wp-json\/wp\/v2\/posts\/25189\/revisions"}],"wp:featuredmedia":[{"embeddable":true,"href":"https:\/\/traditia.md\/ro\/wp-json\/wp\/v2\/media\/25187"}],"wp:attachment":[{"href":"https:\/\/traditia.md\/ro\/wp-json\/wp\/v2\/media?parent=25189"}],"wp:term":[{"taxonomy":"category","embeddable":true,"href":"https:\/\/traditia.md\/ro\/wp-json\/wp\/v2\/categories?post=25189"},{"taxonomy":"post_tag","embeddable":true,"href":"https:\/\/traditia.md\/ro\/wp-json\/wp\/v2\/tags?post=25189"}],"curies":[{"name":"wp","href":"https:\/\/api.w.org\/{rel}","templated":true}]}}