{"id":25024,"date":"2024-03-26T15:02:31","date_gmt":"2024-03-26T13:02:31","guid":{"rendered":"https:\/\/traditia.md\/?p=25024"},"modified":"2024-03-26T15:03:39","modified_gmt":"2024-03-26T13:03:39","slug":"patriarhul-chiril-rabdarea-este-calea-spre-dobandirea-multor-virtuti","status":"publish","type":"post","link":"https:\/\/traditia.md\/ro\/patriarhul-chiril-rabdarea-este-calea-spre-dobandirea-multor-virtuti\/","title":{"rendered":"Patriarhul Chiril: \u201eR\u0103bdarea este calea spre dob\u00e2ndirea multor virtu\u0163i\u201d"},"content":{"rendered":"<p><strong><em>Predica rostit\u0103 dup\u0103 slujba de diminea\u021b\u0103 \u00een ziua de joi a Primei S\u0103pt\u0103m\u00e2ni din Postul Mare s\u0103v\u00e2r\u0219it\u0103 la biserica \u00een cinstea Icoanei Maicii Domnului de Kazani de la M\u0103n\u0103stirea stavropighial\u0103 de c\u0103lug\u0103ri\u021be \u201eNa\u0219terea Maicii Domnului\u201d din Moscova la 10 martie 2011.<\/em><\/strong><\/p>\n<p>\u00cen numele Tat\u0103lui \u015fi Fiului \u015fi Sf\u00e2ntului Duh!<\/p>\n<p><em>\u201eDuhul cur\u0103\u0163iei, al g\u00e2ndului smerit, al r\u0103bd\u0103rii \u015fi al dragostei d\u0103ruie\u015fte-l mie, slugii Tale<\/em>\u201d \u2013 cu aceste cuvinte ne rug\u0103m noi \u00een timpul Postului Mare prin cuvintele sf\u00e2ntului Efrem Sirul. \u00cen aceste rug\u0103min\u0163i se pomene\u015fte o virtute deosebit\u0103 \u2013 r\u0103bdarea.<\/p>\n<p>Ce spun despre r\u0103bdare sfin\u0163ii p\u0103rin\u0163i? \u201eR\u0103bdarea este r\u0103d\u0103cina tuturor bun\u0103t\u0103\u0163ilor\u201d, ne \u00eenva\u0163\u0103 sf\u00e2ntul ierarh Ioan Gur\u0103 de Aur. \u201eCine nu are r\u0103bdare, acela este lipsit de n\u0103dejde, de aceea implor pe fiecare s\u0103 dob\u00e2ndeasc\u0103 r\u0103bdare, ca s\u0103 se m\u00e2ntuiasc\u0103\u201d, ne spune acela\u015fi cuvios Efrem Sirul. Iar la sf\u00e2ntul Ioan Casian Romanul noi g\u0103sim \u00eenv\u0103\u0163\u0103tura despre faptul c\u0103 monahul trebuie s\u0103 dezvolte \u00een sine r\u0103bdarea pe baza smereniei, deoarece r\u0103bdarea nu este posibil s-o dob\u00e2nde\u015fti \u201eatunci c\u00e2nd nimeni nu te va am\u0103r\u00ee, ceea ce, de altfel, nu este \u00een puterea ta, dar mai bine s\u0103 o dob\u00e2nde\u015fti prin smerenia \u015fi m\u0103rinimia ta, ceea ce este \u00een puterea ta\u201d. Cu alte cuvinte, dac\u0103 cineva manifest\u0103 fa\u0163\u0103 de noi o atitudine plin\u0103 de virtu\u0163i, atunci \u00een ce const\u0103 r\u0103bdarea noastr\u0103?<\/p>\n<p>Din aceste m\u0103rturii ale sfin\u0163ilor p\u0103rin\u0163i noi conchidem c\u0103 virtutea r\u0103bd\u0103rii are o importan\u0163\u0103 deosebit\u0103 pentru via\u0163a duhovniceasc\u0103 a omului. R\u0103bdarea este capacitatea de a reac\u0163iona la r\u0103ul ce se refer\u0103 la noi f\u0103r\u0103 a ne pierde calmul, f\u0103r\u0103 a cheltui energia noastr\u0103 interioar\u0103, f\u0103r\u0103 a c\u0103dea \u00een c\u00e2rtire, m\u00e2nie, r\u0103utate, f\u0103r\u0103 dorin\u0163\u0103 de a ne r\u0103zbuna.<\/p>\n<p>Uneori r\u0103bdarea\u00a0 este asociat\u0103 cu capacitatea omului s\u0103 conduc\u0103 cu propriile emo\u0163ii. \u00cen aceste cazuri despre el se spune: este o persoan\u0103 cu voin\u0163\u0103 \u015fi este \u00een stare s\u0103 nu se irite ca r\u0103spuns la r\u0103ul care i se pricinuie\u015fte. F\u0103r\u0103 doar \u015fi poate, \u00een \u00eencerc\u0103rile noastre de a dob\u00e2ndi r\u0103bdarea este prezent\u0103 \u015fi voin\u0163a, \u00eens\u0103 aceste dou\u0103 calit\u0103\u0163i nu sunt identice \u015fi omul r\u0103bd\u0103tor nu \u00eentotdeauna posed\u0103 o putere mare de voin\u0163\u0103. R\u0103bdarea este starea duhului, doar voin\u0163a ca atare nu este suficient\u0103 aici: p\u00e2n\u0103 \u0219i cel mai volitiv om \u00eentr-un anume moment poate s\u0103 nu reziste la neadev\u0103r, la ofense, obijduiri, r\u0103bdarea i se termin\u0103. Ceea ce m\u0103rturise\u015fte c\u0103 r\u0103bdare nu a existat, ci a fost doar voin\u0163\u0103 \u015fi o bun\u0103 educa\u0163ie.<\/p>\n<p>Ce este dar r\u0103bdarea? \u2013 Este \u201er\u0103d\u0103cina tuturor bun\u0103t\u0103\u0163ilor\u201d, r\u0103spundem noi cu cuvintele lui Ioan Gur\u0103 de Aur. \u00cens\u0103 r\u0103bdarea poate fi pricina tuturor bun\u0103t\u0103\u0163ilor \u015fi a binelui doar atunci, c\u00e2nd ea este starea sufletului nostru. Iar aceasta e posibil numai dac\u0103 omul duce un mod de via\u0163\u0103 religios, c\u00e2nd \u00een centrul existen\u0163ei lui se afl\u0103 \u00censu\u015fi Dumnezeu. Dup\u0103 cum m\u0103rturise\u015fte Efrem Sirul, dac\u0103 noi n\u0103d\u0103jduim\u00a0 \u00een Dumnezeu, atunci avem r\u0103bdare.<\/p>\n<p>N\u0103dejdea \u00een Dumnezeu, sentimentul viu al credin\u0163ei, \u00een\u0163elegerea faptului c\u0103 Dumnezeu ne va ap\u0103ra, va restabili dreptatea creeaz\u0103 calmul interior al omului. R\u0103bdarea este ca un scut de ap\u0103rare al sufletului nostru de la orice circumstan\u0163e exterioare \u015fi p\u0103c\u0103toase, devenind o treapt\u0103 c\u0103tre \u00cemp\u0103r\u0103\u0163ia lui Dumnezeu.<\/p>\n<p>Omul r\u0103bd\u0103tor este acela care deja a dob\u00e2ndit \u00een sine Duhul Sf\u00e2nt. Atunci nimic nu \u00eei poate zdruncina lini\u015ftea, deoarece nici un fel de ispite diavole\u015fti din cele mai stra\u015fnice \u015fi periculoase nu sunt \u00een stare s\u0103 distrug\u0103 puterea Duhului Sf\u00e2nt. Anume \u00een acest sens noi vorbim despre r\u0103bdare ca despre virtute. R\u0103bdarea nu \u00eenseamn\u0103 s\u0103 fii \u00een supu\u015fenie de acord cu orice fel de r\u0103u, cu nedreptatea. Omul r\u0103bd\u0103tor nu este acela care plute\u015fte dus de ap\u0103, care se schimb\u0103 dup\u0103 placul lumii exterioare. Ci este omul care \u00ee\u015fi p\u0103streaz\u0103 puterea sa interioar\u0103, autonomia sa de la r\u0103ul lumii \u00eenconjur\u0103toare doar din motivul c\u0103 \u00een inima lui e prezent\u0103 reflectarea \u00cemp\u0103r\u0103\u0163iei lui Dumnezeu.<\/p>\n<p>R\u0103bdarea ca virtute ne \u00eenal\u0163\u0103 deasupra de\u015fert\u0103ciunii lumii. Omul r\u0103bd\u0103tor dob\u00e2nde\u015fte un alt unghi de vedere asupra la tot ce vede, un alt punct de reper, o alt\u0103 capacitate de a aprecia totul ce se \u00eent\u00e2mpl\u0103. \u00centr-un anumit sens r\u0103bdarea \u00eentotdeauna este o tr\u0103s\u0103tur\u0103 distinctiv\u0103 a omului \u00een\u0163elept. De aceea sunt at\u00e2t de \u00een\u0163elese cuvintele M\u00e2ntuitorului, pe care le citim \u00een Evanghelie: <em>Prin r\u0103bdarea voastr\u0103 ve\u0163i dob\u00e2ndi sufletele voastre<\/em> (Lc. 21:19).<\/p>\n<p>Cu r\u0103bdarea se f\u0103ure\u015fte puterea duhovniceasc\u0103 a omului. Iat\u0103 de ce sf\u00e2ntul cuviosul Efrem \u00een rug\u0103ciunea sa \u00cel roag\u0103 pe Dumnezeu s\u0103-i d\u0103ruiasc\u0103 aceast\u0103 virtute m\u00e2ntuitoare, iar \u00eempreun\u0103 cu el \u015fi noi de multe ori \u00een decursul Postului Mare \u00cei cerem Domnului: <em>\u201eDuhul cur\u0103\u0163iei, al g\u00e2ndului smerit, al r\u0103bd\u0103rii \u015fi al dragostei d\u0103ruie\u015fte-l mie, slugii Tale\u201d<\/em>.<\/p>\n<p>Amin.<\/p>\n<p style=\"text-align: right;\"><strong><em>Din cartea \u00ab\u041f\u0430\u0442\u0440\u0438\u0430\u0440\u0445 \u041c\u043e\u0441\u043a\u043e\u0432\u0441\u043a\u0438\u0439 \u0438 \u0432\u0441\u0435\u044f \u0420\u0443\u0441\u0438 \u041a\u0438\u0440\u0438\u043b\u043b. \u0422\u0430\u0439\u043d\u0430 \u043f\u043e\u043a\u0430\u044f\u043d\u0438\u044f.<br \/>\n\u0412\u0435\u043b\u0438\u043a\u043e\u043f\u043e\u0441\u0442\u043d\u044b\u0435 \u043f\u0440\u043e\u043f\u043e\u0432\u0435\u0434\u0438 (2001\u20132011). \u041c\u043e\u0441\u043a\u0432\u0430, 2012\u00bb<\/em><\/strong><\/p>\n<p><em>\u00cen imagine: tabloul pictorului rus Ivan Kramskoi \u201eHristos \u00een pustiu\u201d, 1872.<\/em><\/p>\n","protected":false},"excerpt":{"rendered":"<p>Predica rostit\u0103 dup\u0103 slujba de diminea\u021b\u0103 \u00een ziua de joi a Primei S\u0103pt\u0103m\u00e2ni din Postul Mare s\u0103v\u00e2r\u0219it\u0103 la biserica \u00een cinstea Icoanei&hellip;<\/p>\n","protected":false},"author":3,"featured_media":25022,"comment_status":"open","ping_status":"closed","sticky":false,"template":"","format":"standard","meta":{"_lmt_disableupdate":"","_lmt_disable":"","slim_seo":{"title":"Patriarhul Chiril: \u201eR\u0103bdarea este calea spre dob\u00e2ndirea multor virtu\u0163i\u201d - traditia.md","description":"Predica rostit\u0103 dup\u0103 slujba de diminea\u021b\u0103 \u00een ziua de joi a Primei S\u0103pt\u0103m\u00e2ni din Postul Mare s\u0103v\u00e2r\u0219it\u0103 la biserica \u00een cinstea Icoanei Maicii Domnului de Kazani de"},"footnotes":""},"categories":[40,38],"tags":[],"class_list":["post-25024","post","type-post","status-publish","format-standard","has-post-thumbnail","hentry","category-apararea-credintei","category-stiri"],"_links":{"self":[{"href":"https:\/\/traditia.md\/ro\/wp-json\/wp\/v2\/posts\/25024","targetHints":{"allow":["GET"]}}],"collection":[{"href":"https:\/\/traditia.md\/ro\/wp-json\/wp\/v2\/posts"}],"about":[{"href":"https:\/\/traditia.md\/ro\/wp-json\/wp\/v2\/types\/post"}],"author":[{"embeddable":true,"href":"https:\/\/traditia.md\/ro\/wp-json\/wp\/v2\/users\/3"}],"replies":[{"embeddable":true,"href":"https:\/\/traditia.md\/ro\/wp-json\/wp\/v2\/comments?post=25024"}],"version-history":[{"count":0,"href":"https:\/\/traditia.md\/ro\/wp-json\/wp\/v2\/posts\/25024\/revisions"}],"wp:featuredmedia":[{"embeddable":true,"href":"https:\/\/traditia.md\/ro\/wp-json\/wp\/v2\/media\/25022"}],"wp:attachment":[{"href":"https:\/\/traditia.md\/ro\/wp-json\/wp\/v2\/media?parent=25024"}],"wp:term":[{"taxonomy":"category","embeddable":true,"href":"https:\/\/traditia.md\/ro\/wp-json\/wp\/v2\/categories?post=25024"},{"taxonomy":"post_tag","embeddable":true,"href":"https:\/\/traditia.md\/ro\/wp-json\/wp\/v2\/tags?post=25024"}],"curies":[{"name":"wp","href":"https:\/\/api.w.org\/{rel}","templated":true}]}}