{"id":24916,"date":"2024-03-22T11:13:59","date_gmt":"2024-03-22T09:13:59","guid":{"rendered":"https:\/\/traditia.md\/?p=24916"},"modified":"2024-03-22T11:20:49","modified_gmt":"2024-03-22T09:20:49","slug":"orice-actiune-preoteasca-a-clericilor-opriti-de-a-sluji-cele-sfinte-nu-este-primita-de-dumnezeu-video","status":"publish","type":"post","link":"https:\/\/traditia.md\/ro\/orice-actiune-preoteasca-a-clericilor-opriti-de-a-sluji-cele-sfinte-nu-este-primita-de-dumnezeu-video\/","title":{"rendered":"Orice ac\u021biune preo\u021beasc\u0103 a clericilor opri\u021bi de a sluji cele sfinte nu este primit\u0103 de Dumnezeu (VIDEO)"},"content":{"rendered":"<p><strong><em>\u00cen leg\u0103tur\u0103 cu alunecare \u00een schism\u0103, acum c\u00e2teva zile a doi clerici din componen\u021ba Eparhiei de B\u0103l\u021bi \u0219i F\u0103le\u0219ti arhiereul titular al acesteia, arhiepiscopul Marchel, s-a adresat \u00een format video c\u0103tre enoria\u0219ii din parohiile respective, aduc\u00e2nd la cuno\u0219tin\u021ba poporului credincios informa\u021bia despre sanc\u021biunile disciplinare aplicate celor vinova\u021bi de \u00eenc\u0103lcarea legilor biserice\u0219ti.<\/em><\/strong><\/p>\n<h4><strong>Despre oprirea de la slujirea celor sfinte a preotului Ioan Mileac <\/strong><\/h4>\n<p><iframe title=\"Despre oprirea de la slujirea celor sfinte a preotului Ioan Mileac\" width=\"1170\" height=\"658\" src=\"https:\/\/www.youtube.com\/embed\/7i69FOL6aqw?feature=oembed\" frameborder=\"0\" allow=\"accelerometer; autoplay; clipboard-write; encrypted-media; gyroscope; picture-in-picture; web-share\" allowfullscreen><\/iframe><\/p>\n<p><strong><em>Arhiepiscopul Marchel:<\/em><\/strong> \u201eInforma\u021bie destinat\u0103 cre\u0219tinilor ortodoc\u0219i tr\u0103itori \u00een or\u0103\u0219elul Glodeni.<\/p>\n<p><em>Decret pentru preotul Ioan Mileac, paroh la biserica \u201eSf\u00e2ntul Ioan Botez\u0103torul\u201d din or\u0103\u0219elul Glodeni. <\/em><\/p>\n<p><em>Pentru \u00eenc\u0103lcarea prevederelor canoanelor apostolice num\u0103rul 31 \u0219i 55, precum \u0219i pentru slujirea \u00eempreun\u0103 cu schismaticii Sfin\u021bia Ta e\u0219ti oprit, adic\u0103 lipsit de dreptul de a sluji cele sfinte p\u00e2n\u0103 la poc\u0103in\u021b\u0103 total\u0103. <\/em><\/p>\n<p><em>\u00cen cazul \u00eenc\u0103lc\u0103rii prevederilor prezentului decret, voi fi nevoit s\u0103 pun \u00een mi\u0219care procedura de cateresire a Sfin\u021biei Tale. <\/em><\/p>\n<p>Semnez eu, arhiepiscop Marchel\u201d.<\/p>\n<h4><strong>Despre oprirea de la slujirea celor sfinte a preotului Victor \u021aurcan <\/strong><\/h4>\n<p><iframe title=\"Despre oprirea de la slujirea celor sfinte a preotului Victor \u021aurcan\" width=\"1170\" height=\"658\" src=\"https:\/\/www.youtube.com\/embed\/yp2d_mCI_YA?feature=oembed\" frameborder=\"0\" allow=\"accelerometer; autoplay; clipboard-write; encrypted-media; gyroscope; picture-in-picture; web-share\" allowfullscreen><\/iframe><\/p>\n<p><strong><em>Arhiepiscopul Marchel:<\/em><\/strong> \u201eInforma\u021bie destinat\u0103 credincio\u0219ilor ortodoc\u0219ii din parohia \u201eAdormiriea Maicii Domnului\u201d din satul R\u0103u\u021bel, blaghocinia F\u0103le\u0219ti, Eparhia de B\u0103l\u021bi \u0219i F\u0103le\u0219ti a Bisericii Ortodoxe din Moldova.<\/p>\n<p><em>Decret de oprire. Protoiereului Victor \u021aurcan. <\/em><\/p>\n<p><em>Pentru ignorarea prevederilor canonului apostolic num\u0103rul 31, precum \u0219i pentru neonorarea sau ne\u00eendeplinirea nenum\u0103ratelor promisiuni, recent cu jur\u0103m\u00e2nt \u0219i asigur\u0103ri date, dar \u0219i pentru \u00eenc\u0103lcarea jur\u0103m\u00e2ntului de la hirotonie Sfin\u021bia Ta e\u0219ti oprit, ceea ce \u00eenseamn\u0103 c\u0103 e\u0219ti lipsit de dreptul de a sluji cele sfinte p\u00e2n\u0103 la poc\u0103in\u021b\u0103 total\u0103. <\/em><\/p>\n<p><em>\u00cen cazul ignor\u0103rii prevederilor acestui decret voi fi nevoit s\u0103 includ mecanismul caterisirii. \u00a0<\/em><\/p>\n<p>Semnez eu, arhiepiscop de B\u0103l\u021bi \u0219i F\u0103le\u0219ti Marchel\u201d.<\/p>\n<p>\u00cen final, \u00cenaltpreasfin\u021bia Sa a aten\u021bionat credincio\u0219ii asupra faptului c\u0103, \u00een cazul \u00een care clericii men\u021biona\u021bi nu se vor poc\u0103i pentru \u00eenc\u0103lc\u0103rile ce le-au comis \u0219i vor \u00eencerca s\u0103 slujeasc\u0103, ei risc\u0103 s\u0103 fie caterisi\u021bi. \u00cen tot cazul, de\u0219i deocamdat\u0103 ei r\u0103m\u00e2n de a fi preo\u021bi, eventualele \u00eencerc\u0103ri ale d\u00e2n\u0219ilor de a sluji nu vor fi valabile, fiindc\u0103 nu vor fi primite de Domnul Dumnezeu. \u00a0<\/p>\n<h4><strong>Orice ac\u021biune a clericilor opri\u021bi de la slujirea celor sfinte este nul\u0103<\/strong><\/h4>\n<p><iframe title=\"Orice ac\u021biune a clericilor opri\u021bi de la slujirea celor sfinte este nul\u0103\" width=\"1170\" height=\"658\" src=\"https:\/\/www.youtube.com\/embed\/HkL7b0OX30c?feature=oembed\" frameborder=\"0\" allow=\"accelerometer; autoplay; clipboard-write; encrypted-media; gyroscope; picture-in-picture; web-share\" allowfullscreen><\/iframe><\/p>\n<p><strong><em>Arhiepiscopul Marchel:<\/em><\/strong> \u201eCu promtitudine, cu mult\u0103 siguran\u021b\u0103 pot s\u0103 v\u0103 spun, c\u0103 ace\u0219ti doi preo\u021bi, Victor \u021aurcanu din R\u0103u\u021bel, precum \u0219i Ioan Mileac din Glodeni risc\u0103 s\u0103 fie expulza\u021bi din cinul preo\u021besc. Riscul acesta mai persist\u0103 at\u00e2t timp, p\u00e2n\u0103 ei nu se vor \u00eendrepta, nu se vor corecta, nu se vor poc\u0103i.<\/p>\n<p>Dar \u00een cazul \u00een care se vor \u00eenc\u0103p\u0103\u021bina \u2013 este vorba c\u0103 ei nu mai apar\u021bin lor \u00een\u0219i\u0219i, ei nu mai au voin\u021ba lor, ei s-au v\u00e2ndut \u2013 \u0219i dac\u0103 se vor \u00eenc\u0103p\u0103\u021bina, s\u0103 \u0219ti\u021bi c\u0103 eu voi porni mecanismul de r\u0103spopire, de cateresire. \u0218i cred eu c\u0103 nu va duce mare pagub\u0103 Biserica Ortodox\u0103 din Moldova pentru faptul c\u0103 vom r\u0103spopi pe ace\u0219tea doi. Repet \u00eenc\u0103 odat\u0103, dac\u0103 nu se vor poc\u0103i.<\/p>\n<p>Dar p\u00e2n\u0103 c\u00e2nd ei r\u0103m\u00e2n a fi preo\u021bi lipsi\u021bi de dreptul de a sluji. Dac\u0103 cineva \u00eendr\u0103zne\u0219te din ei s\u0103 slujeasc\u0103, s\u0103 citeasc\u0103 vreo rug\u0103ciune \u2013 alta dec\u00e2t particular\u0103, pentru d\u00e2n\u0219ii, pentru poc\u0103in\u021ba lor \u2013 atunci s\u0103 \u0219tie toat\u0103 lumea: orice ac\u021biune preo\u021beasc\u0103 a lor este nepl\u0103cut\u0103 lui Dumnezeu, Care nu are nimic comun cu nedrept\u0103\u021bile noastre omene\u0219ti. El a\u0219teapt\u0103 noi s\u0103 ne ata\u0219\u0103m la adev\u0103rurile Lui Dumnezee\u0219ti, dar nu s\u0103-L prefacem, s\u0103-L schimb\u0103m pe Dumnezeu dup\u0103 lecalele, dup\u0103 calibrele noastre.<\/p>\n<p>A\u0219adar, orice ac\u021biune preo\u021beasc\u0103 a lor este nul\u0103, nu este primit\u0103 \u00eenaintea lui Dumnezeu\u201d.<\/p>\n<p style=\"text-align: right;\"><em>Dup\u0103 materialele site-ului Eparhiei de B\u0103l\u021bi \u0219i F\u0103le\u0219ti<\/em><\/p>\n","protected":false},"excerpt":{"rendered":"<p>\u00cen leg\u0103tur\u0103 cu alunecare \u00een schism\u0103, acum c\u00e2teva zile a doi clerici din componen\u021ba Eparhiei de B\u0103l\u021bi \u0219i F\u0103le\u0219ti arhiereul titular al&hellip;<\/p>\n","protected":false},"author":3,"featured_media":24914,"comment_status":"open","ping_status":"closed","sticky":false,"template":"","format":"standard","meta":{"_lmt_disableupdate":"","_lmt_disable":"","slim_seo":{"title":"Orice ac\u021biune preo\u021beasc\u0103 a clericilor opri\u021bi de a sluji cele sfinte nu este primit\u0103 de Dumnezeu (VIDEO) - traditia.md","description":"\u00cen leg\u0103tur\u0103 cu alunecare \u00een schism\u0103, acum c\u00e2teva zile a doi clerici din componen\u021ba Eparhiei de B\u0103l\u021bi \u0219i F\u0103le\u0219ti arhiereul titular al acesteia, arhiepiscopul Mar"},"footnotes":""},"categories":[39,38],"tags":[],"class_list":["post-24916","post","type-post","status-publish","format-standard","has-post-thumbnail","hentry","category-biserica-si-societatea","category-stiri"],"_links":{"self":[{"href":"https:\/\/traditia.md\/ro\/wp-json\/wp\/v2\/posts\/24916","targetHints":{"allow":["GET"]}}],"collection":[{"href":"https:\/\/traditia.md\/ro\/wp-json\/wp\/v2\/posts"}],"about":[{"href":"https:\/\/traditia.md\/ro\/wp-json\/wp\/v2\/types\/post"}],"author":[{"embeddable":true,"href":"https:\/\/traditia.md\/ro\/wp-json\/wp\/v2\/users\/3"}],"replies":[{"embeddable":true,"href":"https:\/\/traditia.md\/ro\/wp-json\/wp\/v2\/comments?post=24916"}],"version-history":[{"count":0,"href":"https:\/\/traditia.md\/ro\/wp-json\/wp\/v2\/posts\/24916\/revisions"}],"wp:featuredmedia":[{"embeddable":true,"href":"https:\/\/traditia.md\/ro\/wp-json\/wp\/v2\/media\/24914"}],"wp:attachment":[{"href":"https:\/\/traditia.md\/ro\/wp-json\/wp\/v2\/media?parent=24916"}],"wp:term":[{"taxonomy":"category","embeddable":true,"href":"https:\/\/traditia.md\/ro\/wp-json\/wp\/v2\/categories?post=24916"},{"taxonomy":"post_tag","embeddable":true,"href":"https:\/\/traditia.md\/ro\/wp-json\/wp\/v2\/tags?post=24916"}],"curies":[{"name":"wp","href":"https:\/\/api.w.org\/{rel}","templated":true}]}}