{"id":24785,"date":"2024-03-19T13:00:45","date_gmt":"2024-03-19T11:00:45","guid":{"rendered":"https:\/\/traditia.md\/?p=24785"},"modified":"2024-03-19T13:02:05","modified_gmt":"2024-03-19T11:02:05","slug":"patriarhul-chiril-duhul-deprimarii-este-duhul-lepadarii-de-dumnezeu","status":"publish","type":"post","link":"https:\/\/traditia.md\/ro\/patriarhul-chiril-duhul-deprimarii-este-duhul-lepadarii-de-dumnezeu\/","title":{"rendered":"Patriarhul Chiril: \u201eDuhul deprim\u0103rii este duhul lep\u0103d\u0103rii de Dumnezeu\u201d"},"content":{"rendered":"<blockquote>\n<p style=\"text-align: right;\"><em>Doamne \u015fi St\u0103p\u00e2nul vie\u0163ii mele, duhul&#8230; grijii de multe \u2026nu mi-l da mie\u201d<\/em><br \/>\n(din rug\u0103ciunea sf\u00e2ntului cuvios Efrem Sirul)<\/p>\n<\/blockquote>\n<p><strong><em>Predica Sanctit\u0103\u021bii Sale Patriarhul Chiril rostit\u0103 dup\u0103 Pavecerni\u021ba Mare \u00een ziua de luni a Primei S\u0103pt\u0103m\u00e2ni din Postul Mare la Catedrala \u201eHristos M\u00e2ntuitorul\u201d din Moscova, 7 martie 2011.<\/em><\/strong><\/p>\n<p>\u00cen numele Tat\u0103lui \u015fi Fiului \u015fi Sf\u00e2ntului Duh!<\/p>\n<p>\u00cen rug\u0103ciunea sf\u00e2ntului Efrem Sirul, pe care noi o repet\u0103m de multe ori \u00een timpul slujbelor din Postul Mare, se con\u0163in astfel de cuvinte: <em>\u201eDoamne \u015fi St\u0103p\u00e2nul vie\u0163ii mele, duhul&#8230; grijii de multe<\/em><a href=\"#_edn1\" name=\"_ednref1\"><em>*<\/em><\/a><em> &#8230; nu mi-l da mie\u201d<\/em>. Deprimarea este un sentiment foarte periculos, care este \u00eenso\u0163it de triste\u0163e, sc\u00e2rbire, iar uneori \u015fi de disperare. Aceste tr\u0103iri interioare sunt bine cunoscute oamenilor singuratici, b\u0103tr\u00e2ni, care trec prin circumstan\u0163e grele de via\u0163\u0103.<\/p>\n<p>Din punctul de vedere omenesc deprimarea poate fi provocat\u0103 de diverse cauze. Nu rareori cauza poate fi o via\u0163\u0103 nu prea bine aranjat\u0103, moartea unei persoane apropiate sau rela\u0163iile rele cu rudele care devin parc\u0103 str\u0103ine; deseori deprimarea este generat\u0103 de pierderea s\u0103n\u0103t\u0103\u0163ii; uneori aceast\u0103 stare grea ne viziteaz\u0103, c\u00e2nd are loc o c\u0103dere \u00een cariera profesional\u0103, un conflict la serviciu.<\/p>\n<p>\u00cens\u0103 deprimarea este p\u0103cat, prin urmare, indiferent de factorii obiectivi, ea are o anumit\u0103 pricin\u0103 duhovniceasc\u0103. \u015ei dac\u0103 aceast\u0103 cauz\u0103 de ordin duhovnicesc o vom putea \u00een\u0163elege, atunci toate situa\u0163iile complicate din via\u0163\u0103 vor deveni doar prilejuri de deprimare demne de ignorat.<\/p>\n<p>Deseori surs\u0103 pentru deprimare devine singur\u0103tatea omului. \u00cen acest caz el este cuprins de iluzia, de parc\u0103 oamenii din jur s-au \u00eentors la el cu spatele, l-au tr\u0103dat, l\u0103s\u00e2ndu-l singur \u00eentr-o situa\u0163ie dificil\u0103 din via\u0163\u0103. \u015ei el mai mult nu poate avea speran\u0163\u0103 \u00een ei, nu vede \u00een jurul s\u0103u pe cei, cine i-ar putea deveni sprijin sau ap\u0103rare.<\/p>\n<p>Cauz\u0103 a deprim\u0103rii pot fi \u015fi alte situa\u0163ii din via\u0163\u0103. Astfel, ea pune st\u0103p\u00e2nire pe persoan\u0103 atunci, c\u00e2nd dintr-o dat\u0103 se constat\u0103 c\u0103 studiile, cariera, deprinderile profesionale, prietenii, colegii, banii, puterea nu o pot ajuta s\u0103 dep\u0103\u015feasc\u0103 dificult\u0103\u0163ile vie\u0163ii: a n\u0103d\u0103jduit la toate aceste bunuri, dar \u00een zadar \u2013 speran\u0163a s-a dovedit a fi f\u0103cut\u0103 de ru\u015fine.<\/p>\n<p>Deprimarea poate pune st\u0103p\u00e2nire pe om \u015fi din cauza anumitelor maladii trupe\u015fti. \u00cen astfel de situa\u0163ie, persoana singur\u0103 \u201es-a dat de gol\u201d: s-a dovedit a fi insuficient de puternic\u0103, insuficient de c\u0103lit\u0103, a avut insuficient\u0103 grij\u0103 de propria s\u0103n\u0103tate, a sperat \u00een propriile puteri \u015fi posibilit\u0103\u0163i, dar totu\u015fi n\u0103dejdea a fost zadarnic\u0103.<\/p>\n<p>Vorbind despre tema deprim\u0103rii, sf\u00e2ntul ierarh Tihon din Zadonsk a spus ni\u015fte cuvinte minunate: \u201eCum putem crede \u00een Dumnezeu, dar s\u0103 n\u0103d\u0103jduim \u00een f\u0103ptur\u0103?\u201d \u00centr-adev\u0103r, deprimarea uneori viziteaz\u0103 \u015fi pe oamenii credincio\u015fi, \u00eens\u0103 numai pe aceia care, crez\u00e2nd \u00een Dumnezeu, n\u0103dejdea lor \u015fi-o pun nu \u00een Domnul, dar fie \u00een al\u0163i oameni, fie \u00een sine \u00eensu\u015fi, fie \u00een circumstan\u0163ele din via\u0163\u0103.<\/p>\n<p>\u00cens\u0103 oare poate fi puternic\u0103 acea credin\u0163a, care nu este \u00eenso\u0163it\u0103 de speran\u0163\u0103? Po\u0163i oare crede \u00een Dumnezeu \u015fi s\u0103 nu ai n\u0103dejde \u00een El? Aidoma m\u0103rturiei apostolului Iacov despre faptul c\u0103 <em>credin\u0163a f\u0103r\u0103 de fapte moart\u0103 este<\/em> (Iac. 2:20), se poate spune c\u0103 credin\u0163a \u015fi f\u0103r\u0103 n\u0103dejde moart\u0103 este, deoarece anume \u00een ea se \u00eenf\u0103ptuie\u015fte credin\u0163a noastr\u0103. N\u0103dejdea care este \u00eentr-o leg\u0103tur\u0103 indisolubil\u0103 cu credin\u0163a adev\u0103rat\u0103 \u2013 este o putere real\u0103, care \u00eel ajut\u0103 pe om niciodat\u0103 \u015fi nici \u00eentr-un caz s\u0103 nu cad\u0103 \u00een deprimare.<\/p>\n<p>\u00cen baza patimii p\u0103c\u0103toase a deprim\u0103rii se afl\u0103 pu\u0163ina credin\u0163\u0103, credin\u0163a f\u0103r\u0103 roade, deoarece cel mai viu rod al credin\u0163ei este n\u0103dejdea, care nu permite omului s\u0103 se cufunde \u00eentr-o stare \u00eentunecoas\u0103, deprimant\u0103. <em>Nu v\u0103 \u00eencrede\u0163i \u00een cei puternici, \u00een fiii oamenilor, \u00een care nu este izb\u0103vire<\/em> (Ps. 145:3), ne \u00eenva\u0163\u0103 Cuv\u00e2ntul lui Dumnezeu. N\u0103d\u0103jdui\u0163i \u00een Dumnezeu, dar \u0163ine\u0163i minte c\u0103 n\u0103dejdea \u00een Creator nu \u00eel elibereaz\u0103 pe om de responsabilitatea personal\u0103 pentru propria via\u0163\u0103 \u015fi propriile fapte, altminteri s-ar putea crea impresia c\u0103 n\u0103dejdea poart\u0103 r\u0103spundere pentru gre\u015feli \u015fi chiar crime.<\/p>\n<p>Omul care tr\u0103ie\u015fte cu credin\u0163\u0103 \u00een Dumnezeu, plin de n\u0103dejde \u00een Domnul, de\u0163ine o putere interioar\u0103, care \u00eei ofer\u0103 posibilitate s\u0103 solu\u0163ioneze cu succes sarcinile care apar \u00een calea lui; el nu este supus sentimentului de deprimare, spre deosebire de acela care este lipsit de credin\u0163\u0103 \u015fi speran\u0163\u0103 \u00een Dumnezeu. Ca \u015fi omul necredincios, el poate trece prin situa\u0163ii de sc\u00e2rbire, dar niciodat\u0103 nu va intra \u00een deprimare, deoarece ce fel de deprimare poate fi, dac\u0103 Domnul este al\u0103turi? \u015ei chiar dac\u0103 Dumnezeu \u00eeng\u0103duie s\u0103 fim singuratici, nu prea s\u0103n\u0103to\u015fi, s\u0103 sim\u0163im anumite dificult\u0103\u0163i \u00een via\u0163\u0103, totu\u015fi, refract\u00e2nd totul prin prisma credin\u0163ei, noi vedem \u00een cele petrecute doar pronia lui Dumnezeu, sim\u0163im asupra noastr\u0103 m\u00e2na dreapt\u0103 a Domnului \u015fi de aceea c\u0103p\u0103t\u0103m o viziune pa\u015fnic\u0103, lini\u015ftit\u0103 \u015fi sigur\u0103 asupra realit\u0103\u0163ii \u00eenconjur\u0103toare.<\/p>\n<p>N\u0103dejdea \u00een Dumnezeu, speran\u0163a \u00een El este o putere m\u0103rea\u0163\u0103, care ajut\u0103 omului s\u0103-\u015fi p\u0103streze libertatea, duhul pa\u015fnic \u015fi integritatea lumii suflete\u015fti, interioare. \u015ei din contra, nimic nu-l poate izb\u0103vi pe om de sentimentul deprim\u0103rii, dac\u0103 el \u00ee\u015fi depune speran\u0163a doar \u00een cei puternici, \u00een fiii oamenilor, \u00een sine sau \u00een situa\u0163iile din via\u0163\u0103.<\/p>\n<p>Duhul deprim\u0103rii este duhul lep\u0103d\u0103rii de Dumnezeu, este o putere negativ\u0103, care distruge plin\u0103tatea vie\u0163ii omene\u015fti. Deprimarea \u015fi puterea vital\u0103 sunt incompatibile. Dac\u0103 deprimarea general\u0103 cuprinde societ\u0103\u0163i \u015fi popoare, atunci ele nu mai au viitor, condamn\u00e2ndu-se la moarte.<\/p>\n<p>Iat\u0103 din ce cauz\u0103 este at\u00e2t de important s\u0103 ne p\u0103str\u0103m credin\u0163a, \u00eenso\u0163it\u0103 de n\u0103dejdea neclintit\u0103! Atunci aceast\u0103 n\u0103dejde se va reflecta asupra puterii interioare \u015fi a fiec\u0103rui om luat aparte, \u015fi asupra noastr\u0103 a tuturor.<\/p>\n<p>Noi ne rug\u0103m Domnului prin cuvintele sf\u00e2ntului Efrem Sirul: <em>\u201eDoamne \u015fi St\u0103p\u00e2nul vie\u0163ii mele, duhul&#8230; grijii de multe<\/em> \u2013 al deprim\u0103rii \u2013 <em>nu mi-l da mie&#8230;\u201d<\/em>. Repet\u00e2nd aceste cuvinte, s\u0103 \u00een\u0103l\u0163\u0103m Domnului o rug\u0103ciune fierbinte pentru d\u0103ruirea unei credin\u0163e puternice, inspirat\u0103 de n\u0103dejde \u015fi atunci duhul deprim\u0103rii niciodat\u0103 nu va \u00eenrobi inimile noastre, iar speran\u0163a \u00een Dumnezeu ne va face puternici, \u00een\u0163elep\u0163i, lini\u015fti\u0163i \u015fi liberi. S\u0103 v\u0103 p\u0103zeasc\u0103 Domnul!<\/p>\n<p style=\"text-align: right;\"><strong><em>Din cartea \u00ab\u041f\u0430\u0442\u0440\u0438\u0430\u0440\u0445 \u041c\u043e\u0441\u043a\u043e\u0432\u0441\u043a\u0438\u0439 \u0438 \u0432\u0441\u0435\u044f \u0420\u0443\u0441\u0438 \u041a\u0438\u0440\u0438\u043b\u043b. \u0422\u0430\u0439\u043d\u0430 \u043f\u043e\u043a\u0430\u044f\u043d\u0438\u044f.<br \/>\n\u0412\u0435\u043b\u0438\u043a\u043e\u043f\u043e\u0441\u0442\u043d\u044b\u0435 \u043f\u0440\u043e\u043f\u043e\u0432\u0435\u0434\u0438 (2001\u20132011). \u041c\u043e\u0441\u043a\u0432\u0430, 2012\u00bb<\/em><\/strong><\/p>\n<p><span style=\"font-size: 10pt;\"><a href=\"#_ednref1\" name=\"_edn1\">*<\/a> Not\u0103: \u00een textul slavon rug\u0103ciunea cuviosului Efrem Sirul sun\u0103 astfel: \u00ab\u0434\u0443\u0445 \u043f\u0440\u0430\u0437\u0434\u043d\u043e\u0441\u0442\u0438, <em>\u0443\u043d\u044b\u043d\u0438\u044f<\/em>\u2026 \u043d\u0435 \u0434\u0430\u0436\u0434\u044c \u043c\u0438\u00bb, \u00een traducerea rom\u00e2n\u0103: \u201eduhul tr\u00e2nd\u0103viei, <em>al grijii de multe<\/em>&#8230; nu mi-l da mie\u201d, de aceea \u00een prezentul text se va vorbi despre <em>deprimare <\/em>(<em>\u0443\u043d\u044b\u043d\u0438e<\/em>)<\/span><\/p>\n","protected":false},"excerpt":{"rendered":"<p>Doamne \u015fi St\u0103p\u00e2nul vie\u0163ii mele, duhul&#8230; grijii de multe \u2026nu mi-l da mie\u201d (din rug\u0103ciunea sf\u00e2ntului cuvios Efrem Sirul) Predica Sanctit\u0103\u021bii Sale&hellip;<\/p>\n","protected":false},"author":3,"featured_media":24781,"comment_status":"open","ping_status":"closed","sticky":false,"template":"","format":"standard","meta":{"_lmt_disableupdate":"","_lmt_disable":"","slim_seo":{"title":"Patriarhul Chiril: \u201eDuhul deprim\u0103rii este duhul lep\u0103d\u0103rii de Dumnezeu\u201d - traditia.md","description":"Doamne \u015fi St\u0103p\u00e2nul vie\u0163ii mele, duhul... grijii de multe \u2026nu mi-l da mie\u201d (din rug\u0103ciunea sf\u00e2ntului cuvios Efrem Sirul) Predica Sanctit\u0103\u021bii Sale Patriarhul Chir"},"footnotes":""},"categories":[40,38],"tags":[],"class_list":["post-24785","post","type-post","status-publish","format-standard","has-post-thumbnail","hentry","category-apararea-credintei","category-stiri"],"_links":{"self":[{"href":"https:\/\/traditia.md\/ro\/wp-json\/wp\/v2\/posts\/24785","targetHints":{"allow":["GET"]}}],"collection":[{"href":"https:\/\/traditia.md\/ro\/wp-json\/wp\/v2\/posts"}],"about":[{"href":"https:\/\/traditia.md\/ro\/wp-json\/wp\/v2\/types\/post"}],"author":[{"embeddable":true,"href":"https:\/\/traditia.md\/ro\/wp-json\/wp\/v2\/users\/3"}],"replies":[{"embeddable":true,"href":"https:\/\/traditia.md\/ro\/wp-json\/wp\/v2\/comments?post=24785"}],"version-history":[{"count":0,"href":"https:\/\/traditia.md\/ro\/wp-json\/wp\/v2\/posts\/24785\/revisions"}],"wp:featuredmedia":[{"embeddable":true,"href":"https:\/\/traditia.md\/ro\/wp-json\/wp\/v2\/media\/24781"}],"wp:attachment":[{"href":"https:\/\/traditia.md\/ro\/wp-json\/wp\/v2\/media?parent=24785"}],"wp:term":[{"taxonomy":"category","embeddable":true,"href":"https:\/\/traditia.md\/ro\/wp-json\/wp\/v2\/categories?post=24785"},{"taxonomy":"post_tag","embeddable":true,"href":"https:\/\/traditia.md\/ro\/wp-json\/wp\/v2\/tags?post=24785"}],"curies":[{"name":"wp","href":"https:\/\/api.w.org\/{rel}","templated":true}]}}