{"id":2464,"date":"2022-03-04T11:36:00","date_gmt":"2022-03-04T08:36:00","guid":{"rendered":"https:\/\/traditia.md\/skolko-blinov-mozhno-sest-na-masleniczu\/"},"modified":"2022-03-06T11:38:20","modified_gmt":"2022-03-06T08:38:20","slug":"skolko-blinov-mozhno-sest-na-masleniczu","status":"publish","type":"post","link":"https:\/\/traditia.md\/ro\/skolko-blinov-mozhno-sest-na-masleniczu\/","title":{"rendered":"C\u00e2te cl\u0103tite putem m\u00e2nca \u00een S\u0103pt\u0103m\u00e2na Alb\u0103?"},"content":{"rendered":"<p><strong><em>\u00centrebarea Irinei<\/em><\/strong>: Cum trebuie s\u0103 petreac\u0103 S\u0103pt\u0103m\u00e2na Br\u00e2nzei un cre\u0219tin ortodox?<\/p>\n<p><strong><em>\u00a0<\/em><\/strong><strong><em>R\u0103spunde protoiereul Igor Fomin: <\/em><\/strong>\u00a0S\u0103pt\u0103m\u00e2na Br\u00e2nzei sau S\u0103pt\u0103m\u00e2na Alb\u0103 este o denumire popular\u0103, \u00een Biseric\u0103 noi o numim S\u0103pt\u0103m\u00e2na l\u0103satului sec de br\u00e2nz\u0103. Este s\u0103pt\u0103m\u00e2na preg\u0103titoare \u00eenainte de \u00eenceperea Postului Mare.<\/p>\n<p>\u00cen S\u0103pt\u0103m\u00e2na Alb\u0103 deja \u00een zilele de miercuri \u0219i vineri noi \u00eencepem s\u0103 citim rug\u0103ciunea de poc\u0103in\u021b\u0103 a sf\u00e2ntului cuviosului Efrem Sirul. V\u0103 recomand s\u0103 o include\u021bi \u00een pravila voastr\u0103 de rug\u0103ciune de acas\u0103 \u2013 diminea\u021ba \u0219i seara \u00een aceste zile.<\/p>\n<p>\u00centr-un fel, S\u0103pt\u0103m\u00e2na Br\u00e2nzei este deja \u00eenceputul timpului de post. Deoarece nu mai m\u00e2nc\u0103m carne, preg\u0103tim trupul nostru pentru cele patruzeci de zile ale celui mai strict post din an.<\/p>\n<p>Cel mai important lucru \u00een S\u0103pt\u0103m\u00e2na Alb\u0103 este s\u0103 \u021binem minte c\u0103 Postul Mare nu este peste m\u0103ri \u0219i \u021b\u0103ri \u0219i \u00een el trebuie s\u0103 intr\u0103m cura\u021bi. S\u0103pt\u0103m\u00e2na Br\u00e2nzei cu veselia, curajul, turmentarea ei s\u0103 r\u0103m\u00e2n\u0103 ca parte a folclorului, iar noi haide\u021bi s\u0103 ne bucur\u0103m, dar cu o bucurie luminoas\u0103, chibzuitoare.<\/p>\n<p>Este bucuria pentru faptul c\u0103 \u00een scurt timp va veni \u00cenvierea lui Hristos \u2013 Pa\u0219tele. \u0218i Duminica Br\u00e2nzei nu este pricin\u0103 pentru m\u00e2ncarea abundent\u0103, dar motiv pentru a ne g\u00e2ndi la poc\u0103in\u021b\u0103. Cu c\u00e2t e mai aproape postul, cu at\u00e2t mai mul omul se smere\u0219te pe sine, iar Dumnezeu \u00eel \u00eenal\u021b\u0103. Conlucrarea cu Dumnezeu, chemarea milei lui Dumnezeu asupra noastr\u0103 \u2013 iat\u0103 \u021belul nostru.<\/p>\n<p>Nu este nimic r\u0103u \u00een petrecerile din timpul S\u0103pt\u0103m\u00e2nii Albe, dac\u0103 e s\u0103 o facem cu m\u0103sur\u0103. Bine\u00een\u021beles, nu merit\u0103 s\u0103 m\u00e2nc\u0103m cl\u0103tite la vitez\u0103: nici trupului, nici sufletului nu vom aduce folos. Dar dac\u0103 ve\u021bi servi cu cl\u0103tite pe apropia\u021bii vo\u0219tri, este cu totul altceva. Participa\u021bi la iarmarocul de binefacere, unde cl\u0103titele sunt servite celor s\u0103raci, celor f\u0103r\u0103 de ad\u0103post. Aceast\u0103 fapt\u0103 va conferi zilelor de s\u0103rb\u0103toare o dimensiune special\u0103, cre\u0219tin\u0103.<\/p>\n","protected":false},"excerpt":{"rendered":"<p>\u00centrebarea Irinei: Cum trebuie s\u0103 petreac\u0103 S\u0103pt\u0103m\u00e2na Br\u00e2nzei un cre\u0219tin ortodox? \u00a0R\u0103spunde protoiereul Igor Fomin: \u00a0S\u0103pt\u0103m\u00e2na Br\u00e2nzei sau S\u0103pt\u0103m\u00e2na Alb\u0103 este o&hellip;<\/p>\n","protected":false},"author":1,"featured_media":2462,"comment_status":"open","ping_status":"closed","sticky":false,"template":"","format":"standard","meta":{"_lmt_disableupdate":"","_lmt_disable":"","slim_seo":{"title":"C\u00e2te cl\u0103tite putem m\u00e2nca \u00een S\u0103pt\u0103m\u00e2na Alb\u0103? - traditia.md","description":"\u00centrebarea Irinei : Cum trebuie s\u0103 petreac\u0103 S\u0103pt\u0103m\u00e2na Br\u00e2nzei un cre\u0219tin ortodox? \u00a0 R\u0103spunde protoiereul Igor Fomin: \u00a0S\u0103pt\u0103m\u00e2na Br\u00e2nzei sau S\u0103pt\u0103m\u00e2na Alb\u0103 este"},"footnotes":""},"categories":[42],"tags":[],"class_list":["post-2464","post","type-post","status-publish","format-standard","has-post-thumbnail","hentry","category-intreaba-preotul"],"_links":{"self":[{"href":"https:\/\/traditia.md\/ro\/wp-json\/wp\/v2\/posts\/2464","targetHints":{"allow":["GET"]}}],"collection":[{"href":"https:\/\/traditia.md\/ro\/wp-json\/wp\/v2\/posts"}],"about":[{"href":"https:\/\/traditia.md\/ro\/wp-json\/wp\/v2\/types\/post"}],"author":[{"embeddable":true,"href":"https:\/\/traditia.md\/ro\/wp-json\/wp\/v2\/users\/1"}],"replies":[{"embeddable":true,"href":"https:\/\/traditia.md\/ro\/wp-json\/wp\/v2\/comments?post=2464"}],"version-history":[{"count":0,"href":"https:\/\/traditia.md\/ro\/wp-json\/wp\/v2\/posts\/2464\/revisions"}],"wp:featuredmedia":[{"embeddable":true,"href":"https:\/\/traditia.md\/ro\/wp-json\/wp\/v2\/media\/2462"}],"wp:attachment":[{"href":"https:\/\/traditia.md\/ro\/wp-json\/wp\/v2\/media?parent=2464"}],"wp:term":[{"taxonomy":"category","embeddable":true,"href":"https:\/\/traditia.md\/ro\/wp-json\/wp\/v2\/categories?post=2464"},{"taxonomy":"post_tag","embeddable":true,"href":"https:\/\/traditia.md\/ro\/wp-json\/wp\/v2\/tags?post=2464"}],"curies":[{"name":"wp","href":"https:\/\/api.w.org\/{rel}","templated":true}]}}