{"id":24542,"date":"2024-03-13T10:39:07","date_gmt":"2024-03-13T08:39:07","guid":{"rendered":"https:\/\/traditia.md\/?p=24542"},"modified":"2024-03-13T10:41:02","modified_gmt":"2024-03-13T08:41:02","slug":"au-fost-alesi-arhiereii-vicari-ai-eparhiilor-de-cahul-si-edinet","status":"publish","type":"post","link":"https:\/\/traditia.md\/ro\/au-fost-alesi-arhiereii-vicari-ai-eparhiilor-de-cahul-si-edinet\/","title":{"rendered":"Au fost ale\u0219i arhiereii vicari ai eparhiilor de Cahul \u0219i Edine\u021b"},"content":{"rendered":"<p><strong><em>La 12 martie 2024, la \u0219edin\u021ba Sf\u00e2ntului Sinod al Bisericii Ortodoxe Ruse au fost audiate rapoartele mitropolitului Chi\u0219in\u0103ului \u0219i al \u00eentregii Moldove Vladimir privind necesitatea pentru arhiepiscopul de Cahul \u0219i Comrat Anatolie s\u0103 dispun\u0103 de un episcop vicar (condica nr. 17) \u0219i necesitatea pentru arhiepiscopul de Edine\u021b \u0219i Briceni Nicodim s\u0103 dispun\u0103 de un episcop vicar (condica nr. 18).<\/em><\/strong><\/p>\n<p>\u00cen leg\u0103tur\u0103 cu raportul arhiepiscopului de Cahul \u0219i Comrat Anatolie cu privire la necesitatea s\u0103 dispun\u0103 de un episcop vicar mitropolitul Chi\u0219in\u0103ului Vladimir \u00een numele Sinodului Bisericii Ortodoxe din Moldova s-a adresat Sanctit\u0103\u021bii Sale Patriarhul Moscovei \u0219i al \u00eentregii Rusii Chiril \u0219i Sf\u00e2ntului Sinod al Bisericii Ortodoxe Ruse cu rug\u0103mintea s\u0103 examineze canidatura clericului Eparhiei de Chi\u0219in\u0103u, arhimandritul Nicolae (Ro\u0219ca), pentru alegerea \u00een treapta de episcop de Cead\u00eer-Lunga, vicar al Eparhiei de Cahul. Arhiereii Bisericii Ortodoxe din Moldova au acordat un sprijin deplin candidatului nominalizat \u0219i au m\u0103rturisit faptul corespunderii arhimandritului Nicolae (Ro\u0219ca) tuturor cerin\u021belor necesare unui candidat care urmeaz\u0103 a fi hirotonit \u00een treapta de episcop.<\/p>\n<p><img decoding=\"async\" class=\"wp-image-24536 alignleft\" src=\"https:\/\/traditia.md\/wp-content\/uploads\/2024\/03\/nicolae_rosca.jpg\" alt=\"Nicolae Ro\u0219ca\" width=\"170\" height=\"190\" srcset=\"https:\/\/traditia.md\/wp-content\/uploads\/2024\/03\/nicolae_rosca.jpg 300w, https:\/\/traditia.md\/wp-content\/uploads\/2024\/03\/nicolae_rosca-268x300.jpg 268w\" sizes=\"(max-width: 170px) 100vw, 170px\" \/>Sf\u00e2ntul Sinod a decis alegerea arhimandritului Nicolae (Ro\u0219ca) \u00een demnitatea de Preasfin\u021bit de Cead\u00eer-Lunga, vicar al Eparhiei de Cahul. Locul ipopsifierii \u0219i hirotoniei arhimandritului Nicolae\u00a0 \u00een treapta de episcop a fost l\u0103sat la discre\u021bia Sanctit\u0103\u021bii Sale Patriarhul Chiril.<\/p>\n<p>\u00cen leg\u0103tur\u0103 cu raportul arhiepiscopului de Edine\u021b \u0219i Briceni Nicodim cu privire la necesitatea s\u0103 dispun\u0103 de un episcop vicar mitropolitul Chi\u0219in\u0103ului Vladimir \u00een numele Sinodului Bisericii Ortodoxe din Moldova s-a adresat Sanctit\u0103\u021bii Sale Patriarhul Moscovei \u0219i al \u00eentregii Rusii Chiril \u0219i Sf\u00e2ntului Sinod al Bisericii Ortodoxe Ruse cu rug\u0103mintea s\u0103 examineze canidatura clericului Eparhiei de Edine\u021b \u0219i Briceni, arhimandritul Patrocl (Porombac), pentru alegerea \u00een treapta de episcop de Dondu\u0219eni, vicar al Eparhiei de Edine\u021b \u0219i Briceni. Arhiereii Bisericii Ortodoxe din Moldova au acordat un sprijin deplin candidatului nominalizat \u0219i au m\u0103rturisit faptul corespunderii arhimandritului Patrocl (Porombac) tuturor cerin\u021belor necesare unui candidat care urmeaz\u0103 a fi hirotonit \u00een treapta de episcop.<\/p>\n<p><img decoding=\"async\" class=\"wp-image-24538 alignleft\" src=\"https:\/\/traditia.md\/wp-content\/uploads\/2024\/03\/patrocl_porombac.jpg\" alt=\"Patrocl Porombac\" width=\"170\" height=\"176\" srcset=\"https:\/\/traditia.md\/wp-content\/uploads\/2024\/03\/patrocl_porombac.jpg 300w, https:\/\/traditia.md\/wp-content\/uploads\/2024\/03\/patrocl_porombac-289x300.jpg 289w\" sizes=\"(max-width: 170px) 100vw, 170px\" \/>Prin decizia Sf\u00e2ntului Sinod arhimandritul Patrocl (Porombac) a fost ales \u00een demnitatea de Preasfin\u021bit de Dondu\u0219eni, vicar al Eparhiei de Edine\u021b \u0219i Briceni. Locul ipopsifierii \u0219i hirotoniei arhimandritului Patrocl\u00a0 \u00een treapta de episcop a fost l\u0103sat la discre\u021bia Sanctit\u0103\u021bii Sale Patriarhul Chiril.<\/p>\n<p>&nbsp;<\/p>\n<p style=\"text-align: right;\"><em>Sursa<\/em><em>: <\/em><a href=\"http:\/\/www.patriarchia.ru\/db\/text\/6110350.html\"><strong><em>Patriarchia.ru<\/em><\/strong><\/a><\/p>\n","protected":false},"excerpt":{"rendered":"<p>La 12 martie 2024, la \u0219edin\u021ba Sf\u00e2ntului Sinod al Bisericii Ortodoxe Ruse au fost audiate rapoartele mitropolitului Chi\u0219in\u0103ului \u0219i al \u00eentregii Moldove&hellip;<\/p>\n","protected":false},"author":3,"featured_media":24540,"comment_status":"open","ping_status":"closed","sticky":false,"template":"","format":"standard","meta":{"_lmt_disableupdate":"","_lmt_disable":"","slim_seo":{"title":"Au fost ale\u0219i arhiereii vicari ai eparhiilor de Cahul \u0219i Edine\u021b - traditia.md","description":"La 12 martie 2024, la \u0219edin\u021ba Sf\u00e2ntului Sinod al Bisericii Ortodoxe Ruse au fost audiate rapoartele mitropolitului Chi\u0219in\u0103ului \u0219i al \u00eentregii Moldove Vladimir p"},"footnotes":""},"categories":[39,38],"tags":[],"class_list":["post-24542","post","type-post","status-publish","format-standard","has-post-thumbnail","hentry","category-biserica-si-societatea","category-stiri"],"_links":{"self":[{"href":"https:\/\/traditia.md\/ro\/wp-json\/wp\/v2\/posts\/24542","targetHints":{"allow":["GET"]}}],"collection":[{"href":"https:\/\/traditia.md\/ro\/wp-json\/wp\/v2\/posts"}],"about":[{"href":"https:\/\/traditia.md\/ro\/wp-json\/wp\/v2\/types\/post"}],"author":[{"embeddable":true,"href":"https:\/\/traditia.md\/ro\/wp-json\/wp\/v2\/users\/3"}],"replies":[{"embeddable":true,"href":"https:\/\/traditia.md\/ro\/wp-json\/wp\/v2\/comments?post=24542"}],"version-history":[{"count":0,"href":"https:\/\/traditia.md\/ro\/wp-json\/wp\/v2\/posts\/24542\/revisions"}],"wp:featuredmedia":[{"embeddable":true,"href":"https:\/\/traditia.md\/ro\/wp-json\/wp\/v2\/media\/24540"}],"wp:attachment":[{"href":"https:\/\/traditia.md\/ro\/wp-json\/wp\/v2\/media?parent=24542"}],"wp:term":[{"taxonomy":"category","embeddable":true,"href":"https:\/\/traditia.md\/ro\/wp-json\/wp\/v2\/categories?post=24542"},{"taxonomy":"post_tag","embeddable":true,"href":"https:\/\/traditia.md\/ro\/wp-json\/wp\/v2\/tags?post=24542"}],"curies":[{"name":"wp","href":"https:\/\/api.w.org\/{rel}","templated":true}]}}