{"id":24257,"date":"2024-03-05T11:29:56","date_gmt":"2024-03-05T09:29:56","guid":{"rendered":"https:\/\/traditia.md\/?p=24257"},"modified":"2024-03-05T11:30:58","modified_gmt":"2024-03-05T09:30:58","slug":"oprit-de-la-slujirea-celor-sfinte-pentru-alunecare-in-schisma","status":"publish","type":"post","link":"https:\/\/traditia.md\/ro\/oprit-de-la-slujirea-celor-sfinte-pentru-alunecare-in-schisma\/","title":{"rendered":"Oprit de la slujirea celor sfinte pentru alunecare \u00een schism\u0103"},"content":{"rendered":"<p>Av\u00e2nd \u00een vedere p\u0103r\u0103sirea samavolnic\u0103 \u0219i lipsit\u0103 de temei canonic a Eparhiei Chi\u0219in\u0103ului din cadrul Bisericii Ortodoxe din Moldova, \u021bin\u00e2nd cont de nesupunerea fa\u021b\u0103 de autorit\u0103\u021bile biserice\u0219ti ierarhic-superioare, dar \u0219i pentru \u00eenc\u0103lcarea jur\u0103m\u00e2ntului depus la hirotonie protoiereul Andrei Popa, paroh al bisericii \u201eSf\u00e2ntul Mare Mucenic Gheorghe\u201d din satul Camencea, raionul Orhei, a fost oprit de a oficia cele sfinte \u00eencep\u00e2nd cu data de 4 martie 2024.<\/p>\n<p>\u00cen decretul semnat de mitropolitul Chi\u0219in\u0103ului \u0219i al \u00eentregii Moldove Vladimir se mai men\u021bineaz\u0103 c\u0103 decizia definitiv\u0103 referitor la ac\u021biunile anticanonice s\u0103v\u00e2r\u0219ite de acest cleric urmez\u0103 a fi adoptat\u0103 de c\u0103tre Sinodul Bisericii Ortodoxe din Moldova<\/p>\n<p style=\"text-align: right;\"><em>Sursa: <a href=\"https:\/\/mitropolia.md\/prot-mitr-andrei-popa-paroh-al-bisericii-sf-m-mc-gheorghe-din-s-camencea-r-orhei-a-fost-oprit-de-a-oficia-cele-sfinte\/\"><strong>Mitropolia Chi\u0219in\u0103ului \u0219i a \u00eentregii Moldove<\/strong><\/a><\/em><\/p>\n","protected":false},"excerpt":{"rendered":"<p>Av\u00e2nd \u00een vedere p\u0103r\u0103sirea samavolnic\u0103 \u0219i lipsit\u0103 de temei canonic a Eparhiei Chi\u0219in\u0103ului din cadrul Bisericii Ortodoxe din Moldova, \u021bin\u00e2nd cont de&hellip;<\/p>\n","protected":false},"author":3,"featured_media":5663,"comment_status":"open","ping_status":"closed","sticky":false,"template":"","format":"standard","meta":{"_lmt_disableupdate":"","_lmt_disable":"","slim_seo":{"title":"Oprit de la slujirea celor sfinte pentru alunecare \u00een schism\u0103 - traditia.md","description":"Av\u00e2nd \u00een vedere p\u0103r\u0103sirea samavolnic\u0103 \u0219i lipsit\u0103 de temei canonic a Eparhiei Chi\u0219in\u0103ului din cadrul Bisericii Ortodoxe din Moldova, \u021bin\u00e2nd cont de nesupunerea f"},"footnotes":""},"categories":[44,38],"tags":[],"class_list":["post-24257","post","type-post","status-publish","format-standard","has-post-thumbnail","hentry","category-actualitate","category-stiri"],"_links":{"self":[{"href":"https:\/\/traditia.md\/ro\/wp-json\/wp\/v2\/posts\/24257","targetHints":{"allow":["GET"]}}],"collection":[{"href":"https:\/\/traditia.md\/ro\/wp-json\/wp\/v2\/posts"}],"about":[{"href":"https:\/\/traditia.md\/ro\/wp-json\/wp\/v2\/types\/post"}],"author":[{"embeddable":true,"href":"https:\/\/traditia.md\/ro\/wp-json\/wp\/v2\/users\/3"}],"replies":[{"embeddable":true,"href":"https:\/\/traditia.md\/ro\/wp-json\/wp\/v2\/comments?post=24257"}],"version-history":[{"count":0,"href":"https:\/\/traditia.md\/ro\/wp-json\/wp\/v2\/posts\/24257\/revisions"}],"wp:featuredmedia":[{"embeddable":true,"href":"https:\/\/traditia.md\/ro\/wp-json\/wp\/v2\/media\/5663"}],"wp:attachment":[{"href":"https:\/\/traditia.md\/ro\/wp-json\/wp\/v2\/media?parent=24257"}],"wp:term":[{"taxonomy":"category","embeddable":true,"href":"https:\/\/traditia.md\/ro\/wp-json\/wp\/v2\/categories?post=24257"},{"taxonomy":"post_tag","embeddable":true,"href":"https:\/\/traditia.md\/ro\/wp-json\/wp\/v2\/tags?post=24257"}],"curies":[{"name":"wp","href":"https:\/\/api.w.org\/{rel}","templated":true}]}}