{"id":24224,"date":"2024-03-05T09:52:42","date_gmt":"2024-03-05T07:52:42","guid":{"rendered":"https:\/\/traditia.md\/?p=24224"},"modified":"2024-03-05T09:53:44","modified_gmt":"2024-03-05T07:53:44","slug":"mitropolitul-longhin-sunt-judecat-pentru-ca-nu-merg-la-biserica-polizorului","status":"publish","type":"post","link":"https:\/\/traditia.md\/ro\/mitropolitul-longhin-sunt-judecat-pentru-ca-nu-merg-la-biserica-polizorului\/","title":{"rendered":"Mitropolitul Longhin: Sunt judecat pentru c\u0103 nu merg la Biserica polizorului"},"content":{"rendered":"<p><strong><em>Arhiereul a declarat c\u0103 va r\u0103m\u00e2ne credincios Bisericii canonice, \u00een care oamenii se roag\u0103, se iubesc \u0219i se iart\u0103.<\/em><\/strong><\/p>\n<p>Mitropolitul Longhin de B\u0103nceni a spus \u00een cadrul unei predici de ce a fost judecat. \u00cenregistrarea video a fost publicat\u0103 pe canalul YouTube al M\u0103n\u0103stirii B\u0103nceni.<\/p>\n<p>\u201eNu v\u0103 teme\u021bi de nimic, fra\u021bi \u0219i surori, pentru c\u0103 adev\u0103rata credin\u021b\u0103 ortodox\u0103 \u0219i Dumnezeu sunt de ne\u00eenvins. R\u0103m\u00e2nem \u00eentr-o Biseric\u0103 veche de mii de ani. R\u0103m\u00e2nem credincio\u0219i lui Dumnezeu, credin\u021bei noastre ortodoxe \u0219i Preafericitului mitropolit Onufrie. \u0218i s\u0103 nu v\u0103 fie fric\u0103 de nimic, doar ruga\u021bi-v\u0103. Prin rug\u0103ciune Dumnezeu ne va da totul. Ne vor judeca, ne vor \u00eenchide. Oare Dumnezeu nu a fost \u00een \u00eenchisoare? Oare Domnul Dumnezeu nu a fost b\u0103tut \u0219i nu a fost judecat? \u0218i aceasta este calea care ne duce c\u0103tre \u00cemp\u0103r\u0103\u021bia lui Dumnezeu spre ve\u0219nicie. \u0218i v\u0103 rog foarte mult s\u0103 nu p\u0103r\u0103si\u021bi Biserica noastr\u0103 ortodox\u0103 canonic\u0103\u201d, a spus mitropolitul.<\/p>\n<p>\u00cen acela\u0219i timp, el a subliniat c\u0103 ast\u0103zi exist\u0103 oameni care \u201e\u00ee\u0219i creeaz\u0103 propriile \u00abbiserici\u00bb\u201d.<\/p>\n<p>\u201e\u0218ti\u021bi pentru ce sunt judecat? Pentru c\u0103 am spus c\u0103 vreau s\u0103 r\u0103m\u00e2n \u00een Biserica lui Dumnezeu. Nu vreau s\u0103 fiu acolo unde ne bat, unde sparg u\u0219ile cu polizoare, unde sunt b\u0103tute b\u0103tr\u00e2nele care s-au rugat toat\u0103 via\u021ba \u00een Biserica lui Dumnezeu. Dar nu am spus ce fel de biseric\u0103 este. Vreau s\u0103 fiu \u00een aceast\u0103 Biseric\u0103, unde este pace, unde nimeni nu este b\u0103tut, unde oamenii se roag\u0103, pl\u00e2ng, se iart\u0103 unii pe al\u021bii. La Dumnezeu nu exist\u0103 neam nici de grec, nici de iudeu, iar casa Tat\u0103lui meu este o cas\u0103 de rug\u0103ciune pentru toate neamurile. Din aceasta cauz\u0103 sunt judecat. Iar cei care \u00eembrac\u0103 uniform\u0103 militar\u0103, d\u00e2n\u0219ii incit\u0103 la du\u0219m\u0103nie interreligioas\u0103, la du\u0219m\u0103nie interetnic\u0103\u201d, a subliniat arhiereul.<\/p>\n<p style=\"text-align: right;\"><em>Sursa: <a href=\"https:\/\/spzh.media\/ro\/news\/79123-mitropolit-lonhin-menja-sudjat-poskolku-ja-ne-idu-v-tserkov-loma-i-bolharki\"><strong>Uniunea Jurnali\u0219tilor Ortodoc\u0219i<\/strong><\/a><\/em><\/p>\n","protected":false},"excerpt":{"rendered":"<p>Arhiereul a declarat c\u0103 va r\u0103m\u00e2ne credincios Bisericii canonice, \u00een care oamenii se roag\u0103, se iubesc \u0219i se iart\u0103. Mitropolitul Longhin de&hellip;<\/p>\n","protected":false},"author":3,"featured_media":24222,"comment_status":"open","ping_status":"closed","sticky":false,"template":"","format":"standard","meta":{"_lmt_disableupdate":"","_lmt_disable":"","slim_seo":{"title":"Mitropolitul Longhin: Sunt judecat pentru c\u0103 nu merg la Biserica polizorului - traditia.md","description":"Arhiereul a declarat c\u0103 va r\u0103m\u00e2ne credincios Bisericii canonice, \u00een care oamenii se roag\u0103, se iubesc \u0219i se iart\u0103. Mitropolitul Longhin de B\u0103nceni a spus \u00een cadr"},"footnotes":""},"categories":[39,38],"tags":[],"class_list":["post-24224","post","type-post","status-publish","format-standard","has-post-thumbnail","hentry","category-biserica-si-societatea","category-stiri"],"_links":{"self":[{"href":"https:\/\/traditia.md\/ro\/wp-json\/wp\/v2\/posts\/24224","targetHints":{"allow":["GET"]}}],"collection":[{"href":"https:\/\/traditia.md\/ro\/wp-json\/wp\/v2\/posts"}],"about":[{"href":"https:\/\/traditia.md\/ro\/wp-json\/wp\/v2\/types\/post"}],"author":[{"embeddable":true,"href":"https:\/\/traditia.md\/ro\/wp-json\/wp\/v2\/users\/3"}],"replies":[{"embeddable":true,"href":"https:\/\/traditia.md\/ro\/wp-json\/wp\/v2\/comments?post=24224"}],"version-history":[{"count":0,"href":"https:\/\/traditia.md\/ro\/wp-json\/wp\/v2\/posts\/24224\/revisions"}],"wp:featuredmedia":[{"embeddable":true,"href":"https:\/\/traditia.md\/ro\/wp-json\/wp\/v2\/media\/24222"}],"wp:attachment":[{"href":"https:\/\/traditia.md\/ro\/wp-json\/wp\/v2\/media?parent=24224"}],"wp:term":[{"taxonomy":"category","embeddable":true,"href":"https:\/\/traditia.md\/ro\/wp-json\/wp\/v2\/categories?post=24224"},{"taxonomy":"post_tag","embeddable":true,"href":"https:\/\/traditia.md\/ro\/wp-json\/wp\/v2\/tags?post=24224"}],"curies":[{"name":"wp","href":"https:\/\/api.w.org\/{rel}","templated":true}]}}