{"id":23728,"date":"2024-02-20T08:51:37","date_gmt":"2024-02-20T06:51:37","guid":{"rendered":"https:\/\/traditia.md\/?p=23728"},"modified":"2024-02-20T08:52:47","modified_gmt":"2024-02-20T06:52:47","slug":"radio-datina-fm-anunta-relansarea-sa-pe-frecventele-radio","status":"publish","type":"post","link":"https:\/\/traditia.md\/ro\/radio-datina-fm-anunta-relansarea-sa-pe-frecventele-radio\/","title":{"rendered":"Radio Datina FM anun\u021b\u0103 relansarea sa pe frecven\u021bele radio"},"content":{"rendered":"<p><strong><em>Cu binecuv\u00e2ntarea \u00cenaltpreasfin\u021bitului mitropolit Vladimir, \u00cent\u00e2ist\u0103t\u0103tor al Bisericii Ortodoxe din Moldova, Radio Datina FM anun\u021b\u0103 relansarea sa pe frecven\u021bele radio.<\/em><\/strong><\/p>\n<p>\u00cencep\u00e2nd cu data de 8 februarie, <strong>Radio Datina FM<\/strong> poate fi ascultat la aceea\u0219i frecven\u021b\u0103 de \u00eencredere, <strong>104.7 FM<\/strong>, oferind astfel continuitate \u0219i hran\u0103 duhovniceasc\u0103 ascult\u0103torilor s\u0103i.<\/p>\n<p>Noutatea major\u0103 a relans\u0103rii const\u0103 \u00een transformarea Radio Datina \u00eentr-un post de radio dedicat \u00een exclusivitate con\u021binutului religios autohton, emi\u021b\u00e2nd 24 de ore din 24.<\/p>\n<p>Printre emisiunile din grila de emisie se num\u0103r\u0103:<\/p>\n<p>= <strong>\u201eSfin\u021bi \u0219i ap\u0103r\u0103tori ai legii str\u0103mo\u0219e\u0219ti\u201d<\/strong> \u2013 o incursiune \u00een vie\u021bile \u0219i faptele sfin\u021bilor care au prosl\u0103vit credin\u021ba neamului nostru.<\/p>\n<p>= <strong>\u201eG\u00e2nduri duhovnice\u0219ti\u201d<\/strong> \u2013 momente de reflec\u021bie \u0219i inspira\u021bie duhovniceasc\u0103.<\/p>\n<p>= <strong>Slujbe religioase<\/strong> \u2013 transmiteri directe ale slujbelor din diferite biserici, aduc\u00e2nd credincio\u0219ii mai aproape de Dumnezeu.<\/p>\n<p>= <strong>Rug\u0103ciunile de diminea\u021b\u0103 \u0219i sear\u0103<\/strong> \u2013 suport duhovnicesc pentru \u00eenceputul \u0219i sf\u00e2r\u0219itul fiec\u0103rei zile.<\/p>\n<p>= <strong>Muzic\u0103 religioas\u0103<\/strong> \u2013 o gam\u0103 vast\u0103 de c\u00e2nt\u0103ri ortodoxe care \u00eencurajeaz\u0103 \u0219i \u00eent\u0103resc credin\u021ba.<\/p>\n<p>= <strong>Pelerinaje la biserici \u0219i m\u0103n\u0103stiri<\/strong> \u2013 c\u0103l\u0103torii sonore la locuri sfinte din \u021bar\u0103 \u0219i de peste hotare.<\/p>\n<p>= <strong>Medita\u021bii cre\u0219tine \u0219i emisiuni pentru educa\u021bia religioas\u0103 a copiilor<\/strong> \u2013 un sprijin pentru dezvoltarea spiritual\u0103 a celor mici.<\/p>\n<p>Relansarea Radio Datina FM reprezint\u0103 un angajament profund fa\u021b\u0103 de misiunea sa de a aduce \u00een casele ascult\u0103torilor con\u021binut spiritual de calitate, oferindu-le oportunitatea de a se conecta cu valorile \u0219i tradi\u021biile ortodoxe bimilenare.<\/p>\n<p>Radio Datina FM v\u0103 invit\u0103 s\u0103 fi\u021bi al\u0103turi \u00een aceast\u0103 lucrare de prop\u0103\u0219ire duhovniceasc\u0103 \u0219i s\u0103 v\u0103 bucura\u021bi de con\u021binutul bogat dedicat credin\u021bei \u0219i tr\u0103irii ortodoxe.<\/p>\n<p style=\"text-align: right;\"><em>Sursa: <a href=\"https:\/\/mitropolia.md\/radio-datina-fm-anunta-relansarea-sa-pe-frecventele-radio\/?fbclid=IwAR0gO6HbicQ0KJ0JWyV3j-TExS4jS3nzLvbYTZB4lHl9DHI7PLptg66fDO4\"><strong>Mitropolia Chi\u0219in\u0103ului \u0219i a \u00eentregii Moldove<\/strong><\/a> cu referin\u021b\u0103 la Radio Datina FM<\/em><\/p>\n","protected":false},"excerpt":{"rendered":"<p>Cu binecuv\u00e2ntarea \u00cenaltpreasfin\u021bitului mitropolit Vladimir, \u00cent\u00e2ist\u0103t\u0103tor al Bisericii Ortodoxe din Moldova, Radio Datina FM anun\u021b\u0103 relansarea sa pe frecven\u021bele radio. \u00cencep\u00e2nd cu&hellip;<\/p>\n","protected":false},"author":3,"featured_media":23726,"comment_status":"open","ping_status":"closed","sticky":false,"template":"","format":"standard","meta":{"_lmt_disableupdate":"","_lmt_disable":"","slim_seo":{"title":"Radio Datina FM anun\u021b\u0103 relansarea sa pe frecven\u021bele radio - traditia.md","description":"Cu binecuv\u00e2ntarea \u00cenaltpreasfin\u021bitului mitropolit Vladimir, \u00cent\u00e2ist\u0103t\u0103tor al Bisericii Ortodoxe din Moldova, Radio Datina FM anun\u021b\u0103 relansarea sa pe frecven\u021bele"},"footnotes":""},"categories":[44,38],"tags":[],"class_list":["post-23728","post","type-post","status-publish","format-standard","has-post-thumbnail","hentry","category-actualitate","category-stiri"],"_links":{"self":[{"href":"https:\/\/traditia.md\/ro\/wp-json\/wp\/v2\/posts\/23728","targetHints":{"allow":["GET"]}}],"collection":[{"href":"https:\/\/traditia.md\/ro\/wp-json\/wp\/v2\/posts"}],"about":[{"href":"https:\/\/traditia.md\/ro\/wp-json\/wp\/v2\/types\/post"}],"author":[{"embeddable":true,"href":"https:\/\/traditia.md\/ro\/wp-json\/wp\/v2\/users\/3"}],"replies":[{"embeddable":true,"href":"https:\/\/traditia.md\/ro\/wp-json\/wp\/v2\/comments?post=23728"}],"version-history":[{"count":0,"href":"https:\/\/traditia.md\/ro\/wp-json\/wp\/v2\/posts\/23728\/revisions"}],"wp:featuredmedia":[{"embeddable":true,"href":"https:\/\/traditia.md\/ro\/wp-json\/wp\/v2\/media\/23726"}],"wp:attachment":[{"href":"https:\/\/traditia.md\/ro\/wp-json\/wp\/v2\/media?parent=23728"}],"wp:term":[{"taxonomy":"category","embeddable":true,"href":"https:\/\/traditia.md\/ro\/wp-json\/wp\/v2\/categories?post=23728"},{"taxonomy":"post_tag","embeddable":true,"href":"https:\/\/traditia.md\/ro\/wp-json\/wp\/v2\/tags?post=23728"}],"curies":[{"name":"wp","href":"https:\/\/api.w.org\/{rel}","templated":true}]}}