{"id":23674,"date":"2024-02-18T14:28:58","date_gmt":"2024-02-18T12:28:58","guid":{"rendered":"https:\/\/traditia.md\/?p=23674"},"modified":"2024-02-18T19:17:11","modified_gmt":"2024-02-18T17:17:11","slug":"visul-intampinarii-domnului-vazut-cu-ochii-larg-deschisi","status":"publish","type":"post","link":"https:\/\/traditia.md\/ro\/visul-intampinarii-domnului-vazut-cu-ochii-larg-deschisi\/","title":{"rendered":"Visul \u00cent\u00e2mpin\u0103rii Domnului v\u0103zut cu ochii larg deschi\u0219i"},"content":{"rendered":"<p><strong><em>Fiecare zi din cele \u0219apte ce urmeaz\u0103 dup\u0103 \u00cent\u00e2mpinarea Domnului trec sub semnul acestei mari s\u0103rb\u0103tori \u0219i deloc \u00eent\u00e2mpl\u0103tor ele \u00een limbajul bisericesc se numesc dup\u0103-pr\u0103znuire. Propunem aten\u021biei cititorilor un articol al preotului ucrainean Igor Reabko \u00een care minunatul eveniment istoric este analizat prin prisma vie\u021bii omului contemporan.<\/em><\/strong><\/p>\n<p>Sf\u00e2ntul \u0219i dreptul Simeon Primitorul de Dumnezeu a a\u0219teptat, potrivit tradi\u021biei, vreo trei sute de ani plecarea sa din via\u021ba p\u0103m\u00e2nteasc\u0103. \u00cen tot acest timp a reu\u0219it s\u0103 vad\u0103 \u0219i s\u0103 treac\u0103 prin multe. Dar nu a c\u00e2rtit \u0219i nici nu s-a \u00eentristat, pentru c\u0103 avea un scop. \u0218i omul drept a a\u0219teptat cu r\u0103bdare ca Dumnezeu s\u0103-l conduc\u0103 la acest scop.<\/p>\n<p>Dac\u0103 compar\u0103m mersul agale \u0219i curgerea lini\u0219tit\u0103 a acelei perioade din istoria omenirii \u00een care a vie\u021buit Simeon Primitorul de Dumnezeu, vom vedea c\u0103 oamenii contemporani \u00een scurta lor via\u021b\u0103 reu\u0219esc s\u0103 experimenteze nu mai pu\u021bine, dar poate \u0219i mai multe evenimente dec\u00e2t stare\u021bul Vechiului Testament de-a lungul a sute de ani. Cu c\u00e2t \u00eenaint\u0103m de-a lungul secolelor, cu at\u00e2t trecerea rapid\u0103 a timpului se accelereaz\u0103, cufund\u00e2ndu-ne \u00eentr-un v\u00e2rtej de evenimente din ce \u00een ce mai tragice. Cataclisme, cutremure, epidemii provocate de om, r\u0103zboaie s\u00e2ngeroase, conduc\u0103tori nebuni care condamn\u0103 milioane de oameni la suferin\u021be groaznice&#8230;<\/p>\n<p>Tot ceea ce se \u00eent\u00e2mpl\u0103 este at\u00e2t de demen\u021bial, \u00eenc\u00e2t mintea noastr\u0103 refuz\u0103 s\u0103 cread\u0103 \u00een realitatea acestor evenimente. Cu c\u00e2t \u00eencerc\u0103m s\u0103 ne zbatem mai mult pentru a ie\u0219i cumva din aceast\u0103 mocirl\u0103, cu at\u00e2t mai mult suntem atra\u0219i \u00een ea. Ce ar trebui s\u0103 facem \u0219i cum s\u0103 tr\u0103im, fiind implica\u021bi \u00een ciclul acestor circumstan\u021be grele?<\/p>\n<p>Primul pas, a\u0219a cum ne \u00eenva\u021b\u0103 marii duhovnici, este s\u0103 ne lini\u0219tim mintea panicat\u0103 \u0219i isteric\u0103. Singura modalitate prin care o putem opri \u2013 este rug\u0103ciunea. Toate problemele noastre nu se g\u0103sesc, de fapt, \u00een lumea care fierbe \u00een lava de foc, ci \u00een noi \u00een\u0219ine.<\/p>\n<p>Sf\u00e2ntul Simeon Primitorul de Dumnezeu \u0219tia c\u0103 acolo, la cap\u0103tul drumului, \u00eel a\u0219tepta Lumina venit\u0103 \u00een lume. El va vedea Soarele Adev\u0103rului \u0219i al Dragostei r\u0103s\u0103rind pe cerul omenirii. V\u0103z\u00e2nd aceast\u0103 Lumin\u0103, \u00eembr\u0103\u021bi\u0219\u00e2nd-O, str\u00e2ng\u00e2nd-O la piept, a intrat \u00een \u00eentunericul mor\u021bii, purt\u00e2nd str\u0103lucirea Ei \u00een inima sa. A plecat pentru a a\u0219tepta din nou \u00een \u00eentunericul mor\u021bii ceasul \u00een care Logosul divin \u00eel va conduce \u00eempreun\u0103 cu al\u021bi oameni drep\u021bi \u00een pridvorul \u00cemp\u0103r\u0103\u021biei Cerurilor.<\/p>\n<p>Dar chiar \u0219i dup\u0103 aceasta, Sf\u00e2ntul Simeon trebuie din nou s\u0103 a\u0219tepte. S\u0103 a\u0219tepte sf\u00e2r\u0219itul lumii, cea de-a Doua Venire a Fiului lui Dumnezeu pe P\u0103m\u00e2nt, Judecata de Apoi, pentru ca \u00eempreun\u0103 cu to\u021bi sfin\u021bii care au pl\u0103cut lui Dumnezeu din veacuri s\u0103 intre \u00een \u00cemp\u0103r\u0103\u021bia lui Dumnezeu.<\/p>\n<p>Suntem \u00een condi\u021bii mult mai bune dec\u00e2t Simeon Primitorul de Dumnezeu. Pentru c\u0103 Evanghelia ne-a descoperit ceva ce acest stare\u021b \u00eenc\u0103 nu \u0219tia. Cunoa\u0219tem c\u0103 \u201eeul\u201d nostru nu este nici trup, nici suflet. Exist\u0103 duhul \u00een om \u2013 imperturbabil, frumos, sublim. El, ca o lum\u00e2nare ce nu se stinge, arde \u00een inima noastr\u0103 duhovniceasc\u0103, care nu poate fi suflat\u0103 sau zguduit\u0103 de nicio furtun\u0103 pe p\u0103m\u00e2nt.<\/p>\n<p>Duhul lui Dumnezeu, cobor\u00e2nd \u00een inim\u0103 ca o Lumin\u0103 Lin\u0103, se une\u0219te cu duhul uman \u0219i \u00eel \u00eendumnezeie\u0219te. Necazul nostru este c\u0103 mintea zadarnic\u0103 \u0219i nelini\u0219tit\u0103 acoper\u0103 de la noi str\u0103lucirea acestui Duh. Duhul lui Dumnezeu nu poate fi stins \u00een noi, dar <em>\u201etu, nep\u0103s\u00e2ndu-\u021bi de Duh \u0219i neacord\u00e2nd cu El voia ta, te stingi pentru el.\u201d<\/em> (Cuviosul Macarie cel Mare).<\/p>\n<p><em>\u201eDac\u0103 tr\u0103im \u00een Duhul, s\u0103 \u0219i umbl\u0103m \u00een Duhul\u201d<\/em> (Gal. 5:25), ne \u00eendeamn\u0103 apostolul Pavel.<\/p>\n<p>Dac\u0103 ne uit\u0103m \u00eenapoi la anii pe care i-am tr\u0103it, vom vedea c\u0103 ei to\u021bi au trecut ca \u00eentr-o clipit\u0103. Toat\u0103 via\u021ba noastr\u0103 va zbura \u00een acela\u0219i mod. Ea toat\u0103 este ca un vis pe care \u00eel privim cu ochii larg deschi\u0219i. C\u00e2nd suntem purta\u021bi de somn, nu ne d\u0103m seama c\u0103 este un vis. \u00cel percepem ca pe o realitate. Numai c\u00e2nd vedem \u00een somn un co\u0219mar, s\u0103rim din pat \u00een sudoare rece de groaza visului, oft\u00e2nd u\u0219ura\u021bi c\u0103 este doar un vis.<\/p>\n<p>Sper c\u0103 atunci c\u00e2nd ne vom trezi din co\u0219marul vie\u021bii noastre p\u0103m\u00e2nte\u0219ti, vom r\u0103sufla u\u0219ura\u021bi. A fost doar o via\u021b\u0103 temporar\u0103. \u0218i slav\u0103 Domnului c\u0103 a trecut.<\/p>\n<p>Dar ce s\u0103 facem acum c\u00e2nd \u00eenc\u0103 dormim? At\u00e2ta timp c\u00e2t sufletul este cufundat \u00een imaginile \u0219i priveli\u0219tile acestei lumi, \u00eei este greu s\u0103-\u0219i aminteasc\u0103 de Dumnezeu. \u00cens\u0103 c\u00e2nd un co\u0219mar vine \u00een via\u021ba noastr\u0103, \u00eencepem noi \u00een\u0219ine s\u0103-L c\u0103ut\u0103m pe Dumnezeu. Ca \u0219i cum ne-am trezi din hibernare, \u00eencerc\u0103m s\u0103 ridic\u0103m rug\u0103ciuni \u0219i s\u0103 \u00cel c\u0103ut\u0103m pe Acela Care este Singurul ce ne poate oferi o mare pace \u0219i m\u00e2ng\u00e2iere.<\/p>\n<p>O zi tr\u0103it\u0103 este o mini-via\u021b\u0103. Dup\u0103 aceea vine somnul \u2013 o aparen\u021b\u0103 a mor\u021bii. \u00centreaga noastr\u0103 via\u021b\u0103 mare este format\u0103 din aceste vie\u021bi mici. De aceea fiecare sear\u0103 trebuie s\u0103 o petrecem \u00een poc\u0103in\u021b\u0103 profund\u0103, ca \u00eenainte de moarte. S\u0103 con\u0219tientiz\u0103m unde \u0219i cum s-a dep\u0103rtat inima noastr\u0103 de Hristos, de ce sufletul nostru a fost cufundat \u00een de\u0219ert\u0103ciune. O astfel de poc\u0103in\u021b\u0103 ne va men\u021bine \u00een smerenie \u0219i ne va ajuta s\u0103 realiz\u0103m unde ne \u00eendep\u0103rt\u0103m de Dumnezeu \u0219i unde ne apropiem de El.<\/p>\n<p>La fel, diminea\u021ba ar trebui s\u0103 \u00eenceap\u0103 nu cu citirea \u0219tirilor telefonice, ci cu faptul c\u0103, de \u00eendat\u0103 ce deschidem ochii, s\u0103 ne concentr\u0103m imediat asupra rug\u0103ciunii.<\/p>\n<p>Este bine s\u0103 adormim cu Rug\u0103ciunea lui Isus \u00een inim\u0103, s\u0103 o relu\u0103m noaptea c\u00e2nd ne trezim brusc \u0219i s\u0103\u00a0 \u00eencepem imediat ziua cu ea de \u00eendat\u0103 ce ne trezim din somn.<\/p>\n<p>Diminea\u021ba, g\u00e2nde\u0219te-te cum vei petrece aceast\u0103 zi: cufundat \u00eentr-un v\u00e2rtej de g\u00e2nduri sau p\u0103str\u00e2nd aten\u021bia \u00een inima ta? Diminea\u021ba este de fiecare dat\u0103 \u00eenceputul unei noi vie\u021bi, nu o rata\u021bi, \u00eencep\u00e2nd cu amintirea lui Dumnezeu. Apoi toat\u0103 ziua, oriunde am fi \u0219i oriunde am merge, ne vom aminti de Dumnezeu \u0219i c\u0103 tr\u0103im numai de dragul m\u00e2ntuirii noastre. Practica noastr\u0103 duhovniceasc\u0103 ar trebui s\u0103 \u00eenceap\u0103 imediat ce ne trezim din somn.<\/p>\n<p>Mintea este o creatur\u0103 viclean\u0103. \u021aesut\u0103 din g\u00e2ndurile noastre, este controlat\u0103 cu viclenie de ispititorul omenirii. Unii oameni tr\u0103iesc pentru ei \u00een\u0219i\u0219i, conform principiului \u201epo\u021bi face totul at\u00e2ta timp, c\u00e2t nimeni nu afl\u0103\u201d. Al\u021bi oameni au inten\u021bii nobile \u0219i dorin\u021ba de a face din aceast\u0103 lume un loc mai bun. Dar nici unii, nici cel\u0103lal\u021bi nu-\u0219i amintesc de m\u00e2ntuirea lor. Indiferent de eforturile pe care le fac oamenii, lumea a fost \u0219i r\u0103m\u00e2ne un ispititor viclean \u0219i mincinos. Indiferent c\u00e2t de mult ai m\u00e2ng\u00e2ia coada unui maidanez, aceasta nu va deveni mai neted\u0103. Acela\u0219i lucru se poate spune despre lume. Ea a fost, este \u0219i va fi plin\u0103 de m\u00e2ndrie \u0219i pofte. La fel \u0219i egoismul nostru, indiferent ce facem cu el, ne va \u00een\u0219ela \u00een cele din urm\u0103 \u0219i ne va \u00eempinge la zid c\u00e2nd via\u021ba noastr\u0103 se va sf\u00e2r\u0219i.<\/p>\n<p>Tot ceea ce \u0219tim despre lume, univers, despre noi \u00een\u0219ine \u0219i al\u021bii, nu ne va face niciodat\u0103 sfin\u021bi. Chiar dac\u0103 vom citi toate c\u0103r\u021bile teologice din lume, nu ne vom apropia m\u0103car cu un pas de m\u00e2ntuire. Cuno\u0219tin\u021bele nu vor face altceva dec\u00e2t s\u0103 ne cufunde tot mai ad\u00e2nc \u00een somnul p\u0103m\u00e2ntesc, lini\u0219tindu-ne cu un c\u00e2ntec de leag\u0103n numit \u201eOpinia despre sine\u201d.<\/p>\n<p>Dac\u0103 educa\u021bia teologic\u0103 ar fi necesar\u0103 pentru m\u00e2ntuirea sufletului, atunci ar trebui s\u0103 elimin\u0103m din sinaxar, cred, nu mai pu\u021bin de nou\u0103zeci la sut\u0103 dintre sfin\u021bi. Sfin\u021benia se realizeaz\u0103 nu prin studiile seminarului, ci prin autocunoa\u0219tere. C\u00e2nd o persoan\u0103 \u00ee\u0219i cunoa\u0219te propriul duh \u00een timpul practicilor duhovnice\u0219ti, tr\u0103ind \u00een t\u0103cerea sa fericit\u0103, atunci o pic\u0103tur\u0103 de astfel de experien\u021b\u0103 va fi mai valoroas\u0103 dec\u00e2t toate tezele academice din lume.<\/p>\n<p>Pentru a fi m\u00e2ntuit, nu e nevoie s\u0103 \u201erozi granitul \u0219tiin\u021bei\u201d, trebuie s\u0103-\u021bi smere\u0219ti mintea prin rug\u0103ciune \u0219i post \u0219i s\u0103 o une\u0219ti cu inima duhovniceasc\u0103. Apoi ea \u00eencepe s\u0103 sl\u0103beasc\u0103 \u0219i dispare, revenind \u00eenapoi \u00een inima de unde a ie\u0219it \u00een copil\u0103ria noastr\u0103. O minte smerit\u0103 se \u00eentoarce singur\u0103 \u00een loca\u0219ul s\u0103u\u00a0 duhovnicesc, l\u0103s\u00e2nd cu mult \u00een urm\u0103 toate cuno\u0219tin\u021bele lume\u0219ti. Atunci Lumina Cereasc\u0103 se aprinde \u00een inima noastr\u0103 duhovniceasc\u0103, trezind omul din somnul mor\u021bii cu nemurirea sa.<\/p>\n<p><em>\u201eMai \u00eent\u00e2i trebuie s\u0103 existe dob\u00e2ndirea nep\u0103timirii \u0219i abia apoi intrarea \u00een Sf\u00e2nta Sfintelor \u2013 \u00een t\u0103cerea evlavioas\u0103 a duhului. T\u0103cerea duhului care a primit Duhul lui Dumnezeu este sf\u00e2r\u0219itul somnului de moarte. Las\u0103 totul \u00een seama lui Dumnezeu: g\u00e2ndurile, grijile, planurile, nelini\u0219tile, visele. Este o mare fericire s\u0103 nu te g\u00e2nde\u0219ti la nimic. Este o mare binecuv\u00e2ntare s\u0103 te afli \u00een mod constant \u00een har. Este o mare minune s\u0103 tr\u0103ie\u0219ti \u00een inim\u0103 cu Hristos.\u201d<\/em> (stare\u021bul Simon Nes\u00e2ngerosul).<\/p>\n<p style=\"text-align: right;\"><strong><em>Protoiereul Igor\u00a0 Reabko<\/em><\/strong><\/p>\n<p style=\"text-align: right;\"><em>Sursa: <a href=\"https:\/\/spzh.media\/ru\/chelovek-i-cerkovy\/78847-sretenskij-son-s-shiroko-otkrytymi-hlazami\"><strong>Uniunea jurnali\u0219tilor ortodoc\u0219i<\/strong><\/a><\/em><\/p>\n","protected":false},"excerpt":{"rendered":"<p>Fiecare zi din cele \u0219apte ce urmeaz\u0103 dup\u0103 \u00cent\u00e2mpinarea Domnului trec sub semnul acestei mari s\u0103rb\u0103tori \u0219i deloc \u00eent\u00e2mpl\u0103tor ele \u00een limbajul&hellip;<\/p>\n","protected":false},"author":3,"featured_media":23672,"comment_status":"open","ping_status":"closed","sticky":false,"template":"","format":"standard","meta":{"_lmt_disableupdate":"","_lmt_disable":"","slim_seo":{"title":"Visul \u00cent\u00e2mpin\u0103rii Domnului v\u0103zut cu ochii larg deschi\u0219i - traditia.md","description":"Fiecare zi din cele \u0219apte ce urmeaz\u0103 dup\u0103 \u00cent\u00e2mpinarea Domnului trec sub semnul acestei mari s\u0103rb\u0103tori \u0219i deloc \u00eent\u00e2mpl\u0103tor ele \u00een limbajul bisericesc se numesc"},"footnotes":""},"categories":[39,38],"tags":[],"class_list":["post-23674","post","type-post","status-publish","format-standard","has-post-thumbnail","hentry","category-biserica-si-societatea","category-stiri"],"_links":{"self":[{"href":"https:\/\/traditia.md\/ro\/wp-json\/wp\/v2\/posts\/23674","targetHints":{"allow":["GET"]}}],"collection":[{"href":"https:\/\/traditia.md\/ro\/wp-json\/wp\/v2\/posts"}],"about":[{"href":"https:\/\/traditia.md\/ro\/wp-json\/wp\/v2\/types\/post"}],"author":[{"embeddable":true,"href":"https:\/\/traditia.md\/ro\/wp-json\/wp\/v2\/users\/3"}],"replies":[{"embeddable":true,"href":"https:\/\/traditia.md\/ro\/wp-json\/wp\/v2\/comments?post=23674"}],"version-history":[{"count":0,"href":"https:\/\/traditia.md\/ro\/wp-json\/wp\/v2\/posts\/23674\/revisions"}],"wp:featuredmedia":[{"embeddable":true,"href":"https:\/\/traditia.md\/ro\/wp-json\/wp\/v2\/media\/23672"}],"wp:attachment":[{"href":"https:\/\/traditia.md\/ro\/wp-json\/wp\/v2\/media?parent=23674"}],"wp:term":[{"taxonomy":"category","embeddable":true,"href":"https:\/\/traditia.md\/ro\/wp-json\/wp\/v2\/categories?post=23674"},{"taxonomy":"post_tag","embeddable":true,"href":"https:\/\/traditia.md\/ro\/wp-json\/wp\/v2\/tags?post=23674"}],"curies":[{"name":"wp","href":"https:\/\/api.w.org\/{rel}","templated":true}]}}