{"id":23641,"date":"2024-02-17T09:35:06","date_gmt":"2024-02-17T07:35:06","guid":{"rendered":"https:\/\/traditia.md\/?p=23641"},"modified":"2024-02-17T09:36:54","modified_gmt":"2024-02-17T07:36:54","slug":"oprit-de-la-slujire-pentru-alunecarea-in-schisma","status":"publish","type":"post","link":"https:\/\/traditia.md\/ro\/oprit-de-la-slujire-pentru-alunecarea-in-schisma\/","title":{"rendered":"Oprit de la slujire pentru alunecarea \u00een schism\u0103"},"content":{"rendered":"<p><strong><em>Clericul Nicolae Grapin din cadrul Eparhiei Chi\u0219in\u0103ului a fost oprit de a s\u0103v\u00e2r\u0219i cele sfinte.<\/em><\/strong><\/p>\n<p>Lu\u00e2nd act de p\u0103r\u0103sirea samavolnic\u0103 \u0219i lipsit\u0103 de temei canonic a Eparhiei Chi\u0219in\u0103ului din cadrul Bisericii Ortodoxe din Moldova \u0219i \u021bin\u00e2nd cont de nesupunerea fa\u021b\u0103 de autorit\u0103\u021bile biserice\u0219ti ierarhic-superioare, precum \u0219i pentru \u00eenc\u0103lcarea jur\u0103m\u00e2ntului depus la hirotonie, printr-un decret al mitropolitului Chi\u0219in\u0103ului \u0219i al \u00eentregii Moldove Vladimir parohul bisericii \u201eAdormirea Maicii Domnului\u201d din ora\u0219ul Telene\u0219ti protoiereul Nicolae Grapin a fost eliberat din func\u021bie \u0219i oprit de la s\u0103v\u00e2r\u0219irea celor sfinte.<\/p>\n<p>O decizie definitiv\u0103 cu privire la ac\u021biunile anticanonice \u00eentreprinse de acest cleric va fi adoptat\u0103 de c\u0103tre Sinodul Bisericii Ortodoxe din Moldova.<\/p>\n<p><img fetchpriority=\"high\" decoding=\"async\" class=\"size-full wp-image-23639 aligncenter\" src=\"https:\/\/traditia.md\/wp-content\/uploads\/2024\/02\/doc12.jpg\" alt=\"Doc12\" width=\"750\" height=\"945\" srcset=\"https:\/\/traditia.md\/wp-content\/uploads\/2024\/02\/doc12.jpg 750w, https:\/\/traditia.md\/wp-content\/uploads\/2024\/02\/doc12-238x300.jpg 238w, https:\/\/traditia.md\/wp-content\/uploads\/2024\/02\/doc12-585x737.jpg 585w\" sizes=\"(max-width: 750px) 100vw, 750px\" \/><\/p>\n<p style=\"text-align: right;\"><em>Sursa: <a href=\"https:\/\/mitropolia.md\/prot-nicolae-grapin-paroh-al-bisericii-adormirea-maicii-domnului-din-telenesti-a-fost-oprit-de-a-oficia-cele-sfinte\/\"><strong>Mitropolia Chi\u0219in\u0103ului \u0219i a \u00eentregii Moldove<\/strong><\/a><\/em><\/p>\n","protected":false},"excerpt":{"rendered":"<p>Clericul Nicolae Grapin din cadrul Eparhiei Chi\u0219in\u0103ului a fost oprit de a s\u0103v\u00e2r\u0219i cele sfinte. Lu\u00e2nd act de p\u0103r\u0103sirea samavolnic\u0103 \u0219i lipsit\u0103&hellip;<\/p>\n","protected":false},"author":3,"featured_media":5663,"comment_status":"open","ping_status":"closed","sticky":false,"template":"","format":"standard","meta":{"_lmt_disableupdate":"","_lmt_disable":"","slim_seo":{"title":"Oprit de la slujire pentru alunecarea \u00een schism\u0103 - traditia.md","description":"Clericul Nicolae Grapin din cadrul Eparhiei Chi\u0219in\u0103ului a fost oprit de a s\u0103v\u00e2r\u0219i cele sfinte. Lu\u00e2nd act de p\u0103r\u0103sirea samavolnic\u0103 \u0219i lipsit\u0103 de temei canonic a"},"footnotes":""},"categories":[38,1720],"tags":[],"class_list":["post-23641","post","type-post","status-publish","format-standard","has-post-thumbnail","hentry","category-stiri","category-unitatea-bisericii"],"_links":{"self":[{"href":"https:\/\/traditia.md\/ro\/wp-json\/wp\/v2\/posts\/23641","targetHints":{"allow":["GET"]}}],"collection":[{"href":"https:\/\/traditia.md\/ro\/wp-json\/wp\/v2\/posts"}],"about":[{"href":"https:\/\/traditia.md\/ro\/wp-json\/wp\/v2\/types\/post"}],"author":[{"embeddable":true,"href":"https:\/\/traditia.md\/ro\/wp-json\/wp\/v2\/users\/3"}],"replies":[{"embeddable":true,"href":"https:\/\/traditia.md\/ro\/wp-json\/wp\/v2\/comments?post=23641"}],"version-history":[{"count":0,"href":"https:\/\/traditia.md\/ro\/wp-json\/wp\/v2\/posts\/23641\/revisions"}],"wp:featuredmedia":[{"embeddable":true,"href":"https:\/\/traditia.md\/ro\/wp-json\/wp\/v2\/media\/5663"}],"wp:attachment":[{"href":"https:\/\/traditia.md\/ro\/wp-json\/wp\/v2\/media?parent=23641"}],"wp:term":[{"taxonomy":"category","embeddable":true,"href":"https:\/\/traditia.md\/ro\/wp-json\/wp\/v2\/categories?post=23641"},{"taxonomy":"post_tag","embeddable":true,"href":"https:\/\/traditia.md\/ro\/wp-json\/wp\/v2\/tags?post=23641"}],"curies":[{"name":"wp","href":"https:\/\/api.w.org\/{rel}","templated":true}]}}