{"id":23454,"date":"2024-02-12T08:51:14","date_gmt":"2024-02-12T06:51:14","guid":{"rendered":"https:\/\/traditia.md\/?p=23454"},"modified":"2024-02-12T08:52:53","modified_gmt":"2024-02-12T06:52:53","slug":"sfintii-trei-ierarhi","status":"publish","type":"post","link":"https:\/\/traditia.md\/ro\/sfintii-trei-ierarhi\/","title":{"rendered":"Sfin\u021bii Trei Ierarhi"},"content":{"rendered":"<p><strong><em>La 12 februarie (30 ianuarie stil vechi) Biserica s\u0103v\u00e2r\u0219e\u0219te pomenirea Sfin\u021bilor Trei Ierarhi: Vasile cel Mare, Grigorie de Dumnezeu Cuv\u00e2nt\u0103torul \u015fi Ioan Gur\u0103 de Aur, mari dasc\u0103li \u0219i \u00eenv\u0103\u021b\u0103tori ai lumii (secolele al IV-lea \u0219i al V-lea).<\/em><\/strong><\/p>\n<p>Pricina praznicului acestuia a fost \u00een acest chip: \u00een zilele \u00eemp\u0103r\u0103\u0163iei lui Alexios I Comnenul (1081-1118) s-a f\u0103cut \u00eemp\u0103r\u0163ire \u015fi prigonire \u00eentre b\u0103rba\u0163ii cei pricopsi\u0163i \u00een \u00eenv\u0103\u0163\u0103turi \u015fi \u00eembun\u0103t\u0103\u0163i\u0163i.<\/p>\n<p>C\u0103ci unii cinsteau mai mult pe marele Vasile, zic\u00eend despre d\u00eensul c\u0103 este \u00eenalt la cuvinte, ca unul ce a cercetat \u015fi a ispitit firea lucrurilor prin sine, \u015fi cum c\u0103 era at\u00eet de mult \u00eembun\u0103t\u0103\u0163it, \u00eenc\u00eet pu\u0163in \u00eei lipsea de a-l asem\u0103na pe el cu \u00eengerii. C\u0103ci nu f\u0103cea pogor\u0103m\u00eent legii, nici ierta cu lesnire, ci era greu la obicei \u015fi aspru, neav\u00eend la sine nici un lucru p\u0103m\u00eentesc. Iar pe dumnezeiescul Ioan Gur\u0103 de Aur \u00eel mic\u015forau, ca \u015fi cum ar fi fost \u00een oarecare chip potrivnic marelui Vasile, fiindc\u0103 era lesnicios \u015fi atr\u0103g\u0103tor c\u0103tre poc\u0103in\u0163\u0103.<\/p>\n<p>Erau \u00eens\u0103 al\u0163ii care \u00een\u0103l\u0163au pe dumnezeiescul Hrisostom, ca \u015fi cum ar fi fost \u00een \u00eenv\u0103\u0163\u0103turi mai cu pogor\u0103m\u00eent omenesc \u015fi cum c\u0103 mai cu \u00eenlesnire pov\u0103\u0163uia pe to\u0163i, \u015fi \u00eei chema c\u0103tre poc\u0103in\u0163\u0103. Deci, \u00eel cinsteau mai mult dec\u00eet pe marele Vasile \u015fi dec\u00eet pe Grigorie at\u00eet pentru mul\u0163imea cuvintelor celor de miere curg\u0103toare, c\u00eet \u015fi pentru iscusin\u0163a cuget\u0103rilor.<\/p>\n<p>Al\u0163ii, iar\u0103\u015fi, cinsteau mai mult pe dumnezeiescul Grigorie, ca cel ce a \u00eentrecut \u00een \u00een\u0163elepciune \u015fi \u00een \u00eenv\u0103\u0163\u0103tur\u0103 elineasc\u0103 pe to\u0163i dasc\u0103lii cei vesti\u0163i \u015fi pe elini, cum \u015fi pentru frumuse\u0163ea cuvintelor \u015fi \u00eenflorirea lor. Deci, ziceau, cum c\u0103 \u00een\u0163eleptul Grigorie biruia pe to\u0163i \u015fi cum c\u0103 acestuia i se c\u0103dea \u00eent\u00eeietatea.<\/p>\n<p>Atunci, prin o pricin\u0103 ca aceasta a celor \u00eenv\u0103\u0163a\u0163i s-a \u00eent\u00eemplat de s-a desp\u0103r\u0163it mul\u0163imea poporului. \u015ei unii se ziceau Ioaniteni, al\u0163ii Vasiliteni, iar al\u0163ii Grigoriteni.<\/p>\n<p>Deci, astfel sf\u0103dindu-se cei \u00een\u0163elep\u0163i \u015fi zic\u00eend \u00eentre d\u00een\u015fii multe feluri de cuvinte, de trei ori ferici\u0163ii ace\u015ftia dasc\u0103li au voit s\u0103-i \u00eempace, ca s\u0103 nu se mai sf\u0103deasc\u0103 \u00een de\u015fert. Pentru aceea, dup\u0103 c\u00ee\u0163iva ani, s-au ar\u0103tat sfin\u0163ii ierarhi, mai \u00eent\u00eei c\u00eete unul deosebit, apoi \u015fi c\u00eete trei \u00eempreun\u0103, nu \u00een vis, ci aievea la ar\u0103tare, lui Ioan, mitropolitul cet\u0103\u0163ii Evhaitenilor, care era om \u00eembun\u0103t\u0103\u0163it \u015fi prea\u00een\u0163elept, dup\u0103 cum \u015fi scrierile lui \u00eel arat\u0103.<\/p>\n<p>\u015ei to\u0163i trei au zis c\u0103tre d\u00eensul cu un glas:<\/p>\n<p><em>\u201eNoi, precum vezi, una s\u00eentem la Dumnezeu \u015fi nu este \u00eentre noi nici o sfad\u0103 sau \u00eempotrivire, ci fiecare \u00een vremea sa pornindu-se de dumnezeiescul Duh, am scris \u00eenv\u0103\u0163\u0103turile spre m\u00eentuirea cea de ob\u015fte \u015fi folosul oamenilor; \u015fi acelea pe care le-am \u00eenv\u0103\u0163at noi \u00een\u015fine, le-am dat \u015fi altora spre \u00eenmul\u0163irea talantului nostru \u015fi nu este \u00eentre noi vreunul \u00eent\u00eei sau al doilea, ci dac\u0103 ve\u0163i vorbi de unul, cei doi urmeaz\u0103.<\/em><\/p>\n<p><em>Deci, scul\u00eendu-te, porunce\u015fte acelora care se separ\u0103, sf\u0103dindu-se, s\u0103 nu se despart\u0103, lupt\u00eendu-se pentru noi, c\u0103ci pentru aceasta \u015fi noi ne-am s\u00eerguit c\u00eet am fost vii, \u015fi dup\u0103 mutarea noastr\u0103, ca s\u0103 \u00eemp\u0103c\u0103m lumea \u015fi s\u0103 o aducem \u00eentr-o unire. Deci, \u00eempreun\u00eendu-ne \u00eentr-o zi, c\u00eend \u0163i se va p\u0103rea \u0163ie c\u0103 este de cuviin\u0163\u0103, f\u0103 nou\u0103 praznic cuviincios. Apoi, spune \u015fi celorlal\u0163i care vor fi mai pe urm\u0103, cum c\u0103 noi s\u00eentem una la Dumnezeu \u015fi noi negre\u015fit vom mijloci \u00eenaintea lui Dumnezeu cele pentru m\u00eentuire, pentru cei ce ne vor s\u0103v\u00eer\u015fi praznicul pomenirii noastre.\u201d <\/em><\/p>\n<p>Acestea zic\u00eend, i se p\u0103rea c\u0103 sfin\u0163ii se \u00een\u0103l\u0163au la cer, str\u0103lucind cu lumin\u0103 nem\u0103rginit\u0103 \u015fi chem\u00eendu-se unul pe altul pe nume.<\/p>\n<p>Deci, scul\u00eendu-se acel minunat om, adic\u0103 arhiereul evhaitenilor, a f\u0103cut precum i-au poruncit lui sfin\u0163ii, potolind mul\u0163imea \u015fi pe to\u0163i aceia care se sf\u0103deau mai \u00eenainte. Ace\u015ftia au crezut cele spuse de el, c\u0103 era om vestit, \u015fi pentru \u00eenv\u0103\u0163\u0103tura lui cea mare, \u015fi pentru fapta cea bun\u0103, c\u0103ci a l\u0103sat predanie Bisericii spre a se face praznicul acesta.<\/p>\n<p>Astfel, Sf\u00eentul episcop Ioan, g\u0103sind \u00een luna ianuarie pr\u0103znuindu-se to\u0163i cei trei sfin\u0163i ierarhi, adic\u0103 la \u00eent\u00eeia zi pe Vasile, la 25 pe dumnezeiescul Grigorie \u015fi la 27 pe dumnezeiescul Ioan Gur\u0103 de Aur, i-a unit la 30 pe to\u0163i, \u00eempodobindu-se pomenirea lor cu canoane, cu tropare \u015fi laude, precum li se c\u0103dea lor, \u015fi fiind aceasta cu voia sfin\u0163ilor, nu au nici o lipsire \u00een laude. C\u0103ci nici mai \u00eenainte, nici mai pe urm\u0103 n-a alc\u0103tuit renumitul acesta Ioan mai multe tropare, dec\u00eet acestea.<\/p>\n<p style=\"text-align: right;\"><em>Sursa: <a href=\"https:\/\/altarulcredintei.md\/calendar-crestin-ortodox\/\"><strong>Calendar cre\u0219tin ortodox<\/strong><\/a><\/em><\/p>\n<p><strong>La aceia\u0219i tem\u0103:<\/strong> <a href=\"https:\/\/traditia.md\/ro\/sensul-ortodox-al-elitei-intelectuale\/\"><strong><em>Sensul ortodox al elitei intelectuale<\/em><\/strong><\/a><\/p>\n","protected":false},"excerpt":{"rendered":"<p>La 12 februarie (30 ianuarie stil vechi) Biserica s\u0103v\u00e2r\u0219e\u0219te pomenirea Sfin\u021bilor Trei Ierarhi: Vasile cel Mare, Grigorie de Dumnezeu Cuv\u00e2nt\u0103torul \u015fi Ioan&hellip;<\/p>\n","protected":false},"author":3,"featured_media":23452,"comment_status":"open","ping_status":"closed","sticky":false,"template":"","format":"standard","meta":{"_lmt_disableupdate":"","_lmt_disable":"","slim_seo":{"title":"Sfin\u021bii Trei Ierarhi - traditia.md","description":"La 12 februarie (30 ianuarie stil vechi) Biserica s\u0103v\u00e2r\u0219e\u0219te pomenirea Sfin\u021bilor Trei Ierarhi: Vasile cel Mare, Grigorie de Dumnezeu Cuv\u00e2nt\u0103torul \u015fi Ioan Gur\u0103 d"},"footnotes":""},"categories":[40,38],"tags":[],"class_list":["post-23454","post","type-post","status-publish","format-standard","has-post-thumbnail","hentry","category-apararea-credintei","category-stiri"],"_links":{"self":[{"href":"https:\/\/traditia.md\/ro\/wp-json\/wp\/v2\/posts\/23454","targetHints":{"allow":["GET"]}}],"collection":[{"href":"https:\/\/traditia.md\/ro\/wp-json\/wp\/v2\/posts"}],"about":[{"href":"https:\/\/traditia.md\/ro\/wp-json\/wp\/v2\/types\/post"}],"author":[{"embeddable":true,"href":"https:\/\/traditia.md\/ro\/wp-json\/wp\/v2\/users\/3"}],"replies":[{"embeddable":true,"href":"https:\/\/traditia.md\/ro\/wp-json\/wp\/v2\/comments?post=23454"}],"version-history":[{"count":0,"href":"https:\/\/traditia.md\/ro\/wp-json\/wp\/v2\/posts\/23454\/revisions"}],"wp:featuredmedia":[{"embeddable":true,"href":"https:\/\/traditia.md\/ro\/wp-json\/wp\/v2\/media\/23452"}],"wp:attachment":[{"href":"https:\/\/traditia.md\/ro\/wp-json\/wp\/v2\/media?parent=23454"}],"wp:term":[{"taxonomy":"category","embeddable":true,"href":"https:\/\/traditia.md\/ro\/wp-json\/wp\/v2\/categories?post=23454"},{"taxonomy":"post_tag","embeddable":true,"href":"https:\/\/traditia.md\/ro\/wp-json\/wp\/v2\/tags?post=23454"}],"curies":[{"name":"wp","href":"https:\/\/api.w.org\/{rel}","templated":true}]}}