{"id":23237,"date":"2024-02-05T08:33:23","date_gmt":"2024-02-05T06:33:23","guid":{"rendered":"https:\/\/traditia.md\/?p=23237"},"modified":"2024-02-06T08:51:18","modified_gmt":"2024-02-06T06:51:18","slug":"venirea-mantuitorului-pe-lume-a-fost-o-realitate-absoluta-patriarhul-chiril","status":"publish","type":"post","link":"https:\/\/traditia.md\/ro\/venirea-mantuitorului-pe-lume-a-fost-o-realitate-absoluta-patriarhul-chiril\/","title":{"rendered":"Venirea M\u00e2ntuitorului pe lume a fost o realitate absolut\u0103 \u2013 Patriarhul Chiril"},"content":{"rendered":"<p><strong><em>La 4 februarie 2024, \u00een Duminica a 35-a dup\u0103 Cincizecime, Sanctitatea Sa Patriarhul Moscovei \u0219i al \u00eentregii Rusii Chiril a s\u0103v\u00e2r\u0219it Dumnezeiasca Liturghie \u00een Catedrala \u201eHristos M\u00e2ntuitorul\u201d din Moscova. La \u00eencheierea slujbei dumnezeie\u0219ti \u00cent\u00e2ist\u0103t\u0103torul Bisericii Ortodoxe Ruse s-a adresat credincio\u0219ilor cu o predic\u0103 \u00een care, printre altele, a spus:<\/em><\/strong><\/p>\n<p>Ast\u0103zi \u00een lectura apostolic\u0103 (1 Tim. 1:15-17) am auzit urm\u0103toarele cuvinte: <em>vrednic de credin\u0163\u0103 \u015fi de toat\u0103 primirea e cuv\u00e2ntul c\u0103 Iisus Hristos a venit \u00een lume.<\/em> Aceste cuvinte simple ale apostolului sunt o afirma\u021bie calm\u0103, nepreten\u021bioas\u0103 a realit\u0103\u021bii. Probabil, dac\u0103 ar fi fost necesar s\u0103 fi \u00eenfrumuse\u021bat ceva, apostolul nu s-ar fi limitat la un singur enun\u021b. Dar el a spus simplu \u0219i bine \u2013 de ce? Pentru c\u0103 nimeni la vremea aceea nu se \u00eendoia c\u0103 Domnul a tr\u0103it \u0219i a s\u0103v\u00e2r\u0219it minuni. Era o realitate absolut\u0103, p\u00e2n\u0103 \u0219i p\u0103g\u00e2nii \u0219tiau despre toate acestea, cu at\u00e2t mai mult iudeii, iar dac\u0103 nu ar fi \u0219tiut, atunci, probabil, nici Golgota nu ar fi existat.<\/p>\n<p>Cu alte cuvinte, sursele istorice, inclusiv cea pe care tocmai am citat-o, dau o \u00een\u021belegere complet clar\u0103 a faptului c\u0103 venirea M\u00e2ntuitorului pe lume era cunoscut\u0103 de toat\u0103 lumea \u0219i nu a fost contestat\u0103 de nimeni.<\/p>\n<p>Prin mila lui Dumnezeu, \u0219tiin\u021ba istoric\u0103 a \u00eencetat s\u0103 insiste c\u0103 povestirea despre Domnul Isus Hristos este rezultatul cre\u0103rii de mituri. Nic\u0103ieri \u00een cercet\u0103rile \u0219tiin\u021bifice serioase referitoare la acea epoc\u0103 nu vom g\u0103si aceast\u0103 afirma\u021bie. Dar oamenii din genera\u021bia mea \u0219i chiar pu\u021bin mai tineri dec\u00e2t mine \u00ee\u0219i amintesc cum \u00een toate manualele de istorie se spunea c\u0103 toate acestea erau un mit \u0219i c\u0103 Hristos nu a existat, c\u0103 toate acestea erau o inven\u021bie a popilor care avea motive pur utilitare. Se spunea c\u0103 clasa conduc\u0103toare ar fi trebuit s\u0103 subjuge nefericitul proletariat \u0219i \u021b\u0103r\u0103nimea, iar acest lucru necesita un fel de fr\u00e2u pentru popor, ceea ce a devenit religia. Au ap\u0103rut \u0219i alte teorii complet nebune care au trecut \u00een neant.<\/p>\n<p>Studen\u021bii contemporani care studiaz\u0103 istoria nu mai sunt familiariza\u021bi cu acest tip de afirma\u021bii anti\u0219tiin\u021bifice, dar genera\u021bia noastr\u0103 a trecut printr-o perioad\u0103 \u00een care poporul nostru a fost crescut tocmai \u00een acest neadev\u0103r istoric.<\/p>\n<p>Ast\u0103zi, prin mila lui Dumnezeu, totul s-a schimbat, dar, desigur, acest lucru nu s-a \u00eent\u00e2mplat din senin. \u00centr-adev\u0103r, cuv\u00e2ntul apostolului pe care tocmai l-am citat s-a reflectat \u00een via\u021ba multor p\u0103rin\u021bi, bunici \u0219i str\u0103bunici ai no\u0219tri, a mamelor, bunicilor noastre care au p\u0103strat credin\u021ba c\u0103 Domnul a venit \u00een aceast\u0103 lume, transmi\u021b\u00e2nd aceast\u0103 credin\u021b\u0103 genera\u021biilor urm\u0103toare. \u0218i am ajuns la momentul \u00een care nu mai trebuie s\u0103 dovedim nimic nim\u0103nui. To\u021bi oamenii de \u0219tiin\u021b\u0103 serio\u0219i nu pun la \u00eendoial\u0103 faptul venirii lui Isus Hristos \u00een lume \u0219i, dac\u0103 cineva \u00eel respinge, se datoreaz\u0103 analfabetismului \u0219i \u00eenapoierii \u0219tiin\u021bifice, iar astfel de oameni nu au mai r\u0103mas.<\/p>\n<p>Desigur, nu toat\u0103 lumea este de acord cu faptul c\u0103 Isus din Nazaret a fost Fiul lui Dumnezeu, dar aceasta este o chestiune de credin\u021b\u0103, nu de \u0219tiin\u021b\u0103. Pe c\u00e2nd \u0219tiin\u021ba sus\u021bine c\u0103 a existat un Om at\u00e2t de minunat \u2013 \u00cel numim Om \u0219i Dumnezeu \u2013 Care \u0219i-a dedicat via\u021ba \u00eenv\u0103\u021b\u00e2nd oamenii ce este fericirea, cum s\u0103 tr\u0103iasc\u0103 pentru a avea plin\u0103tatea vie\u021bii, Care a propov\u0103duit \u00eentr-un limbaj simplu \u0219i clar ce \u00eenseamn\u0103 credin\u021ba \u00een Dumnezeu, ce \u00eenseamn\u0103 rug\u0103ciunea, ce \u00eenseamn\u0103 faptele bune. Pe aceste cuvinte aparent simple a fost\u00a0 creat\u0103 o \u00eentreag\u0103 civiliza\u021bie care a pus la baza multor legi ale statului multe dintre principiile eticii cre\u0219tine.<\/p>\n<p style=\"text-align: right;\"><em>Sursa: <a href=\"http:\/\/www.patriarchia.ru\/db\/text\/6100609.html\"><strong>Site-ul oficial al Patriarhiei Moscovei<\/strong><\/a><\/em><\/p>\n","protected":false},"excerpt":{"rendered":"<p>La 4 februarie 2024, \u00een Duminica a 35-a dup\u0103 Cincizecime, Sanctitatea Sa Patriarhul Moscovei \u0219i al \u00eentregii Rusii Chiril a s\u0103v\u00e2r\u0219it Dumnezeiasca&hellip;<\/p>\n","protected":false},"author":3,"featured_media":23202,"comment_status":"open","ping_status":"closed","sticky":false,"template":"","format":"standard","meta":{"_lmt_disableupdate":"","_lmt_disable":"","slim_seo":{"title":"Venirea M\u00e2ntuitorului pe lume a fost o realitate absolut\u0103 \u2013 Patriarhul Chiril - traditia.md","description":"La 4 februarie 2024, \u00een Duminica a 35-a dup\u0103 Cincizecime, Sanctitatea Sa Patriarhul Moscovei \u0219i al \u00eentregii Rusii Chiril a s\u0103v\u00e2r\u0219it Dumnezeiasca Liturghie \u00een Ca"},"footnotes":""},"categories":[40,38],"tags":[],"class_list":["post-23237","post","type-post","status-publish","format-standard","has-post-thumbnail","hentry","category-apararea-credintei","category-stiri"],"_links":{"self":[{"href":"https:\/\/traditia.md\/ro\/wp-json\/wp\/v2\/posts\/23237","targetHints":{"allow":["GET"]}}],"collection":[{"href":"https:\/\/traditia.md\/ro\/wp-json\/wp\/v2\/posts"}],"about":[{"href":"https:\/\/traditia.md\/ro\/wp-json\/wp\/v2\/types\/post"}],"author":[{"embeddable":true,"href":"https:\/\/traditia.md\/ro\/wp-json\/wp\/v2\/users\/3"}],"replies":[{"embeddable":true,"href":"https:\/\/traditia.md\/ro\/wp-json\/wp\/v2\/comments?post=23237"}],"version-history":[{"count":0,"href":"https:\/\/traditia.md\/ro\/wp-json\/wp\/v2\/posts\/23237\/revisions"}],"wp:featuredmedia":[{"embeddable":true,"href":"https:\/\/traditia.md\/ro\/wp-json\/wp\/v2\/media\/23202"}],"wp:attachment":[{"href":"https:\/\/traditia.md\/ro\/wp-json\/wp\/v2\/media?parent=23237"}],"wp:term":[{"taxonomy":"category","embeddable":true,"href":"https:\/\/traditia.md\/ro\/wp-json\/wp\/v2\/categories?post=23237"},{"taxonomy":"post_tag","embeddable":true,"href":"https:\/\/traditia.md\/ro\/wp-json\/wp\/v2\/tags?post=23237"}],"curies":[{"name":"wp","href":"https:\/\/api.w.org\/{rel}","templated":true}]}}