{"id":22327,"date":"2024-01-11T09:51:20","date_gmt":"2024-01-11T07:51:20","guid":{"rendered":"https:\/\/traditia.md\/?p=22327"},"modified":"2024-01-11T09:52:39","modified_gmt":"2024-01-11T07:52:39","slug":"de-ce-nu-poate-o-mama-sa-fie-prezenta-la-botezul-copilului-ei","status":"publish","type":"post","link":"https:\/\/traditia.md\/ro\/de-ce-nu-poate-o-mama-sa-fie-prezenta-la-botezul-copilului-ei\/","title":{"rendered":"De ce nu poate o mam\u0103 s\u0103 fie prezent\u0103 la Botezul copilului ei?"},"content":{"rendered":"<p><strong><em>De ce nu poate o mam\u0103 s\u0103 fie prezent\u0103 la Botezul copilului ei? Am fost invitat\u0103 s\u0103 fiu na\u0219\u0103 de Botez, iar \u00een biseric\u0103 m-am confruntat cu o astfel de interdic\u021bie. De ce este a\u0219a? (Elizaveta)<\/em><\/strong><\/p>\n<p><strong>R\u0103spunde protoiereul Vladimir Pucikov:<\/strong><\/p>\n<p>V-a\u021bi ciocnit de o tradi\u021bie nestatutar\u0103 care, din anumite motive, mai este urmat\u0103 \u00een unele parohii.<\/p>\n<p>Mama poate fi prezent\u0103 la Botezul copilului. Nici \u00een liturghier, nici \u00een tradi\u021bia bisericeasc\u0103 nu exist\u0103 explica\u021bii pentru \u00eempiedicarea mamei de a participa la Botezul copilului.<\/p>\n<p>Este clar c\u0103 acum un secol \u0219i jum\u0103tate sau dou\u0103, s\u00e2ngerarea obi\u0219nuit\u0103 dup\u0103 na\u0219tere f\u0103cea s\u0103 fie imposibil\u0103 aflarea femeii \u00een biseric\u0103 imediat dup\u0103 na\u0219tere. Dar nu pentru faptul c\u0103 ar fi \u201enecurat\u0103\u201d. Pur \u0219i simplu, o s\u00e2ngerare continu\u0103 \u00een absen\u021ba produselor de igien\u0103 putea duce la v\u0103rsarea s\u00e2ngelui \u00een biseric\u0103. Pe c\u00e2nd acest lucru este inacceptabil, indiferent de originea s\u00e2ngelui \u0219i de circumstan\u021bele v\u0103rs\u0103rii lui.<\/p>\n<p>Biserica este profanat\u0103 prin v\u0103rsarea oric\u0103rui s\u00e2nge (chiar dac\u0103 doar \u021bi-ai t\u0103iat degetul cu ceva) \u0219i trebuie s\u0103 fie sfin\u021bit\u0103 repetat.<\/p>\n<p>Cu toate acestea, dup\u0103 ce s\u00e2ngerarea se oprea, femeia putea s\u0103 se afle \u00een biseric\u0103 \u0219i s\u0103 participe la Botez chiar \u0219i pe vremurile de alt\u0103 dat\u0103. Mai ales acum, c\u00e2nd exist\u0103 o asemenea abunden\u021b\u0103 de produse de igien\u0103 pe care le po\u021bi alege pentru orice buget \u0219i pentru orice ocazie, riscul de v\u0103rsare a s\u00e2ngelui \u00een biseric\u0103, fie dup\u0103 na\u0219tere, fie \u00een timpul menstrua\u021biei, este nul.<\/p>\n<p>Prin urmare, mama copilului poate \u0219i \u00een biseric\u0103 intra, \u0219i la Botez participa, indiferent de c\u00e2te zile au trecut de la na\u0219tere.<\/p>\n<p style=\"text-align: right;\"><em>Sursa: <a href=\"https:\/\/spzh.news\/ru\/vopros-svyashhenniku\/76647-pochemu-mame-nelzja-prisutstvovat-na-kreshchenii-svoeho-rebenka\"><strong>Uniunea jurnali\u0219tilor ortodoc\u0219i<\/strong><\/a><\/em><\/p>\n","protected":false},"excerpt":{"rendered":"<p>De ce nu poate o mam\u0103 s\u0103 fie prezent\u0103 la Botezul copilului ei? Am fost invitat\u0103 s\u0103 fiu na\u0219\u0103 de Botez, iar&hellip;<\/p>\n","protected":false},"author":3,"featured_media":22325,"comment_status":"open","ping_status":"closed","sticky":false,"template":"","format":"standard","meta":{"_lmt_disableupdate":"","_lmt_disable":"","slim_seo":{"title":"De ce nu poate o mam\u0103 s\u0103 fie prezent\u0103 la Botezul copilului ei? - traditia.md","description":"De ce nu poate o mam\u0103 s\u0103 fie prezent\u0103 la Botezul copilului ei? Am fost invitat\u0103 s\u0103 fiu na\u0219\u0103 de Botez, iar \u00een biseric\u0103 m-am confruntat cu o astfel de interdic\u021bie"},"footnotes":""},"categories":[42,38],"tags":[],"class_list":["post-22327","post","type-post","status-publish","format-standard","has-post-thumbnail","hentry","category-intreaba-preotul","category-stiri"],"_links":{"self":[{"href":"https:\/\/traditia.md\/ro\/wp-json\/wp\/v2\/posts\/22327","targetHints":{"allow":["GET"]}}],"collection":[{"href":"https:\/\/traditia.md\/ro\/wp-json\/wp\/v2\/posts"}],"about":[{"href":"https:\/\/traditia.md\/ro\/wp-json\/wp\/v2\/types\/post"}],"author":[{"embeddable":true,"href":"https:\/\/traditia.md\/ro\/wp-json\/wp\/v2\/users\/3"}],"replies":[{"embeddable":true,"href":"https:\/\/traditia.md\/ro\/wp-json\/wp\/v2\/comments?post=22327"}],"version-history":[{"count":0,"href":"https:\/\/traditia.md\/ro\/wp-json\/wp\/v2\/posts\/22327\/revisions"}],"wp:featuredmedia":[{"embeddable":true,"href":"https:\/\/traditia.md\/ro\/wp-json\/wp\/v2\/media\/22325"}],"wp:attachment":[{"href":"https:\/\/traditia.md\/ro\/wp-json\/wp\/v2\/media?parent=22327"}],"wp:term":[{"taxonomy":"category","embeddable":true,"href":"https:\/\/traditia.md\/ro\/wp-json\/wp\/v2\/categories?post=22327"},{"taxonomy":"post_tag","embeddable":true,"href":"https:\/\/traditia.md\/ro\/wp-json\/wp\/v2\/tags?post=22327"}],"curies":[{"name":"wp","href":"https:\/\/api.w.org\/{rel}","templated":true}]}}