{"id":22320,"date":"2024-01-11T08:58:20","date_gmt":"2024-01-11T06:58:20","guid":{"rendered":"https:\/\/traditia.md\/?p=22320"},"modified":"2024-01-11T08:59:38","modified_gmt":"2024-01-11T06:59:38","slug":"manastirile-atonite-considera-nedorita-vizita-arhiepiscopului-elpidofor","status":"publish","type":"post","link":"https:\/\/traditia.md\/ro\/manastirile-atonite-considera-nedorita-vizita-arhiepiscopului-elpidofor\/","title":{"rendered":"M\u0103n\u0103stirile atonite consider\u0103 nedorit\u0103 vizita arhiepiscopului Elpidofor"},"content":{"rendered":"<p><strong><em>Athoni\u021bii cred c\u0103 arhiepiscopul Elpidofor (Patriarhia Constantinopolului), care a botezat copiii unui cuplu gay, va fi fotografiat acolo pentru a ar\u0103ta c\u0103 este acceptat de c\u0103lug\u0103ri.<\/em><\/strong><\/p>\n<p>Reprezentan\u021bii aproape ai tuturor m\u0103n\u0103stirilor de pe Muntele Athos au adresat o scrisoare Patriarhului Bartolomeu prin care \u00eei cer s\u0103 anuleze vizita la Sf\u00e2ntul Munte a arhiepiscopului Elpidofor, conduc\u0103torul Arhiepiscopiei Fanarului din America.<\/p>\n<p>\u00cen scrisoarea publicat\u0103 de \u0395\u03b8\u03bd\u03b9\u03ba\u03bf\u03cd \u039a\u03ae\u03c1\u03c5\u03ba\u03b1, reprezentan\u021bii m\u0103n\u0103stirilor athonite, adres\u00e2ndu-se Patriarhului Bartolomeu, \u00een a carui jurisdic\u021bie se afl\u0103, au scris: <strong>\u201e Cu regret constat\u0103m c\u0103 prin fotografiile arhiepiscopului Americii publicate dup\u0103 s\u0103v\u00e2r\u0219irea Tainei Botezului, s-a creat o impresie gre\u0219it\u0103 cu privire la acceptarea de c\u0103tre Biseric\u0103 a tainei c\u0103s\u0103toriei \u00eentre persoane de acela\u0219i sex, mesaj ce contravine doctrinelor \u0219i \u00eenv\u0103\u021b\u0103turii Bisericii Ortodoxe.\u201d<\/strong><\/p>\n<p>C\u0103lug\u0103rii au subliniat c\u0103 <strong>\u201eacest fapt, ce vine \u00een contradic\u021bie cu \u00eenv\u0103\u021b\u0103tura Evangheliei, provoac\u0103 \u00eengrijorare profund\u0103 \u00een Sf\u00e2nta Comunitate.\u201d<\/strong><\/p>\n<p>Reprezentan\u021bii \u0219i conduc\u0103torii sfintelor m\u0103n\u0103stiri au mai notat \u00een adresarea c\u0103tre Patriarh: <strong>\u201eV\u0103 rug\u0103m cu smerenie s\u0103 apleca\u021bi urechea c\u0103tre preocuparea noastr\u0103 pe un subiect extrem de sensibil, care prive\u0219te integritatea credin\u021bei \u0219i a tradi\u021biilor ortodoxe.\u201d<\/strong><\/p>\n<p>Potrivit publica\u021biei \u0395\u03b8\u03bd\u03b9\u03ba\u03bf\u03cd \u039a\u03ae\u03c1\u03c5\u03ba\u03b1, dac\u0103 Elpidofor va veni totu\u0219i pe Atos, el nu va fi primit cu onorurile obi\u0219nuite pentru un arhiepiscop.<\/p>\n<p>M\u0103n\u0103stirile \u0219i c\u0103lug\u0103rii sunt pu\u0219i \u00eentr-o situa\u021bie dificil\u0103, \u00eentruc\u00e2t nu pot, confopm cuvintele lor, s\u0103 <strong>\u201e\u00eenchid\u0103 u\u0219a\u201d<\/strong> \u00een fa\u021ba unui\u00a0 ierarh ortodox, a\u0219a c\u0103 fac apel la Patriarhul Bartolomeu s\u0103-i recomande arhiepiscopului Elpidofor s\u0103 nu vin\u0103 la Muntele Atos, deoarece ei cred c\u0103 <strong>\u201eva fi fotografiat acolo \u00eempreun\u0103 cu tovar\u0103\u0219ii s\u0103i emigra\u021bi pentru a ar\u0103ta c\u0103 este acceptat de c\u0103lug\u0103ri.\u201d<\/strong><\/p>\n<p>\u0395\u03b8\u03bd\u03b9\u03ba\u03bf\u03cd \u039a\u03ae\u03c1\u03c5\u03ba\u03b1 mai relateaz\u0103 c\u0103 \u00een urm\u0103 cu c\u00e2teva luni, arhiepiscopul Elpidofor a cerut permisiunea de a veni pe Muntele Athos pentru a participa la s\u0103rb\u0103torirea hramului unei m\u0103n\u0103stirii, dar i s-a r\u0103spuns c\u0103 nu este binevenit.<\/p>\n<p>De asemenea, se \u0219tie c\u0103 \u00een timpul viitoarei vizite a lui Elpidofor la Salonic, acesta va fi \u00eenso\u021bit de un grup de greco-americani.<\/p>\n<p>Arhiepiscopul inten\u021bioneaz\u0103 s\u0103 \u021bin\u0103 un cuv\u00e2nt \u00een fa\u021ba comunit\u0103\u021bii israeliene din Salonic \u0219i s\u0103 hirotoneasc\u0103 un t\u00e2n\u0103r din Mexic pe care \u00eel va repartiza \u00een comunitatea Schimbarea la Fa\u021b\u0103 a M\u00e2ntuitorului din Corona, New York, pentru &#8222;lucrarea misionar\u0103&#8221; \u00een r\u00e2ndul hispanicilor din zon\u0103.<\/p>\n<p>Hirotonirea va avea loc in Grecia pentru ca autoritatile americane nu au aprobat viza de calatorie in America pentru rudele viitorului preot al Fanarului.<\/p>\n<p>UJO a informat mai devreme c\u0103 arhiepiscopul Elpidofor, conduc\u0103torul arhiepiscopiei Fanarului din America, a botezat doi copii dintr-o &#8222;familie&#8221; de acela\u0219i sex \u00een timpul unei vizite \u00een Grecia. Aceast\u0103 situa\u021bie a provocat scandal \u00een Grecia.<\/p>\n<p>Biserica Greac\u0103 a promis s\u0103 trimit\u0103 o pl\u00e2ngere patriarhului Bartolomeu pentru c\u0103 arhiepiscopul Elpidofor nu l-a informat pe mitropolitul Antonios de Glyfada c\u0103 p\u0103rin\u021bii copiilor sunt sodomi\u021bi.<\/p>\n<p>Mai t\u00e2rziu, teologul fanariot John Chryssavgis a spus c\u0103 &#8222;este timpul s\u0103 vorbim despre sex \u0219i egalitate de gen \u00een Biseric\u0103&#8221;.<\/p>\n<p>La r\u00e2ndul s\u0103u, mitropolitul Antonie (Avramiotis) de Glyfada a recunoscut c\u0103 arhiepiscopul Elpidofor, prin botezul copiilor unui cuplu gay, l-a indus \u00een eroare.<\/p>\n<p style=\"text-align: right;\"><em>Sursa: <a href=\"https:\/\/spzh.news\/ro\/news\/77788-afonskie-monastyri-vystupili-protiv-vizita-arkhiepiskopa-elpidofora-na-afon\"><strong>Uniunea Jurnali\u0219tilor Ortodoc\u0219i<\/strong><\/a><\/em><\/p>\n","protected":false},"excerpt":{"rendered":"<p>Athoni\u021bii cred c\u0103 arhiepiscopul Elpidofor (Patriarhia Constantinopolului), care a botezat copiii unui cuplu gay, va fi fotografiat acolo pentru a ar\u0103ta c\u0103&hellip;<\/p>\n","protected":false},"author":3,"featured_media":22318,"comment_status":"open","ping_status":"closed","sticky":false,"template":"","format":"standard","meta":{"_lmt_disableupdate":"","_lmt_disable":"","slim_seo":{"title":"M\u0103n\u0103stirile atonite consider\u0103 nedorit\u0103 vizita arhiepiscopului Elpidofor - traditia.md","description":"Athoni\u021bii cred c\u0103 arhiepiscopul Elpidofor (Patriarhia Constantinopolului), care a botezat copiii unui cuplu gay, va fi fotografiat acolo pentru a ar\u0103ta c\u0103 este"},"footnotes":""},"categories":[44,38],"tags":[],"class_list":["post-22320","post","type-post","status-publish","format-standard","has-post-thumbnail","hentry","category-actualitate","category-stiri"],"_links":{"self":[{"href":"https:\/\/traditia.md\/ro\/wp-json\/wp\/v2\/posts\/22320","targetHints":{"allow":["GET"]}}],"collection":[{"href":"https:\/\/traditia.md\/ro\/wp-json\/wp\/v2\/posts"}],"about":[{"href":"https:\/\/traditia.md\/ro\/wp-json\/wp\/v2\/types\/post"}],"author":[{"embeddable":true,"href":"https:\/\/traditia.md\/ro\/wp-json\/wp\/v2\/users\/3"}],"replies":[{"embeddable":true,"href":"https:\/\/traditia.md\/ro\/wp-json\/wp\/v2\/comments?post=22320"}],"version-history":[{"count":0,"href":"https:\/\/traditia.md\/ro\/wp-json\/wp\/v2\/posts\/22320\/revisions"}],"wp:featuredmedia":[{"embeddable":true,"href":"https:\/\/traditia.md\/ro\/wp-json\/wp\/v2\/media\/22318"}],"wp:attachment":[{"href":"https:\/\/traditia.md\/ro\/wp-json\/wp\/v2\/media?parent=22320"}],"wp:term":[{"taxonomy":"category","embeddable":true,"href":"https:\/\/traditia.md\/ro\/wp-json\/wp\/v2\/categories?post=22320"},{"taxonomy":"post_tag","embeddable":true,"href":"https:\/\/traditia.md\/ro\/wp-json\/wp\/v2\/tags?post=22320"}],"curies":[{"name":"wp","href":"https:\/\/api.w.org\/{rel}","templated":true}]}}