{"id":22130,"date":"2024-01-05T09:03:02","date_gmt":"2024-01-05T07:03:02","guid":{"rendered":"https:\/\/traditia.md\/?p=22130"},"modified":"2024-01-05T09:05:14","modified_gmt":"2024-01-05T07:05:14","slug":"pastorala-la-sarbatoarea-nasterii-domnului-nostru-iisus-hristos-a-inaltpreasfintitului-mitropolit-vladimir","status":"publish","type":"post","link":"https:\/\/traditia.md\/ro\/pastorala-la-sarbatoarea-nasterii-domnului-nostru-iisus-hristos-a-inaltpreasfintitului-mitropolit-vladimir\/","title":{"rendered":"Pastoral\u0103 la s\u0103rb\u0103toarea Na\u015fterii Domnului nostru Iisus Hristos a \u00cenaltpreasfin\u021bitului Mitropolit Vladimir"},"content":{"rendered":"<p style=\"text-align: right;\"><em>\u201eEu spre aceasta M-am n\u0103scut<br \/>\n\u0219i pentru aceasta am venit \u00een lume,<br \/>\nca s\u0103 dau m\u0103rturie pentru adev\u0103r;<br \/>\noricine este din adev\u0103r ascult\u0103 glasul Meu\u201d<\/em><\/p>\n<p style=\"text-align: right;\">(Ioan 18:37)<\/p>\n<p><strong><em>Preasfin\u021bi\u021bi arhip\u0103stori ai Bisericii noastre Ortodoxe din Moldova,<br \/>\nPreacuvio\u0219i \u015fi Preacucernici slujitori ai altarului,<br \/>\nIubi\u021bi monahi \u0219i monahii,<br \/>\nDrept-m\u0103ritori credincio\u0219i,<\/em><\/strong><\/p>\n<p>\u00cen aceast\u0103 zi sf\u00e2nt\u0103, plin\u0103 de lumin\u0103 \u015fi de adev\u0103r, bucurie se a\u0219terne pe fa\u021ba \u00eentregului p\u0103m\u00e2nt <em>\u201ec\u0103ci Prunc S-a n\u0103scut nou\u0103, un Fiu S-a dat nou\u0103, a C\u0103rui st\u0103p\u00e2nire e pe um\u0103rul Lui, \u0219i se cheam\u0103 numele Lui: \u00cenger de mare sfat, Sfetnic minunat, Dumnezeu tare, biruitor, Domn al p\u0103cii, P\u0103rinte al veacului ce va s\u0103 fie. \u0218i mare va fi st\u0103p\u00e2nirea Lui \u0219i pacea Lui nu va avea hotar.\u201d<\/em> (Isaia 9:5-6).<\/p>\n<p>Oamenii de pe p\u0103m\u00e2nt tresalt\u0103 de bucurie \u00eempreun\u0103 cu cetele \u00eengere\u0219ti, deoarece <em>\u201eCuv\u00e2ntul S-a f\u0103cut trup \u0219i S-a s\u0103l\u0103\u0219luit \u00eentre noi \u0219i am v\u0103zut slava Lui, slav\u0103 ca a Unuia-N\u0103scut din Tat\u0103l, plin de har \u0219i de adev\u0103r.\u201d<\/em> (Ioan 1:14).<\/p>\n<p>Ast\u0103zi Lumina cereasc\u0103 cuprinde \u00eentreaga umanitate, c\u0103ci prin na\u0219terea mai presus de fire a Domnului \u015fi Dumnezeului nostru <em>\u201er\u0103s\u0103rit-a lumii lumina cuno\u0219tin\u021bei.\u201d<\/em> (din troparul Na\u0219terii Domnului).<\/p>\n<p>Cunoscut\u0103 se face oamenilor <em>\u201eTaina cea din veac ascuns\u0103\u2026\u201d<\/em> (Coloseni 1:26) <em>\u201ec\u00e2nd a venit plinirea vremii, Dumnezeu a trimis pe Fiul S\u0103u, n\u0103scut din femeie, n\u0103scut sub Lege.\u201d<\/em> (Galateni 4:4) .<\/p>\n<p>Cel n\u0103scut \u00een ieslea Bethleemului nu este altul dec\u00e2t \u00censu\u0219i Fiul lui Dumnezeu, iar aceast\u0103 m\u0103rturie este adus\u0103 Fecioarei Maria de c\u0103tre Arhanghelul Gavriil: <em>\u201eSf\u00e2ntul care Se va na\u0219te din tine, Fiul lui Dumnezeu Se va chema.\u201d<\/em> (Luca 1:35).<\/p>\n<p>Credincio\u0219ii care s-au preg\u0103tit pentru acest praznic al Na\u0219terii Domnului, cu postire, rug\u0103ciune \u0219i fapte curate, \u015fi-au umplut sufletele de bucurie mare, precum fusese vestit\u0103 p\u0103storilor din apropierea Bethleemului<em>: \u201eIat\u0103 v\u0103 binevestesc vou\u0103 bucurie, care va fi pentru tot poporul; C\u0103 ast\u0103zi \u00een cetatea lui David, vi S-a n\u0103scut M\u00e2ntuitor, Care este Hristos Domnul.\u201d<\/em> (Luca 2:10-11).<\/p>\n<p>Frumuse\u021bea \u015fi tihna s\u0103rb\u0103torii Na\u0219terii Pruncului M\u00e2ntuitor este str\u0103b\u0103tut\u0103 \u00een fiecare an de c\u00e2ntarea \u00eengereasc\u0103: <em>\u201eSlav\u0103 \u00eentru cei de sus lui Dumnezeu \u0219i pe p\u0103m\u00e2nt pace, \u00eentre oameni bun\u0103voire.\u201d<\/em> (Luca 2:14).\u00a0\u00a0\u00a0\u00a0\u00a0\u00a0\u00a0<\/p>\n<p><strong><em>Iubi\u021bi fra\u021bi \u015fi surori \u00eentru Hristos,<\/em><\/strong><\/p>\n<p><em>\u201eDumnezeu ne-a chemat spre pace.\u201d<\/em> (1Corinteni 7:15), la iertare, \u00eemp\u0103care, bun\u0103voire \u015fi dragoste.<\/p>\n<p>Anul 2023, fiind l\u0103sat nou\u0103 de c\u0103tre Dumnezeu pentru a lucra pacea \u0219i m\u00e2ntuirea noastr\u0103, dar \u0219i a semenilor, a adus cu sine \u0219i anumite \u00eencerc\u0103ri pentru Biseric\u0103 \u0219i poporul drept-m\u0103ritor. Cuv\u00e2ntul nostru p\u0103rintesc, \u00eens\u0103, r\u0103m\u00e2ne acela\u0219i pentru to\u021bi \u0219i pentru fiecare: S\u0103 ne rug\u0103m pentru pacea lumii, pentru bun\u0103starea sfintelor lui Dumnezeu Biserici!<\/p>\n<p>Totodat\u0103, <em>\u201ev\u0103 \u00eendemn, fra\u021bilor, pentru numele Domnului nostru Iisus Hristos, ca to\u021bi s\u0103 vorbi\u021bi la fel \u0219i s\u0103 nu fie dezbin\u0103ri \u00eentre voi; ci s\u0103 fi\u021bi cu totul uni\u021bi \u00een acela\u0219i cuget \u0219i \u00een aceea\u0219i \u00een\u021belegere.\u201d<\/em> (1Corinteni 1:10).<\/p>\n<p>Cu m\u00e2hnire \u00een suflet, m\u0103 adresez celor care s-au ab\u0103tut \u0219i au c\u0103zut din ascultarea Bisericii, amintindu-le cuvintele Sf\u00e2ntului Apostol Pavel: <em>\u201eM\u0103 mir c\u0103 a\u0219a degrab\u0103 trece\u021bi de la cel ce v-a chemat pe voi, prin harul lui Hristos, la alt\u0103 evanghelie, care nu este alta, dec\u00e2t c\u0103 sunt unii care v\u0103 tulbur\u0103 \u0219i voiesc s\u0103 schimbe Evanghelia lui Hristos.\u201d<\/em> (Galateni 1:6-7).<\/p>\n<p>\u0218i iar\u0103\u0219i <em>\u201ev\u0103 \u00eendemn, fra\u021bilor, s\u0103 v\u0103 p\u0103zi\u021bi de cei ce fac dezbin\u0103ri \u0219i sminteli. Dep\u0103rta\u021bi-v\u0103 de ei!\u201d<\/em> (Romani 16:17).<\/p>\n<p>R\u0103m\u00e2n\u00e2nd credincio\u0219i Bisericii, r\u0103m\u00e2nem credincio\u0219i \u00centemeietorului ei \u0219i \u00eenv\u0103\u021b\u0103turilor Lui, a\u0219a cum le-a l\u0103sat El, Domnul nostru Iisus Hristos, a C\u0103rui \u00eentrupare o s\u0103rb\u0103torim. El ne-a \u00eenv\u0103\u021bat s\u0103 tr\u0103im \u00een unitate, \u00een pace \u0219i \u00een bun\u0103 \u00een\u021belegere \u00eentre noi, nu \u00een dezbin\u0103ri \u0219i \u00eemp\u0103r\u021biri, ci a dorit ca pacea Lui s\u0103 domneasc\u0103 \u00een toat\u0103 lumea (Romani 12, 18).<\/p>\n<p><strong><em>Drept-m\u0103ritori cre\u0219tini,<\/em><\/strong><\/p>\n<p>Felicit\u00e2ndu-v\u0103 pe to\u021bi cei din \u021bar\u0103 \u0219i pe cei departe de Patrie, cas\u0103 \u0219i rude, cu prilejul sfintelor s\u0103rb\u0103tori de iarn\u0103: Na\u0219terea Domnului, Anul Nou \u0219i Boboteaza, v\u0103 urez pace \u0219i s\u0103n\u0103tate, sporirea dreptei credin\u021be, a dragostei celei sfinte \u0219i a tr\u0103irii Adev\u0103rului, Care este Hristos!<\/p>\n<p style=\"text-align: center;\"><strong>La mul\u021bi ani!<\/strong><\/p>\n<p style=\"text-align: center;\"><strong>S\u0103rb\u0103tori binecuv\u00e2ntate!<\/strong><\/p>\n<p style=\"text-align: right;\"><strong><em>Cu arhiere\u0219ti \u0219i p\u0103rinte\u0219ti binecuv\u00e2nt\u0103ri,<\/em><\/strong><\/p>\n<p style=\"text-align: right;\"><strong><em>\u2020 VLADIMIR,<br \/>\nMITROPOLITUL CHI\u0218IN\u0102ULUI \u0218I AL \u00ceNTREGII MOLDOVE<\/em><\/strong><\/p>\n<p style=\"text-align: right;\"><em>Na\u0219terea Domnului,<br \/>\n<\/em><em>Anul m\u00e2ntuirii 2023\/2024, Chi\u0219in\u0103u<\/em><\/p>\n<p><em>Sursa: <a href=\"https:\/\/mitropolia.md\/pastorala-la-sarbatoarea-nasterii-domnului-nostru-iisus-hristos-a-inaltpreasfintitului-mitropolit-vladimir\/\"><strong>Mitropolia Chi\u0219in\u0103ului \u0219i a \u00eentregii Moldove<\/strong><\/a><\/em><\/p>\n","protected":false},"excerpt":{"rendered":"<p>\u201eEu spre aceasta M-am n\u0103scut \u0219i pentru aceasta am venit \u00een lume, ca s\u0103 dau m\u0103rturie pentru adev\u0103r; oricine este din adev\u0103r&hellip;<\/p>\n","protected":false},"author":3,"featured_media":22128,"comment_status":"open","ping_status":"closed","sticky":false,"template":"","format":"standard","meta":{"_lmt_disableupdate":"","_lmt_disable":"","slim_seo":{"title":"Pastoral\u0103 la s\u0103rb\u0103toarea Na\u015fterii Domnului nostru Iisus Hristos a \u00cenaltpreasfin\u021bitului Mitropolit Vladimir - traditia.md","description":"\u201eEu spre aceasta M-am n\u0103scut \u0219i pentru aceasta am venit \u00een lume, ca s\u0103 dau m\u0103rturie pentru adev\u0103r; oricine este din adev\u0103r ascult\u0103 glasul Meu\u201d (Ioan 18:37) Prea"},"footnotes":""},"categories":[39,38],"tags":[],"class_list":["post-22130","post","type-post","status-publish","format-standard","has-post-thumbnail","hentry","category-biserica-si-societatea","category-stiri"],"_links":{"self":[{"href":"https:\/\/traditia.md\/ro\/wp-json\/wp\/v2\/posts\/22130","targetHints":{"allow":["GET"]}}],"collection":[{"href":"https:\/\/traditia.md\/ro\/wp-json\/wp\/v2\/posts"}],"about":[{"href":"https:\/\/traditia.md\/ro\/wp-json\/wp\/v2\/types\/post"}],"author":[{"embeddable":true,"href":"https:\/\/traditia.md\/ro\/wp-json\/wp\/v2\/users\/3"}],"replies":[{"embeddable":true,"href":"https:\/\/traditia.md\/ro\/wp-json\/wp\/v2\/comments?post=22130"}],"version-history":[{"count":0,"href":"https:\/\/traditia.md\/ro\/wp-json\/wp\/v2\/posts\/22130\/revisions"}],"wp:featuredmedia":[{"embeddable":true,"href":"https:\/\/traditia.md\/ro\/wp-json\/wp\/v2\/media\/22128"}],"wp:attachment":[{"href":"https:\/\/traditia.md\/ro\/wp-json\/wp\/v2\/media?parent=22130"}],"wp:term":[{"taxonomy":"category","embeddable":true,"href":"https:\/\/traditia.md\/ro\/wp-json\/wp\/v2\/categories?post=22130"},{"taxonomy":"post_tag","embeddable":true,"href":"https:\/\/traditia.md\/ro\/wp-json\/wp\/v2\/tags?post=22130"}],"curies":[{"name":"wp","href":"https:\/\/api.w.org\/{rel}","templated":true}]}}