{"id":21325,"date":"2023-12-12T09:50:48","date_gmt":"2023-12-12T07:50:48","guid":{"rendered":"https:\/\/traditia.md\/?p=21325"},"modified":"2023-12-12T09:52:00","modified_gmt":"2023-12-12T07:52:00","slug":"opriti-de-la-slujire-pentru-alunecarea-in-schisma-2","status":"publish","type":"post","link":"https:\/\/traditia.md\/ro\/opriti-de-la-slujire-pentru-alunecarea-in-schisma-2\/","title":{"rendered":"Opri\u021bi de la slujire pentru alunecarea \u00een schism\u0103"},"content":{"rendered":"<p><strong><em>\u0218ase clerici din Eparhia Chi\u0219in\u0103ului a Mitropoliei Chi\u0219in\u0103uli \u0219i a \u00eentregii Moldove au fost opri\u021bi de a s\u0103v\u00e2r\u0219i cele sfinte.<\/em><\/strong><\/p>\n<p>Lu\u00e2nd act de p\u0103r\u0103sirea samavolnic\u0103 \u0219i lipsit\u0103 de temei canonic a Eparhiei Chi\u0219in\u0103ului din cadrul Bisericii Ortodoxe din Moldova \u0219i \u021bin\u00e2nd cont de nesupunerea fa\u021b\u0103 de autorit\u0103\u021bile biserice\u0219ti ierarhic-superioare \u0219i \u00eenc\u0103lcarea jur\u0103m\u00e2ntului depus la hirotonie, direc\u021bia Mitropoliei Chi\u0219in\u0103ului \u0219i a \u00eentregii Moldove a eliberat din func\u021bii \u0219i a oprit de la s\u0103v\u00e2r\u0219irea celor sfinte urm\u0103torii \u0219ase clerici:<\/p>\n<ol>\n<li>Protoiereul Petru Storoja, paroh al bisericii \u201eSf\u00e2ntul Ierarh Nicolae\u201d din municipiul Chi\u0219in\u0103u.<\/li>\n<li>Preotul Radu Storoja, cleric al aceleia\u0219i biserici.<\/li>\n<li>Protoiereul Eugen Maznic, cleric al aceleia\u0219i biserici.<\/li>\n<li>Protodiaconul Marcel Rotari, cleric al aceleia\u0219i biserici.<\/li>\n<li>Protoiereul Maxim Melinti, paroh al bisericii \u201eAcoper\u0103m\u00e2ntul Maicii Domnului\u201d din satul Ghidighici, municipiul Chi\u0219in\u0103u.<\/li>\n<li>Preotul Vasile Manica, cleric al aceleia\u0219i biserici.<\/li>\n<\/ol>\n<p>O decizie definitiv\u0103 cu privire la ac\u021biunile anticanonice \u00eentreprinse de ace\u0219ti clerici va fi adoptat\u0103 de c\u0103tre Sinodul Bisericii Ortodoxe din Moldova.<\/p>\n<p style=\"text-align: right;\"><em>Sursa: <a href=\"https:\/\/mitropolia.md\/sase-clerici-din-eparhia-chisinaului-au-fost-opriti-de-a-oficia-cele-sfinte\/?fbclid=IwAR0wmlfIKZd3Qst0E516cqfoXp5K9dtJedliIawsWGVcLT8f8F4b4XbN1Lo\"><strong>Mitropolia Chi\u0219in\u0103ului \u0219i a \u00eentregii Moldove<\/strong><\/a><\/em><\/p>\n","protected":false},"excerpt":{"rendered":"<p>\u0218ase clerici din Eparhia Chi\u0219in\u0103ului a Mitropoliei Chi\u0219in\u0103uli \u0219i a \u00eentregii Moldove au fost opri\u021bi de a s\u0103v\u00e2r\u0219i cele sfinte. Lu\u00e2nd act&hellip;<\/p>\n","protected":false},"author":3,"featured_media":5663,"comment_status":"open","ping_status":"closed","sticky":false,"template":"","format":"standard","meta":{"_lmt_disableupdate":"","_lmt_disable":"","slim_seo":{"title":"Opri\u021bi de la slujire pentru alunecarea \u00een schism\u0103 - traditia.md","description":"\u0218ase clerici din Eparhia Chi\u0219in\u0103ului a Mitropoliei Chi\u0219in\u0103uli \u0219i a \u00eentregii Moldove au fost opri\u021bi de a s\u0103v\u00e2r\u0219i cele sfinte. Lu\u00e2nd act de p\u0103r\u0103sirea samavolnic\u0103"},"footnotes":""},"categories":[38,1720],"tags":[],"class_list":["post-21325","post","type-post","status-publish","format-standard","has-post-thumbnail","hentry","category-stiri","category-unitatea-bisericii"],"_links":{"self":[{"href":"https:\/\/traditia.md\/ro\/wp-json\/wp\/v2\/posts\/21325","targetHints":{"allow":["GET"]}}],"collection":[{"href":"https:\/\/traditia.md\/ro\/wp-json\/wp\/v2\/posts"}],"about":[{"href":"https:\/\/traditia.md\/ro\/wp-json\/wp\/v2\/types\/post"}],"author":[{"embeddable":true,"href":"https:\/\/traditia.md\/ro\/wp-json\/wp\/v2\/users\/3"}],"replies":[{"embeddable":true,"href":"https:\/\/traditia.md\/ro\/wp-json\/wp\/v2\/comments?post=21325"}],"version-history":[{"count":0,"href":"https:\/\/traditia.md\/ro\/wp-json\/wp\/v2\/posts\/21325\/revisions"}],"wp:featuredmedia":[{"embeddable":true,"href":"https:\/\/traditia.md\/ro\/wp-json\/wp\/v2\/media\/5663"}],"wp:attachment":[{"href":"https:\/\/traditia.md\/ro\/wp-json\/wp\/v2\/media?parent=21325"}],"wp:term":[{"taxonomy":"category","embeddable":true,"href":"https:\/\/traditia.md\/ro\/wp-json\/wp\/v2\/categories?post=21325"},{"taxonomy":"post_tag","embeddable":true,"href":"https:\/\/traditia.md\/ro\/wp-json\/wp\/v2\/tags?post=21325"}],"curies":[{"name":"wp","href":"https:\/\/api.w.org\/{rel}","templated":true}]}}