{"id":21179,"date":"2023-12-09T09:22:27","date_gmt":"2023-12-09T07:22:27","guid":{"rendered":"https:\/\/traditia.md\/?p=21179"},"modified":"2023-12-09T09:26:08","modified_gmt":"2023-12-09T07:26:08","slug":"rana-netamaduita-a-bisericii-ortodoxe-din-moldova-6","status":"publish","type":"post","link":"https:\/\/traditia.md\/ro\/rana-netamaduita-a-bisericii-ortodoxe-din-moldova-6\/","title":{"rendered":"Rana net\u0103m\u0103duit\u0103 a Bisericii Ortodoxe din Moldova \u2013 6"},"content":{"rendered":"<p><strong><em>Fiecare din preo\u021bii care ast\u0103zi, indiferent de motivele pe care le invoc\u0103, declar\u0103 c\u0103 trece din Biserica Ortodox\u0103 din Moldova \u00een organiza\u021bia numit\u0103 \u201eMitropolia Basarabiei\u201d \u00een realitate \u2013 din punct de vedere religios \u2013 alunec\u0103 \u00een schism\u0103. <\/em><\/strong><\/p>\n<p>Portalul \u201eTradi\u021bia\u201d continue s\u0103 publice r\u0103spunsurile la \u00eentreb\u0103rile care ne sunt adresate \u00een cadrul rubricii dedicate schismei biserice\u0219ti din Republica Moldova.<\/p>\n<p>R\u0103spunsurile anterioare vezi: <em><a href=\"https:\/\/traditia.md\/ro\/rana-netamaduita-a-bisericii-ortodoxe-din-moldova\/\">Rana net\u0103m\u0103duit\u0103 a Bisericii Ortodoxe din Moldova<\/a>,\u00a0 <a href=\"https:\/\/traditia.md\/ro\/rana-netamaduita-a-bisericii-ortodoxe-din-moldova-2\/\">Rana net\u0103m\u0103duit\u0103 a Bisericii Ortodoxe din Moldova \u2013 2<\/a>,\u00a0 <a href=\"https:\/\/traditia.md\/ro\/rana-netamaduita-a-bisericii-ortodoxe-din-moldova-3\/\">Rana net\u0103m\u0103duit\u0103 a Bisericii Ortodoxe din Moldova \u2013 3<\/a>, <a href=\"https:\/\/traditia.md\/ro\/rana-netamaduita-a-bisericii-ortodoxe-din-moldova-4\/\">Rana net\u0103m\u0103duit\u0103 a Bisericii Ortodoxe din Moldova \u2013 4<\/a>, <a href=\"https:\/\/traditia.md\/ro\/rana-netamaduita-a-bisericii-ortodoxe-din-moldova-5\/\">Rana net\u0103m\u0103duit\u0103 a Bisericii Ortodoxe din Moldova \u2013 5<\/a><\/em><\/p>\n<p><strong><em>\u00ceNTREBARE: <a href=\"https:\/\/traditia.md\/ro\/rana-netamaduita-a-bisericii-ortodoxe-din-moldova-3\/\">Am citit pe portalul vostru amintirile preotului Petru Ciunciuc<\/a><\/em><\/strong><strong><em>\u00a0de la Eparhia de B\u0103l\u021bi, unde el poveste\u0219te despre evenimentele ce au dus la apari\u021bia a\u0219a-numitei Mitropolii a Basarabiei. Este opinia personal\u0103 a unui p\u0103rinte. Dar viziunea Mitropoliei Chi\u0219in\u0103ului \u0219i a \u00eentregii Moldove vizavi de ini\u021bierea acestei schisme, a fost cumva reflectat\u0103 \u00een vreun document oficial al Bisericii Ortodoxe din Moldova?\u00a0 <\/em><\/strong><\/p>\n<p><strong>R\u0102SPUNS:<\/strong> Desigur. Bun\u0103oar\u0103, \u00een referin\u0163a mitropolitului Chi\u015fin\u0103ului \u015fi al \u00eentregii Moldove, Vladimir, din 6 septembrie 2001, adresat\u0103 Comisiei Europene pentru Drepturile Omului \u00een leg\u0103tur\u0103 cu cererea nr. 45701\/99 a \u201eMitropoliei Basarabiei\u201d contra Republicii Moldova \u2013 vom preciza c\u0103, \u00een ianuarie 1999, schismaticii, pe motiv c\u0103 li se refuza \u00eenregistrarea \u0219i av\u00e2ndu-i c\u0103l\u0103uz\u0103 pe deputa\u021bii Partidului Popular Cre\u0219tin Democrat (fostului Front Popular din Moldova), au dat \u021bara noastr\u0103 \u00een judecat\u0103 la CEDO \u2013 un compartiment aparte era dedicat anume acestui subiect. El se \u00eentitula <strong>\u201eApari\u0163ia conflictului canonic \u00een cadrul Bisericii Ortodoxe din Moldova\u201d<\/strong>. Iat\u0103 ce spune documentul respectiv:<\/p>\n<p><em>\u201e&lt;&#8230;&gt; La finele anului 1992, \u00een s\u00e2nul Bisericii Ortodoxe din Moldova apare o schism\u0103. C\u00e2\u0163iva preo\u0163i (6 la num\u0103r), \u00een frunte cu PS Petru, episcop de B\u0103l\u0163i, din cauza unor ambi\u0163ii personale ne\u00eemplinite, au organizat un grup de ini\u0163iativ\u0103 \u00een vederea \u201dreactiv\u0103rii\u201d fostei Mitropolii a Basarabiei. Situa\u0163ie nes\u0103n\u0103toas\u0103, creat\u0103 \u00een s\u00e2nul Bisericii Ortodoxe din Moldova, care persist\u0103 deja de 9 ani, poart\u0103 un caracter politic bine chibzuit, fiind inspirat\u0103 de anumite for\u0163e care \u00eencearc\u0103 prin intermediul Bisericii s\u0103 destabilizeze starea social-politic\u0103 din \u0163ar\u0103 \u015fi s\u0103-\u015fi ating\u0103 scopurile sale personale. <\/em><\/p>\n<p><em>Prin activitatea lor, au \u00eenc\u0103lcat o serie de canoane biserice\u015fti, f\u0103c\u00e2ndu-se vinova\u0163i de: neascultare, nesupunere, desconsiderare a propriului episcop \u015fi facerea de adunare osebit\u0103 (Canonul 31 Apostolic); f\u0103r\u0103delege de moarte a conjura\u0163iei, crima conspira\u0163iei (Canonul 18 al Sinodului IV Ecumenic); nesupunere fa\u0163\u0103 de episcop c\u00e2nd a fost chemat, neascultare, neplecare, st\u0103ruin\u0163\u0103 de a tulbura \u015fi r\u0103zvr\u0103ti biserica (Canonul 5 al Sinodului Local din Antiohia) \u015f.a. <\/em><\/p>\n<p><em>De 3 ori a fost chemat la \u015fedin\u0163ele Sf\u00e2ntului Sinod PS Petru, episcopul de B\u0103l\u0163i, dar nu s-a prezentat. Pentru crimele biserice\u015fti enumerate mai sus, la 5 octombrie 1992, a fost oprit de c\u0103tre autorit\u0103\u0163ile superioare ale Patriarhiei Moscovei, \u00een jurisdic\u0163ia canonic\u0103 a c\u0103rora era, de la s\u0103v\u00e2r\u015firea celor sfinte.<\/em><\/p>\n<p><em>Schismaticii, \u00een frunte cu PS Petru, episcop de B\u0103l\u0163i, nu s-au supus deciziilor puterii biserice\u015fti superioare \u015fi au \u201dreactivat\u201d la 14 septembrie 1992 Mitropolia Basarabiei. <\/em><\/p>\n<p><em>Spre marele regret, conducerea Patriarhiei Rom\u00e2ne, nelu\u00e2nd \u00een considera\u0163ie crimele biserice\u015fti ale acestor conspiratori, desconsider\u00e2nd existen\u0163a \u00een acest teritoriu a unui stat independent Republica Moldova, \u015fi a unei unit\u0103\u0163i administrativ-teritoriale biserice\u015fti, Mitropolia Chi\u015fin\u0103ului \u015fi a \u00eentregii Moldove, f\u0103r\u0103 nici o consulta\u0163ie cu reprezentan\u0163ii puterii oficiale laice, c\u00e2t \u015fi a celei biserice\u015fti, a binecuv\u00e2ntat \u201dreactivarea\u201d fostei Mitropolii a Basarabiei la 19 decembrie 1992. Aceast\u0103 \u201dreactivare\u201d s-a f\u0103cut nu doar cu desconsiderarea legilor Republicii Moldova, dar \u015fi a normelor Biserice\u015fti. <\/em><\/p>\n<p><em>Patriarhia Rom\u00e2na nu a avut nici un drept s\u0103 \u201dreactiveze\u201d aceast\u0103 Mitropolie, deoarece, \u00een conformitate cu Canonul 17 al Sinodului IV Ecumenic, a pierdut orice drept asupra parohiilor din st\u00e2nga Prutului \u00eenc\u0103 \u00een anul 1974. &lt;&#8230;&gt;\u201d<\/em> (cit. dup\u0103: <a href=\"https:\/\/mitropolia.md\/wp-content\/uploads\/2012\/02\/sbornik_b5_finalaaaaa.pdf\"><strong><em>\u0412<\/em><\/strong><strong><em>\u043e\u0441\u0441\u0442\u0430\u043d\u043e\u0432\u0438\u0442\u044c \u0435\u0434\u0438\u043d\u0441\u0442\u0432\u043e. <\/em><\/strong><strong><em>\u041f\u043e\u0437\u0438\u0446\u0438\u044f \u0420\u0443\u0441\u0441\u043a\u043e\u0439 \u041f\u0440\u0430\u0432\u043e\u0441\u043b\u0430\u0432\u043d\u043e\u0439 \u0426\u0435\u0440\u043a\u0432\u0438<\/em><\/strong> <strong><em>\u043f\u043e \u0432\u043e\u043f\u0440\u043e\u0441\u0443 \u00ab\u0411\u0435\u0441\u0441\u0430\u0440\u0430\u0431\u0441\u043a\u043e\u0439 \u043c\u0438\u0442\u0440\u043e\u043f\u043e\u043b\u0438\u0438\u00bb<\/em><\/strong><strong><em>. <\/em><\/strong><strong><em>\u0414\u043e\u043a\u0443\u043c\u0435\u043d\u0442\u044b \u0438 \u043c\u0430\u0442\u0435\u0440\u0438\u0430\u043b\u044b<\/em><\/strong><\/a>\u00a0p. 51-52)<\/p>\n<p>Preciz\u0103m c\u0103 ultimul canon stabile\u0219te un termen de treizeci de ani pentru a purta dispute cu privire la apartenen\u021ba chiar \u0219i a unor parohii individuale, cu at\u00e2t mai mult a unor eparhii sau mitropolii. Ipotetic vorbind, Biserica Ortodox\u0103 Rom\u00e2n\u0103 dispunea de dreptul canonic la revendicarea teritoriului dintre Prut \u0219i Nistru \u00een perioada anilor 1944-1974, ceea ce nu s-a \u00eent\u00e2mplat.<\/p>\n<p>Despre pierderea acestui drept se men\u021biona \u0219i \u00een declara\u0163ia Sf\u00e2ntului Sinod al Bisericii Ortodoxe Ruse adoptat\u0103 mai t\u00e2rziu, la 6 noiembrie 2007, \u00een leg\u0103tur\u0103 cu decizia Bisericii Ortodoxe Rom\u00e2ne de a institui eparhiile sale pe teritoriul Moldovei \u015fi al Ucrainei, cit\u0103m:<\/p>\n<p><em>\u201e&lt;&#8230;&gt; La 14 mai 1945, Sanctitatea Sa, Patriarhul Moscovei \u015fi al \u00eentregii Rusii, Alexii I, \u015fi Preafericitul Patriarh al Rom\u00e2niei, Nicodim, au discutat la o \u00eent\u00e2lnire de la Bucure\u015fti problema statutului Ortodoxiei \u00een Moldova, \u015fi drepturile jurisdic\u0163ionale ale Bisericii Ortodoxe Ruse nicicum n-au fost contestate, la fel ca \u015fi \u00een urm\u0103torii patruzeci \u015fi \u015fapte de ani. Aceast\u0103 circumstan\u0163\u0103 nu las\u0103 \u00eendoial\u0103 asupra nelegitimit\u0103\u0163ii canonice a deciziei despre re\u00eenceperea activit\u0103\u0163ii \u201dMitropoliei Basarabiei\u201d din anul 1992, deoarece dup\u0103 dep\u0103\u015firea termenului de treizeci de ani nu pot fi ini\u0163iate litigii noi cu privire la apartenen\u0163a parohiilor, conform canonului 17 al Sinodului IV Ecumenic. &lt;&#8230;&gt;\u201d<\/em> (sursa sus-citat\u0103, p. 125).<\/p>\n<p>A\u0219adar, dac\u0103 din punctul de vedere al legilor de stat \u201eMitropolia Basarabiei\u201d dispune de toate drepturile pe care Republica Moldova le garanteaz\u0103 oric\u0103rui cult \u00eenregistrat, din punctul de vedere al legilor biserice\u0219ti care se numesc canoane aceast\u0103 organiza\u021bie r\u0103m\u00e2ne a fi, dup\u0103 cum a subliniat \u00een referin\u021ba sa mitropolitul Vladimir, ceea ce a fost din start \u2013 o schism\u0103.<\/p>\n<p>\u0218i dac\u0103 e s\u0103 ne conducem de acelea\u0219i legi biserice\u0219ti, vom ad\u0103uga c\u0103 \u00een anul 1992 Patriarhia Rom\u00e2n\u0103 deja nu a avut dreptul la nici un fel de \u201ereactivare\u201d a fostei Mitropolii a Basarabiei, structur\u0103 ecleziastic\u0103 ce a activat pe teritoriul nostru \u00een perioada interbelic\u0103. Iar fiecare din preo\u021bii care ast\u0103zi, indiferent de motivele pe care le invoc\u0103, declar\u0103 c\u0103 trece din Biserica Ortodox\u0103 din Moldova \u00een organiza\u021bia numit\u0103 \u201eMitropolia Basarabiei\u201d \u00een realitate \u2013 din punct de vedere religios \u2013 alunec\u0103 \u00een schism\u0103. Spre marele nostru regret.<\/p>\n<p style=\"text-align: right;\"><strong><em>Victor Josu <\/em><\/strong><\/p>\n","protected":false},"excerpt":{"rendered":"<p>Fiecare din preo\u021bii care ast\u0103zi, indiferent de motivele pe care le invoc\u0103, declar\u0103 c\u0103 trece din Biserica Ortodox\u0103 din Moldova \u00een organiza\u021bia&hellip;<\/p>\n","protected":false},"author":3,"featured_media":21177,"comment_status":"open","ping_status":"closed","sticky":false,"template":"","format":"standard","meta":{"_lmt_disableupdate":"","_lmt_disable":"","slim_seo":{"title":"Rana net\u0103m\u0103duit\u0103 a Bisericii Ortodoxe din Moldova \u2013 6 - traditia.md","description":"Fiecare din preo\u021bii care ast\u0103zi, indiferent de motivele pe care le invoc\u0103, declar\u0103 c\u0103 trece din Biserica Ortodox\u0103 din Moldova \u00een organiza\u021bia numit\u0103 \u201eMitropolia"},"footnotes":""},"categories":[38,1720,64],"tags":[],"class_list":["post-21179","post","type-post","status-publish","format-standard","has-post-thumbnail","hentry","category-stiri","category-unitatea-bisericii","category-victor-josu"],"_links":{"self":[{"href":"https:\/\/traditia.md\/ro\/wp-json\/wp\/v2\/posts\/21179","targetHints":{"allow":["GET"]}}],"collection":[{"href":"https:\/\/traditia.md\/ro\/wp-json\/wp\/v2\/posts"}],"about":[{"href":"https:\/\/traditia.md\/ro\/wp-json\/wp\/v2\/types\/post"}],"author":[{"embeddable":true,"href":"https:\/\/traditia.md\/ro\/wp-json\/wp\/v2\/users\/3"}],"replies":[{"embeddable":true,"href":"https:\/\/traditia.md\/ro\/wp-json\/wp\/v2\/comments?post=21179"}],"version-history":[{"count":0,"href":"https:\/\/traditia.md\/ro\/wp-json\/wp\/v2\/posts\/21179\/revisions"}],"wp:featuredmedia":[{"embeddable":true,"href":"https:\/\/traditia.md\/ro\/wp-json\/wp\/v2\/media\/21177"}],"wp:attachment":[{"href":"https:\/\/traditia.md\/ro\/wp-json\/wp\/v2\/media?parent=21179"}],"wp:term":[{"taxonomy":"category","embeddable":true,"href":"https:\/\/traditia.md\/ro\/wp-json\/wp\/v2\/categories?post=21179"},{"taxonomy":"post_tag","embeddable":true,"href":"https:\/\/traditia.md\/ro\/wp-json\/wp\/v2\/tags?post=21179"}],"curies":[{"name":"wp","href":"https:\/\/api.w.org\/{rel}","templated":true}]}}