{"id":21089,"date":"2023-12-07T08:40:46","date_gmt":"2023-12-07T06:40:46","guid":{"rendered":"https:\/\/traditia.md\/?p=21089"},"modified":"2023-12-07T08:42:23","modified_gmt":"2023-12-07T06:42:23","slug":"lavra-pecerska-din-kiev-continua-sa-impartaseasca-credinciosii-prin-gratii","status":"publish","type":"post","link":"https:\/\/traditia.md\/ro\/lavra-pecerska-din-kiev-continua-sa-impartaseasca-credinciosii-prin-gratii\/","title":{"rendered":"Lavra Pecerska din Kiev continu\u0103 s\u0103 \u00eemp\u0103rt\u0103\u0219easc\u0103 credincio\u0219ii prin gratii"},"content":{"rendered":"<p><strong><em>Enoria\u0219ii bisericii cu hramul \u201eIzvorul cel de via\u0163\u0103 d\u0103t\u0103tor\u201d situat\u0103 pe teritoriul Lavrei sunt nevoi\u021bi s\u0103 se roage \u0219i s\u0103 se \u00eemp\u0103rt\u0103\u0219easc\u0103 dup\u0103 gratii, f\u0103r\u0103 a fi admi\u0219i \u00een interiorul m\u0103n\u0103stirii.<\/em><\/strong><\/p>\n<p>Lavra Pecerska din Kiev continu\u0103 s\u0103 \u00eemp\u0103rt\u0103\u0219esc\u0103 enoria\u0219ilor prin gratii. La 3 decembrie 2023, preo\u021bii bisericii cu hramul \u201eIzvorul cel de via\u021b\u0103 d\u0103t\u0103tor\u201d care se afl\u0103 la intrarea de jos \u00een a\u0219ez\u0103m\u00e2ntul monahal au fost nevoi\u021bi s\u0103 spovedeasc\u0103 \u0219i s\u0103 \u00eemp\u0103rt\u0103\u0219easc\u0103 enoria\u0219ii prin por\u021bile cu gratii.<\/p>\n<p>Fotografiile de la \u00eemp\u0103rt\u0103\u0219anie au fost trimise la redac\u021bia Uniunii Jurnali\u015ftilor Ortodoc\u015fi.<\/p>\n<p>Reamintim c\u0103, \u00eencep\u00e2nd cu 10 august, autorit\u0103\u021bile ucrainene, din motive inventate, au \u00eenchis accesul \u00een Lavra de Jos pentru to\u021bi enoria\u0219ii. Accesul la m\u0103n\u0103stire este posibil doar contra bani \u0219i doar ca parte a unui grup de excursii.<\/p>\n<p>Pentru prima dat\u0103, enoria\u0219ii bisericii \u201eIzvorul cel de via\u021b\u0103 d\u0103t\u0103tor\u201d au fost nevoi\u021bi s\u0103 se spovedeasc\u0103 \u0219i s\u0103 primeasc\u0103 \u00eemp\u0103rt\u0103\u0219ania prin gratii de s\u0103rb\u0103toarea hramului sf\u00e2ntului loca\u0219, la 21 aprilie curent.<\/p>\n<p>Dup\u0103 cum a mai scris Uniunea Jurnali\u015ftilor Ortodoc\u015fi, \u00een Lavr\u0103 s-au oficiat deja mai multe slujbe la care autorit\u0103\u0163ile nu au permis participarea credincio\u015filor, din care cauz\u0103 ace\u015ftia au fost nevoi\u0163i s\u0103 se \u00eemp\u0103rt\u0103\u015feasc\u0103 prin gratii.<\/p>\n<p style=\"text-align: right;\"><em>Sursa<\/em><em>: <\/em><a href=\"https:\/\/spzh.news\/ru\/news\/77273-v-lavre-prodolzhajut-prichashchat-verujushchikh-cherez-reshetku\"><strong><em>UJO<\/em><\/strong><\/a><\/p>\n","protected":false},"excerpt":{"rendered":"<p>Enoria\u0219ii bisericii cu hramul \u201eIzvorul cel de via\u0163\u0103 d\u0103t\u0103tor\u201d situat\u0103 pe teritoriul Lavrei sunt nevoi\u021bi s\u0103 se roage \u0219i s\u0103 se \u00eemp\u0103rt\u0103\u0219easc\u0103&hellip;<\/p>\n","protected":false},"author":3,"featured_media":21087,"comment_status":"open","ping_status":"closed","sticky":false,"template":"","format":"standard","meta":{"_lmt_disableupdate":"","_lmt_disable":"","slim_seo":{"title":"Lavra Pecerska din Kiev continu\u0103 s\u0103 \u00eemp\u0103rt\u0103\u0219easc\u0103 credincio\u0219ii prin gratii - traditia.md","description":"Enoria\u0219ii bisericii cu hramul \u201eIzvorul cel de via\u0163\u0103 d\u0103t\u0103tor\u201d situat\u0103 pe teritoriul Lavrei sunt nevoi\u021bi s\u0103 se roage \u0219i s\u0103 se \u00eemp\u0103rt\u0103\u0219easc\u0103 dup\u0103 gratii, f\u0103r\u0103 a fi"},"footnotes":""},"categories":[40,39,38],"tags":[],"class_list":["post-21089","post","type-post","status-publish","format-standard","has-post-thumbnail","hentry","category-apararea-credintei","category-biserica-si-societatea","category-stiri"],"_links":{"self":[{"href":"https:\/\/traditia.md\/ro\/wp-json\/wp\/v2\/posts\/21089","targetHints":{"allow":["GET"]}}],"collection":[{"href":"https:\/\/traditia.md\/ro\/wp-json\/wp\/v2\/posts"}],"about":[{"href":"https:\/\/traditia.md\/ro\/wp-json\/wp\/v2\/types\/post"}],"author":[{"embeddable":true,"href":"https:\/\/traditia.md\/ro\/wp-json\/wp\/v2\/users\/3"}],"replies":[{"embeddable":true,"href":"https:\/\/traditia.md\/ro\/wp-json\/wp\/v2\/comments?post=21089"}],"version-history":[{"count":0,"href":"https:\/\/traditia.md\/ro\/wp-json\/wp\/v2\/posts\/21089\/revisions"}],"wp:featuredmedia":[{"embeddable":true,"href":"https:\/\/traditia.md\/ro\/wp-json\/wp\/v2\/media\/21087"}],"wp:attachment":[{"href":"https:\/\/traditia.md\/ro\/wp-json\/wp\/v2\/media?parent=21089"}],"wp:term":[{"taxonomy":"category","embeddable":true,"href":"https:\/\/traditia.md\/ro\/wp-json\/wp\/v2\/categories?post=21089"},{"taxonomy":"post_tag","embeddable":true,"href":"https:\/\/traditia.md\/ro\/wp-json\/wp\/v2\/tags?post=21089"}],"curies":[{"name":"wp","href":"https:\/\/api.w.org\/{rel}","templated":true}]}}