{"id":20992,"date":"2023-12-04T10:45:28","date_gmt":"2023-12-04T08:45:28","guid":{"rendered":"https:\/\/traditia.md\/?p=20992"},"modified":"2023-12-04T10:46:31","modified_gmt":"2023-12-04T08:46:31","slug":"patriarhulul-chiril-avortul-este-un-dezastru-national","status":"publish","type":"post","link":"https:\/\/traditia.md\/ro\/patriarhulul-chiril-avortul-este-un-dezastru-national\/","title":{"rendered":"Patriarhulul Chiril: \u201eAvortul este un dezastru na\u021bional\u201d"},"content":{"rendered":"<p><strong><em>CITAT\u0102:<\/em><\/strong> \u201eDurerea mea deosebit\u0103 este problema nerezolvat\u0103 a avortului pe care o ridic adesea \u00een conversa\u021biile cu autorit\u0103\u021bile guvernamentale de la diferite niveluri. Acesta, f\u0103r\u0103 exagerare, este un adev\u0103rat dezastru na\u021bional, distrug\u00e2nd viitorul societ\u0103\u021bii noastre, distrug\u00e2nd ideea de valoare a vie\u021bii umane.<\/p>\n<p>\u00cens\u0103 solu\u021bia privind problema avortului se afl\u0103 nu doar \u00een planul interdic\u021biilor legislative. Este foarte important s\u0103 desf\u0103\u0219ur\u0103m o activitate educa\u021bional\u0103, inclusiv la \u0219coal\u0103, educ\u00e2nd \u00een copii respectul pentru via\u021ba uman\u0103, dragostea fa\u021b\u0103 de p\u0103rin\u021bi, fa\u021b\u0103 de Patrie, fa\u021b\u0103 de valorile \u0219i idealurile noastre morale. F\u0103r\u0103 dragostea care ac\u021bioneaz\u0103 \u00een libera alegere moral\u0103 nicio interdic\u021bie nu poate schimba radical situa\u021bia. F\u0103r\u0103 iubire, toate acestea devin un sistem de pedepse f\u0103r\u0103 suflet, pe care o persoan\u0103 va \u00eencerca \u00eentotdeauna s\u0103-l ocoleasc\u0103 prin viclenie.\u201d<\/p>\n<p><em>Sursa: <a href=\"http:\/\/www.patriarchia.ru\/db\/text\/6080946.html\"><strong>Site-ul oficial al Patriarhiei Moscovei<\/strong><\/a><\/em><\/p>\n","protected":false},"excerpt":{"rendered":"<p>CITAT\u0102: \u201eDurerea mea deosebit\u0103 este problema nerezolvat\u0103 a avortului pe care o ridic adesea \u00een conversa\u021biile cu autorit\u0103\u021bile guvernamentale de la diferite&hellip;<\/p>\n","protected":false},"author":3,"featured_media":20990,"comment_status":"open","ping_status":"closed","sticky":false,"template":"","format":"standard","meta":{"_lmt_disableupdate":"","_lmt_disable":"","slim_seo":{"title":"Patriarhulul Chiril: \u201eAvortul este un dezastru na\u021bional\u201d - traditia.md","description":"CITAT\u0102: \u201eDurerea mea deosebit\u0103 este problema nerezolvat\u0103 a avortului pe care o ridic adesea \u00een conversa\u021biile cu autorit\u0103\u021bile guvernamentale de la diferite nivel"},"footnotes":""},"categories":[39,38],"tags":[],"class_list":["post-20992","post","type-post","status-publish","format-standard","has-post-thumbnail","hentry","category-biserica-si-societatea","category-stiri"],"_links":{"self":[{"href":"https:\/\/traditia.md\/ro\/wp-json\/wp\/v2\/posts\/20992","targetHints":{"allow":["GET"]}}],"collection":[{"href":"https:\/\/traditia.md\/ro\/wp-json\/wp\/v2\/posts"}],"about":[{"href":"https:\/\/traditia.md\/ro\/wp-json\/wp\/v2\/types\/post"}],"author":[{"embeddable":true,"href":"https:\/\/traditia.md\/ro\/wp-json\/wp\/v2\/users\/3"}],"replies":[{"embeddable":true,"href":"https:\/\/traditia.md\/ro\/wp-json\/wp\/v2\/comments?post=20992"}],"version-history":[{"count":0,"href":"https:\/\/traditia.md\/ro\/wp-json\/wp\/v2\/posts\/20992\/revisions"}],"wp:featuredmedia":[{"embeddable":true,"href":"https:\/\/traditia.md\/ro\/wp-json\/wp\/v2\/media\/20990"}],"wp:attachment":[{"href":"https:\/\/traditia.md\/ro\/wp-json\/wp\/v2\/media?parent=20992"}],"wp:term":[{"taxonomy":"category","embeddable":true,"href":"https:\/\/traditia.md\/ro\/wp-json\/wp\/v2\/categories?post=20992"},{"taxonomy":"post_tag","embeddable":true,"href":"https:\/\/traditia.md\/ro\/wp-json\/wp\/v2\/tags?post=20992"}],"curies":[{"name":"wp","href":"https:\/\/api.w.org\/{rel}","templated":true}]}}