{"id":20940,"date":"2023-12-02T11:03:11","date_gmt":"2023-12-02T09:03:11","guid":{"rendered":"https:\/\/traditia.md\/?p=20940"},"modified":"2023-12-02T11:04:05","modified_gmt":"2023-12-02T09:04:05","slug":"s-o-rupem-o-data-pentru-totdeauna-cu-tot-ce-poate-impiedica-lucrarea-mantuirii","status":"publish","type":"post","link":"https:\/\/traditia.md\/ro\/s-o-rupem-o-data-pentru-totdeauna-cu-tot-ce-poate-impiedica-lucrarea-mantuirii\/","title":{"rendered":"S-o rupem o dat\u0103 pentru totdeauna cu tot ce poate \u00eempiedica lucrarea m\u00e2ntuirii"},"content":{"rendered":"<p><strong><em>\u201eDar altul a zis: \u00ce\u0163i voi urma, Doamne, dar \u00eent\u00e2i \u00eeng\u0103duie-mi ca s\u0103 r\u00e2nduiesc cele din casa mea. Iar Iisus a zis c\u0103tre el: Nimeni care pune m\u00e2na pe plug \u015fi se uit\u0103 \u00eend\u0103r\u0103t nu este potrivit pentru \u00eemp\u0103r\u0103\u0163ia lui Dumnezeu.\u201d<\/em><\/strong> (Lc. 9:61-62)<\/p>\n<p><strong>T\u00e2lcuirea Sf\u00e2ntului Ierarh Teofan Z\u0103vor\u00e2tul<\/strong><\/p>\n<p>\u201eNimeni care pune m\u00e2na pe plug \u015fi se uit\u0103 \u00eend\u0103r\u0103t nu este potrivit pentru \u00eemp\u0103r\u0103\u0163ia lui Dumnezeu.\u201d Asta \u00eenseamn\u0103 c\u0103 cine vrea s\u0103 se m\u00e2ntuiasc\u0103, dar se uit\u0103 cu p\u0103rere de r\u0103u la lucrurile pe care trebuie s\u0103 le lepede \u00een acest scop, acela nu se m\u00e2ntuie\u015fte, nu merge, nu se \u00eendreapt\u0103 c\u0103tre \u00eemp\u0103r\u0103\u0163ia lui Dumnezeu.<\/p>\n<p>Trebuie s-o rupem o dat\u0103 pentru totdeauna cu tot ce poate \u00eempiedica lucrarea m\u00e2ntuirii. Cei ce vor s\u0103 se m\u00e2ntuiasc\u0103 v\u0103d \u015fi singuri asta, dar am\u00e2n\u0103 mereu desp\u0103r\u0163irea de anumite deprinderi p\u0103tima\u015fe. A rupe dintr-o dat\u0103 cu toate aceste obi\u015fnuin\u0163e li se pare o jertf\u0103 prea mare. Vor s\u0103 se lase de ele \u201epu\u0163in c\u00e2te pu\u0163in\u201d, ca s\u0103 nici nu bat\u0103 la ochi, \u015fi ies mai \u00eentotdeauna \u00een pierdere. Se apuc\u0103 de fapte m\u00e2ntuitoare, dar sim\u0163irile inimii r\u0103m\u00e2n acelea\u015fi ca mai \u00eenainte.<\/p>\n<p>La \u00eenceput, nepotrivirea aceasta e foarte izbitoare, \u00eens\u0103 f\u0103g\u0103duin\u0163a \u201em\u00e2ine m\u0103 voi schimba\u201d astup\u0103 gura con\u015ftiin\u0163ei. Astfel se scurge \u201em\u00e2ine\u201d dup\u0103 \u201em\u00e2ine\u201d, iar con\u015ftiin\u0163a obose\u015fte s\u0103 repete \u00eentruna acela\u015fi lucru \u015fi, \u00een cele din urm\u0103, tace. \u00cencepe s\u0103 apar\u0103 g\u00e2ndul: \u201eSe poate \u015fi a\u015fa.\u201d Acest g\u00e2nd devine din ce \u00een ce mai puternic, iar apoi se \u00eencet\u0103\u0163ene\u015fte pentru totdeauna, \u015fi omul devine cucernic pe din afar\u0103, \u00eens\u0103 ne\u00eendreptat pe din\u0103untru: un morm\u00e2nt v\u0103ruit \u00een ochii Domnului.<\/p>\n<p>Ceea ce e mai dureros este c\u0103 ace\u015fti oameni se \u00eendreapt\u0103 la fel de greu, dac\u0103 nu chiar mai greu, dec\u00e2t cei \u00eempietri\u0163i \u00een p\u0103cate v\u0103dite&#8230; Iar ei cred c\u0103 nu s\u0103v\u00e2r\u015fesc nimic r\u0103u.<\/p>\n<p style=\"text-align: right;\"><strong><em>Sf\u00e2ntul Teofan Z\u0103vor\u00e2tul. T\u00e2lcuiri din Sf\u00e2nta Scriptur\u0103 pentru fiecare zi din an<\/em><\/strong><\/p>\n","protected":false},"excerpt":{"rendered":"<p>\u201eDar altul a zis: \u00ce\u0163i voi urma, Doamne, dar \u00eent\u00e2i \u00eeng\u0103duie-mi ca s\u0103 r\u00e2nduiesc cele din casa mea. Iar Iisus a zis&hellip;<\/p>\n","protected":false},"author":3,"featured_media":20938,"comment_status":"open","ping_status":"closed","sticky":false,"template":"","format":"standard","meta":{"_lmt_disableupdate":"","_lmt_disable":"","slim_seo":{"title":"S-o rupem o dat\u0103 pentru totdeauna cu tot ce poate \u00eempiedica lucrarea m\u00e2ntuirii - traditia.md","description":"\u201eDar altul a zis: \u00ce\u0163i voi urma, Doamne, dar \u00eent\u00e2i \u00eeng\u0103duie-mi ca s\u0103 r\u00e2nduiesc cele din casa mea. Iar Iisus a zis c\u0103tre el: Nimeni care pune m\u00e2na pe plug \u015fi se u"},"footnotes":""},"categories":[44,38],"tags":[],"class_list":["post-20940","post","type-post","status-publish","format-standard","has-post-thumbnail","hentry","category-actualitate","category-stiri"],"_links":{"self":[{"href":"https:\/\/traditia.md\/ro\/wp-json\/wp\/v2\/posts\/20940","targetHints":{"allow":["GET"]}}],"collection":[{"href":"https:\/\/traditia.md\/ro\/wp-json\/wp\/v2\/posts"}],"about":[{"href":"https:\/\/traditia.md\/ro\/wp-json\/wp\/v2\/types\/post"}],"author":[{"embeddable":true,"href":"https:\/\/traditia.md\/ro\/wp-json\/wp\/v2\/users\/3"}],"replies":[{"embeddable":true,"href":"https:\/\/traditia.md\/ro\/wp-json\/wp\/v2\/comments?post=20940"}],"version-history":[{"count":0,"href":"https:\/\/traditia.md\/ro\/wp-json\/wp\/v2\/posts\/20940\/revisions"}],"wp:featuredmedia":[{"embeddable":true,"href":"https:\/\/traditia.md\/ro\/wp-json\/wp\/v2\/media\/20938"}],"wp:attachment":[{"href":"https:\/\/traditia.md\/ro\/wp-json\/wp\/v2\/media?parent=20940"}],"wp:term":[{"taxonomy":"category","embeddable":true,"href":"https:\/\/traditia.md\/ro\/wp-json\/wp\/v2\/categories?post=20940"},{"taxonomy":"post_tag","embeddable":true,"href":"https:\/\/traditia.md\/ro\/wp-json\/wp\/v2\/tags?post=20940"}],"curies":[{"name":"wp","href":"https:\/\/api.w.org\/{rel}","templated":true}]}}