{"id":20795,"date":"2023-11-29T11:34:52","date_gmt":"2023-11-29T09:34:52","guid":{"rendered":"https:\/\/traditia.md\/?p=20795"},"modified":"2023-11-29T11:45:19","modified_gmt":"2023-11-29T09:45:19","slug":"fratele-meu-parintele-ioanichie","status":"publish","type":"post","link":"https:\/\/traditia.md\/ro\/fratele-meu-parintele-ioanichie\/","title":{"rendered":"Fratele meu p\u0103rintele Ioanichie"},"content":{"rendered":"<p><strong><em>Maica Maria B\u0103lan de la M\u00e2n\u0103stirea Agapia este sora renumitului p\u0103rinte Ioanichie B\u0103lan de la M\u00e2n\u0103stirea Sih\u0103stria, un mare duhovnic, supranumit &#8222;cronicarul sfin\u0163ilor&#8221;. Pe cei doi nu i-a legat doar \u00eenrudirea de s\u00e2nge, ci \u015fi o trainic\u0103 iubire pentru Hristos, c\u0103ruia \u015fi-au d\u0103ruit vie\u0163ile.<\/em><\/strong><\/p>\n<p><em>S-a n\u0103scut \u015fi a crescut \u00een satul St\u0103ni\u0163a din jude\u0163ul Neam\u0163, al nou\u0103lea copil al unei familii de \u0163\u0103rani. Fratele ei, marele duhovnic Ioanichie B\u0103lan de la M\u00e2n\u0103stirea Sih\u0103stria, a fost cel de-al doilea n\u0103scut \u015fi primul b\u0103iat. \u00centre ei era o diferen\u0163\u0103 de nou\u0103sprezece ani, dar asta nu i-a \u00eempiedicat s\u0103 se iubeasc\u0103, a\u015fa cum numai fra\u0163ii adev\u0103ra\u0163i \u015ftiu s\u0103 o fac\u0103. \u015ei maica Maria, \u015fi p\u0103rintele Ioanichie, au tr\u0103it \u00een m\u00e2n\u0103stiri aflate la o arunc\u0103tur\u0103 de deal distan\u0163\u0103, \u00een palma aceea de loc de la poalele mun\u0163ilor Neam\u0163ului, care este un fel de Athos al Rom\u00e2niei. Aici se afl\u0103 unele dintre cele mai mari \u015fi mai sfinte s\u0103la\u015fe monahale ale \u0163\u0103rii, vegheate de sfin\u0163i mai vechi sau mai noi, unii a\u015ftept\u00e2ndu-\u015fi canonizarea: Secu, Sih\u0103stria, Sihla, Agapia, V\u0103ratec. <\/em><\/p>\n<p><em>Era sear\u0103, c\u00e2nd am \u00eent\u00e2lnit-o. O sear\u0103 care \u00eenvelea povestea vie\u0163ii ei \u00eentr-o lumin\u0103 aurie, parc\u0103 venit\u0103 dintr-o alt\u0103 lume. <\/em><\/p>\n<p>&#8222;Perioada comunist\u0103 a fost o perioad\u0103 grea pentru credin\u0163\u0103, dar, \u00een acela\u015fi timp, minunat\u0103, pentru c\u0103 \u00eei aveam pe to\u0163i ace\u015fti mari p\u0103rin\u0163i aproape de noi. Oameni sfin\u0163i&#8230; \u015eti\u0163i ce fericire este s\u0103 calci pe urmele sfin\u0163ilor?&#8221;.<\/p>\n<h4><strong>\u00cenceputul<\/strong><\/h4>\n<p><em>&#8222;Care e fratele meu, mam\u0103?&#8221;. \u00cen fa\u0163a ei st\u0103teau doi monahi, \u00eembr\u0103ca\u0163i cu rase negre, largi \u015fi bundi\u0163e albe de miel. Cel t\u00e2n\u0103r, s\u0103 fi<\/em><\/p>\n<div id=\"attachment_20774\" style=\"width: 310px\" class=\"wp-caption alignright\"><img fetchpriority=\"high\" decoding=\"async\" aria-describedby=\"caption-attachment-20774\" class=\"size-full wp-image-20774\" src=\"https:\/\/traditia.md\/wp-content\/uploads\/2023\/11\/425816.b.jpg\" alt=\"\" width=\"300\" height=\"441\" srcset=\"https:\/\/traditia.md\/wp-content\/uploads\/2023\/11\/425816.b.jpg 300w, https:\/\/traditia.md\/wp-content\/uploads\/2023\/11\/425816.b-204x300.jpg 204w\" sizes=\"(max-width: 300px) 100vw, 300px\" \/><p id=\"caption-attachment-20774\" class=\"wp-caption-text\">Arhimandritul Cleopa Ilie \u0219i ieromonahul Ioanichie B\u0103lan, aprox. 1952-1954<\/p><\/div>\n<p><em>avut vreo 30 de ani, cu p\u0103rul b\u0103lai \u015fi ochi de un albastru senin, era p\u0103rintele Ioanichie B\u0103lan, iar cel mai \u00een v\u00e2rst\u0103, un b\u0103rbat \u00een putere, pu\u0163in trecut de 40, era p\u0103rintele Ilie Cleopa. <\/em><\/p>\n<p><em>C\u00e2nd tot satul s-a str\u00e2ns \u00een cas\u0103 pentru a-i vedea, a \u00een\u0163eles \u015fi Maria cine este, cu adev\u0103rat, fratele ei mai mare. Nu era om de r\u00e2nd. Era c\u0103lug\u0103r, dar nu orice c\u0103lug\u0103r, ci unul de la M\u00e2n\u0103stirea Sih\u0103stria, acolo unde st\u0103re\u0163ea p\u0103rintele Ilie Cleopa pe care, \u00eenc\u0103 de atunci, lumea \u00eel iubea \u015fi cinstea ca pe un sf\u00e2nt. <\/em><\/p>\n<p><em>De fapt a\u015fa \u015fi era. C\u00e2nd a predicat \u00een biserica din St\u0103ni\u0163a, toat\u0103 lumea a \u00eenceput s\u0103 pl\u00e2ng\u0103. De piatr\u0103 s\u0103 fi fost \u015fi nu puteai s\u0103 nu fii mi\u015fcat p\u00e2n\u0103 \u00een str\u0103funduri de cuvintele lui. Cuvinte de foc, venite de dincolo de lumi, str\u00e2nse \u00een inima lui cu truda rug\u0103ciunii, \u00een nop\u0163i de priveghere. <\/em><\/p>\n<p><em>Prin cas\u0103 le-a trecut apoi tot satul. Au venit r\u00e2nduri, r\u00e2nduri, ca s\u0103 vorbeasc\u0103 cu cei doi monahi, s\u0103 le cear\u0103 sfatul \u015fi, mai ales, s\u0103 \u00ee\u015fi aline durerile prin binecuv\u00e2ntarea lor. <\/em><\/p>\n<p>&#8222;Erau vremuri foarte grele. Nu \u00eencepuse \u00eenc\u0103 \u00een for\u0163\u0103 colectivizarea, dar trebuia ca orice \u0163\u0103ran s\u0103 dea statului cote foarte mari din ce producea. Dac\u0103 nu reu\u015feau, atunci le intrau \u00een case \u015fi le confiscau tot ce aveau. Iar oamenii a\u015fteptau de la p\u0103rintele Cleopa \u015fi de la fratele meu nu numai alinare, ci \u015fi un sfat. Nu \u015ftiau ce s\u0103 fac\u0103 \u00een fa\u0163a unei dictaturi at\u00e2t de nemiloase, care r\u0103sp\u00e2dea numai fric\u0103.<\/p>\n<p>\u00cemi aduc aminte c\u0103, la plecare, p\u0103rintele Ioanichie ne-a l\u0103sat o valiz\u0103 plin\u0103 cu manuscrisele lui. Se g\u00e2ndea c\u0103 va urma o prigoan\u0103 \u00een care, poate, va fi arestat. De arestare a sc\u0103pat, dar de prigoan\u0103, nu&#8221;.<\/p>\n<h4><strong>Dragoste de frate<\/strong><\/h4>\n<div id=\"attachment_20778\" style=\"width: 310px\" class=\"wp-caption alignleft\"><img decoding=\"async\" aria-describedby=\"caption-attachment-20778\" class=\"size-full wp-image-20778\" src=\"https:\/\/traditia.md\/wp-content\/uploads\/2023\/11\/arhimandrit-ioannikij-belan.jpg\" alt=\"\" width=\"300\" height=\"451\" srcset=\"https:\/\/traditia.md\/wp-content\/uploads\/2023\/11\/arhimandrit-ioannikij-belan.jpg 300w, https:\/\/traditia.md\/wp-content\/uploads\/2023\/11\/arhimandrit-ioannikij-belan-200x300.jpg 200w\" sizes=\"(max-width: 300px) 100vw, 300px\" \/><p id=\"caption-attachment-20778\" class=\"wp-caption-text\">Arhimandritul Ioanichie B\u0103lan<\/p><\/div>\n<p><em>P\u0103rintele Ioanichie B\u0103lan \u015fi-a iubit sora \u015fi a vegheat asupra ei toat\u0103 via\u0163a. La b\u0103tr\u00e2ne\u0163e avea s\u0103 \u00eei spun\u0103 unui ucenic, preot de mir: <\/em><\/p>\n<p><em>&#8222;P\u0103rinte, noi c\u0103lug\u0103rii avem parte de toate binecuv\u00e2nt\u0103rile de la Dumnezeu, afar\u0103 de aceea de a ne \u0163ine pruncii \u00een bra\u0163e. Aceast\u0103 mare bucurie v-a h\u0103r\u0103zit-o Domnul numai vou\u0103, celor din lume. Dar s\u0103 \u015ftii c\u0103 \u015fi eu am avut oleac\u0103 parte de ea, pentru c\u0103 mi-am \u0163inut \u00een bra\u0163e surioara, pe Maria. C\u00e2nd am plecat la m\u00e2n\u0103stire, eu aveam 19 ani, iar ea avea dou\u0103 luni. Pe ea am \u00eembr\u0103\u0163i\u015fat-o ultima \u015fi cu amintirea ei am tr\u0103it tot timpul&#8221;.<\/em><\/p>\n<p><em>Anii au trecut, feti\u0163a s-a f\u0103cut mare, dar, din lini\u015ftea m\u00e2n\u0103stirii, fratele a continuat s\u0103 vegheze asupra ei. \u015ei nu doar cu rug\u0103ciuni. <\/em><\/p>\n<p>&#8222;Pe mine p\u0103rintele m-a iubit mult. \u00cemi aduc aminte c\u0103 \u00eei spunea mamei &#8211; \u00abNu \u015ftiu de ce, dar \u00eemi e foarte drag\u0103 fata asta\u00bb. \u015ei s\u0103 \u015fti\u0163i c\u0103 a vegheat necontenit asupra mea. La un moment dat m-am \u00eemboln\u0103vit r\u0103u de TBC, \u015fi, pe c\u00e2nd eram \u00een spital, primeam de la el scrisori, iar paginile erau p\u0103tate cu lacrimile lui&#8230; Era foarte \u00eengrijorat de s\u0103n\u0103tatea mea. L-am sim\u0163it tot timpul foarte duios, un suflet foarte sensibil&#8221;.<\/p>\n<h4><strong>Capitala sfin\u0163ilor<\/strong><\/h4>\n<div id=\"attachment_20782\" style=\"width: 710px\" class=\"wp-caption aligncenter\"><img decoding=\"async\" aria-describedby=\"caption-attachment-20782\" class=\"size-full wp-image-20782\" src=\"https:\/\/traditia.md\/wp-content\/uploads\/2023\/11\/monastyr-agapiya-v-kotorom-podvizaetsya-mat-mariya-belan.jpg\" alt=\"\" width=\"700\" height=\"467\" srcset=\"https:\/\/traditia.md\/wp-content\/uploads\/2023\/11\/monastyr-agapiya-v-kotorom-podvizaetsya-mat-mariya-belan.jpg 700w, https:\/\/traditia.md\/wp-content\/uploads\/2023\/11\/monastyr-agapiya-v-kotorom-podvizaetsya-mat-mariya-belan-300x200.jpg 300w, https:\/\/traditia.md\/wp-content\/uploads\/2023\/11\/monastyr-agapiya-v-kotorom-podvizaetsya-mat-mariya-belan-585x390.jpg 585w, https:\/\/traditia.md\/wp-content\/uploads\/2023\/11\/monastyr-agapiya-v-kotorom-podvizaetsya-mat-mariya-belan-263x175.jpg 263w\" sizes=\"(max-width: 700px) 100vw, 700px\" \/><p id=\"caption-attachment-20782\" class=\"wp-caption-text\">M\u0103n\u0103stirea Agapia \u00een care se nevoie\u0219te maica Maria B\u0103lan<\/p><\/div>\n<p><em>Maria era student\u0103, \u015fi c\u00e2nd p\u0103rintele Ioanichie venea la ea, la Bucure\u015fti, s\u0103 o vad\u0103, str\u0103b\u0103teau capitala la pas. Li se deschideau toate u\u015file, erau primi\u0163i cu drag peste tot. \u00cen anii aceia cenu\u015fii, Bucure\u015ftiul avea o re\u0163ea nev\u0103zut\u0103 de autorit\u0103\u0163i, pe care circula dragostea de Dumnezeu. \u00cen pofida dictaturii, \u00een bisericile amenin\u0163ate cu demolarea, \u00een apartamentele \u00eenghe\u0163ate sau \u00een chiliile micu\u0163e ale m\u00e2n\u0103stirilor, te puteai \u00eent\u00e2lni cu p\u0103rin\u0163i precum Dumitru St\u0103niloae, Constantin Galeriu, Sofian Boghiu, Ilarion Argatu sau Benedict Ghiu\u015f. \u00cen grupurile acestea, care ardeau de credin\u0163\u0103 \u015fi care practicau o rezisten\u0163\u0103 spiritual\u0103 la dictatur\u0103, maica Maria a intrat prin mijlocirea p\u0103rintelui Ioanichie B\u0103lan, un c\u0103lug\u0103r pre\u0163uit, c\u0103rturar, foarte iubit. <\/em><\/p>\n<p>&#8222;To\u0163i erau foarte primitori, foarte iubitori, mergeam oric\u00e2nd la ei acas\u0103 sau la m\u00e2n\u0103stire. La Cernica, la p\u0103rintele Benedict Ghiu\u015f, ajungeam, \u00eentr-o vreme, zilnic, pentru c\u0103 \u00eel ajutam la edi\u0163ia Proloagelor. Eram \u00eendr\u0103gostit\u0103 de Cernica, c\u00e2nd intram pe aleea care duce spre biseric\u0103 m\u0103 sim\u0163eam extraordinar de fericit\u0103. \u00cel iubesc mult pe Sf\u00e2ntul Calinic, care e \u00eentotdeauna cald \u015fi iubitor! Dup\u0103 ce m\u0103 \u00eenchinam moa\u015ftelor lui din biseric\u0103, ajungeam la chilia p\u0103rintelui Benedict Ghiu\u015f.<\/p>\n<p>\u015eti\u0163i cum era? Un sf\u00e2nt! A\u015fa l-am sim\u0163it tot timpul. \u00cemi e greu s\u0103 v\u0103 explic de ce, pentru c\u0103 lucrurile astea se tr\u0103iesc, nu se explic\u0103. Era un om foarte cult, a avut multe daruri de la Dumnezeu: c\u00e2nta foarte frumos, era un scriitor talentat \u015fi un predicator excep\u0163ional. \u00cel iubea pe Francisc de Assisi \u015fi-mi recita poezii de el \u00een traducerea lui Ioan Marin Sadoveanu. Un c\u0103lug\u0103r foarte interiorizat, dar, \u00een acela\u015fi timp, foarte prietenos, o fire delicat\u0103.<\/p>\n<p>Era foarte t\u0103cut &#8211; se \u00eent\u00e2mpla ca, atunci c\u00e2nd eram doar noi doi, dup\u0103 ce terminam ce aveam de lucru la Proloage, s\u0103 tac\u0103 pur \u015fi simplu, ad\u00e2ncindu-se \u00een rug\u0103ciunea inimii. \u00cen mod normal, \u00een astfel de momente, dac\u0103 cineva nu \u00ee\u0163i vorbe\u015fte at\u00e2t de mult, te sim\u0163i st\u00e2njenit, nefiresc, \u0163i se pune un nod \u00een g\u00e2t. Ei bine, cu p\u0103rintele puteam s\u0103 stau un ceas f\u0103r\u0103 s\u0103 spunem nimic \u015fi nu sim\u0163eam cum trece timpul, pentru c\u0103 harul lui se r\u0103sp\u00e2ndea \u00eentre noi&#8221;.<\/p>\n<h4><strong>Prigoana<\/strong><\/h4>\n<p><em>P\u0103rintele Ilie Cleopa \u015fi p\u0103rintele Ioanichie B\u0103lan erau prea puternici, prea cura\u0163i, cuv\u00e2nt\u0103rile lor erau prea iubite \u00een popor, pentru ca Securitatea s\u0103 \u00eei lase \u00eempreun\u0103. A\u015fa c\u0103 i-au desp\u0103r\u0163it. Pe p\u0103rintele Ioanichie B\u0103lan l-au alungat din M\u00e2n\u0103stirea Sih\u0103stria, trimi\u0163\u00e2ndu-l la M\u00e2n\u0103stirea Bistri\u0163a, l\u00e2ng\u0103 Piatra Neam\u0163, ca s\u0103 poat\u0103 fi supravegheat mai u\u015for de turn\u0103tori. Tot acolo a fost \u00eenchinoviat \u015fi p\u0103rintele Iustin P\u00e2rvu, care avea \u00een spate ani grei de \u00eenchisoare. F\u0103r\u0103 s\u0103 \u015ftie, comuni\u015ftii f\u0103cuser\u0103 lucrarea Domnului. Aici, la Bistri\u0163ia, p\u0103rintele Ioanichie B\u0103lan a continuat s\u0103 lucreze la c\u0103r\u0163ile sale \u00een care i-a str\u00e2ns pe to\u0163i marii sfin\u0163i ai m\u00e2n\u0103stiri\u00adlor noastre, salv\u00e2ndu-i de la uitare.<\/em><\/p>\n<div id=\"attachment_20784\" style=\"width: 710px\" class=\"wp-caption aligncenter\"><img loading=\"lazy\" decoding=\"async\" aria-describedby=\"caption-attachment-20784\" class=\"size-full wp-image-20784\" src=\"https:\/\/traditia.md\/wp-content\/uploads\/2023\/11\/monastyr-bistricza.jpg\" alt=\"\" width=\"700\" height=\"463\" srcset=\"https:\/\/traditia.md\/wp-content\/uploads\/2023\/11\/monastyr-bistricza.jpg 700w, https:\/\/traditia.md\/wp-content\/uploads\/2023\/11\/monastyr-bistricza-300x198.jpg 300w, https:\/\/traditia.md\/wp-content\/uploads\/2023\/11\/monastyr-bistricza-585x387.jpg 585w, https:\/\/traditia.md\/wp-content\/uploads\/2023\/11\/monastyr-bistricza-263x175.jpg 263w\" sizes=\"(max-width: 700px) 100vw, 700px\" \/><p id=\"caption-attachment-20784\" class=\"wp-caption-text\">M\u0103n\u0103stirea Bistri\u021ba<\/p><\/div>\n<p>&#8222;C\u00e2nd pleca din m\u00e2n\u0103stire, securi\u015ftii intrau \u015fi \u00eei perchezi\u0163ionau chilia. La un moment dat, i-au luat un manuscris. Cu greu i l-au dat \u00eenapoi, de\u015fi nu avea \u00een el nimic politic. El nu se ocupa deloc de politic\u0103, dar totu\u015fi, predicile sale, care erau foarte iubite, erau o palm\u0103 pentru regim. P\u00e2n\u0103 la urm\u0103, mutarea la Bistri\u0163a a fost de la Dumnezeu, pentru c\u0103 p\u0103rintele a fost foarte iubit acolo. Veneau la el oamenii din Piatra Neam\u0163 \u015fi din toate satele din \u00eemprejurimi. La fel \u015fi la p\u0103rintele Iustin P\u00e2rvu, care la Bistri\u0163a era \u00eengropat \u00een lume. Nici nu avea timp s\u0103 ajung\u0103 la Sf\u00e2nta Liturghie, at\u00e2t era de c\u0103utat de oameni. Era foarte iubit, pentru c\u0103 era bl\u00e2nd \u015fi trecut prin suferin\u0163a temni\u0163ei&#8221;.<\/p>\n<h4><strong>Cartea de la r\u0103s\u0103rit<\/strong><\/h4>\n<div id=\"attachment_20792\" style=\"width: 310px\" class=\"wp-caption alignleft\"><img loading=\"lazy\" decoding=\"async\" aria-describedby=\"caption-attachment-20792\" class=\"size-full wp-image-20792\" src=\"https:\/\/traditia.md\/wp-content\/uploads\/2023\/11\/sostavitel-rumynskogo-paterika-arhimandrit-ioannikij-belan.jpg\" alt=\"\" width=\"300\" height=\"361\" srcset=\"https:\/\/traditia.md\/wp-content\/uploads\/2023\/11\/sostavitel-rumynskogo-paterika-arhimandrit-ioannikij-belan.jpg 300w, https:\/\/traditia.md\/wp-content\/uploads\/2023\/11\/sostavitel-rumynskogo-paterika-arhimandrit-ioannikij-belan-249x300.jpg 249w\" sizes=\"(max-width: 300px) 100vw, 300px\" \/><p id=\"caption-attachment-20792\" class=\"wp-caption-text\">Autorul \u201ePatericului rom\u00e2nesc\u201d arhimandritul Ioanichie B\u0103lan<\/p><\/div>\n<p><em>Mergea de copil\u0103 la M\u00e2n\u0103stirea Sih\u0103stria, la fratele ei, p\u0103rintele Ioanichie, dar chemarea spre m\u00e2n\u0103stire s-a pl\u0103m\u0103dit \u00een timp. <\/em><\/p>\n<p>&#8222;\u00cemi aduc aminte c\u0103, la un moment dat, p\u0103rintele m-a luat \u015fi m-a dus \u00een mica bibliotec\u0103 a m\u00e2n\u0103stirii. \u00abUite\u00bb, mi-a spus, \u00abla r\u0103s\u0103rit am a\u015fezat c\u0103r\u0163ile sfinte, iar la apus pe celelalte. Alege\u0163i una \u015fi cite\u015fte-o!\u00bb. M-am uitat peste titluri \u015fi i-am spus: \u00abEu a\u015f vrea una de la apus!\u00bb. \u00abNu surioar\u0103, te rog eu, ia \u015fi tu o carte sf\u00e2nt\u0103, de la r\u0103s\u0103rit. Uite, \u00ee\u0163i dau ascultare s\u0103 cite\u015fti Faptele Apostolilor\u00bb.<\/p>\n<p>Pe vremea aceea nu exista curent la M\u00e2n\u0103stirea Sih\u0103stria. Citeam la lamp\u0103 \u015fi era at\u00e2t de frumos! La stran\u0103 se c\u00e2nta lini\u015ftit, nu era o c\u00e2ntare bizantin\u0103, ci o linie melodic\u0103 foarte simpl\u0103. Era de fapt o rug\u0103ciune c\u00e2ntat\u0103, \u00een care muzica trecea pe locul doi, iar pe primul loc era dragostea de Domnul.<\/p>\n<p>A\u015fa am cunoscut eu m\u00e2n\u0103stirea. Eram \u00een 1968, la V\u0103ratec \u015fi o ajutam pe maica Agafia, veri\u015foar\u0103 de a doua cu mine, c\u00e2nd mi-a spus: \u00ab\u015etii c\u0103 p\u0103rintele Ioanichie s-ar bucura dac\u0103 ai veni la m\u00e2n\u0103stire?\u00bb. Am sim\u0163it c\u0103 a c\u0103zut cerul pe mine! M-am rugat, am \u00eenconjurat biserica \u015fi apoi am luat o hot\u0103r\u00e2re. Eram \u00een anul doi, iar mie \u00eemi pl\u0103cea s\u0103 duc lucrurile la cap\u0103t. A\u015fa c\u0103 m-am decis s\u0103 termin \u00eent\u00e2i facultatea (\u00een cadrul ASE &#8211; n.r.).<\/p>\n<div id=\"attachment_20786\" style=\"width: 710px\" class=\"wp-caption aligncenter\"><img loading=\"lazy\" decoding=\"async\" aria-describedby=\"caption-attachment-20786\" class=\"size-full wp-image-20786\" src=\"https:\/\/traditia.md\/wp-content\/uploads\/2023\/11\/monastyr-veratek-hram-uspeniya-presvyatoj-bogorodiczy.jpg\" alt=\"\" width=\"700\" height=\"467\" srcset=\"https:\/\/traditia.md\/wp-content\/uploads\/2023\/11\/monastyr-veratek-hram-uspeniya-presvyatoj-bogorodiczy.jpg 700w, https:\/\/traditia.md\/wp-content\/uploads\/2023\/11\/monastyr-veratek-hram-uspeniya-presvyatoj-bogorodiczy-300x200.jpg 300w, https:\/\/traditia.md\/wp-content\/uploads\/2023\/11\/monastyr-veratek-hram-uspeniya-presvyatoj-bogorodiczy-585x390.jpg 585w, https:\/\/traditia.md\/wp-content\/uploads\/2023\/11\/monastyr-veratek-hram-uspeniya-presvyatoj-bogorodiczy-263x175.jpg 263w\" sizes=\"(max-width: 700px) 100vw, 700px\" \/><p id=\"caption-attachment-20786\" class=\"wp-caption-text\">M\u0103n\u0103stirea V\u0103ratec, biserica \u201eAdormirea Maicii Domnului\u201d. Foto:\u00a0Shutterstock<\/p><\/div>\n<p>Dup\u0103 absolvire, fratele meu, p\u0103rintele Ioanichie, s-a g\u00e2ndit s\u0103 m\u0103 \u00eencerce \u015fi mi-a cerut s\u0103 mai a\u015ftept. Cred c\u0103 p\u0103rintele a vrut s\u0103 \u00eemi vad\u0103 statornicia \u015fi s\u0103 treac\u0103 valul de prigoan\u0103 care se dezl\u0103n\u0163ui\u00adse asupra m\u00e2n\u0103stirilor, dup\u0103 decretul 410 din 1959, c\u00e2nd fuseser\u0103 izgoni\u0163i to\u0163i c\u0103lug\u0103rii din ob\u015ftile lor. Decretul nu era abrogat, chiar dac\u0103 monahii \u00eencepuser\u0103 s\u0103 se \u00eentoarc\u0103 \u00een parte \u00een ob\u015ftile lor. \u00cens\u0103 f\u0103ceau asta ilegal, supravie\u0163uind \u00een m\u00e2n\u0103stiri \u00een tot felul de forme, ca muzeografi sau angaja\u0163i ai unor ateliere artizanale&#8221;.<\/p>\n<h4><strong>Rug\u0103ciunea p\u0103rintelui Paisie Olaru<\/strong><\/h4>\n<div id=\"attachment_20780\" style=\"width: 310px\" class=\"wp-caption alignleft\"><img loading=\"lazy\" decoding=\"async\" aria-describedby=\"caption-attachment-20780\" class=\"size-full wp-image-20780\" src=\"https:\/\/traditia.md\/wp-content\/uploads\/2023\/11\/ieroshimonah-paisij-olaru.jpg\" alt=\"\" width=\"300\" height=\"472\" srcset=\"https:\/\/traditia.md\/wp-content\/uploads\/2023\/11\/ieroshimonah-paisij-olaru.jpg 300w, https:\/\/traditia.md\/wp-content\/uploads\/2023\/11\/ieroshimonah-paisij-olaru-191x300.jpg 191w\" sizes=\"(max-width: 300px) 100vw, 300px\" \/><p id=\"caption-attachment-20780\" class=\"wp-caption-text\">Ieroschimonahul Paisie Olaru<\/p><\/div>\n<p><em>&#8222;Mai ai bucurie?&#8221;. Asta o \u00eentreba p\u0103rintele Ioanichie, ori de c\u00e2te ori se \u00eent\u00e2lneau. \u015etia c\u0103 orice c\u0103lug\u0103ri\u0163\u0103, \u00een primii ani de la intrarea \u00een m\u00e2n\u0103stire, e foarte fericit\u0103. Un dar de sus \u00ee\u0163i inund\u0103 inima \u015fi te face s\u0103 plute\u015fti peste orice \u00eencercare. Maica Maria \u00ee\u015fi aminte\u015fte limpede acei ani ai \u00eenceputului, c\u00e2nd Dumnezeu a purtat-o pe palme. <\/em><\/p>\n<p>&#8222;C\u00e2nd ai chemare de la Hristos pentru c\u0103lug\u0103rie, nu vii la m\u00e2n\u0103stire, ci alergi la ea! E harul lui Dumnezeu, un har mare, care te ajut\u0103 la \u00eenceput, iar apoi el sl\u0103be\u015fte \u015fi vin \u00eencerc\u0103rile, ca s\u0103 te smere\u015fti. Iar la mine a fost foarte mare bucuria intr\u0103rii \u00een m\u00e2n\u0103stire. \u00cemi venea s\u0103 le \u00eembr\u0103\u0163i\u015fez pe toate maicile, at\u00e2t eram de fericit\u0103! Era foarte mult\u0103 iubire \u00eentre noi. Mi se \u00eent\u00e2mpla, c\u00e2nd munceam la c\u00e2mp, s\u0103 r\u0103m\u00e2n \u00een urm\u0103 \u015fi s\u0103 m\u0103 trezesc \u00een fa\u0163\u0103 cu una-dou\u0103 maici, care \u00ee\u015fi terminau r\u00e2ndul lor de pr\u0103\u015fit \u015fi veneau repede s\u0103 mi-l fac\u0103 \u015fi pe al meu. Sau, c\u00e2nd ningea, ne sculam \u00een miez de noapte \u015fi mergeam la maicile b\u0103tr\u00e2ne s\u0103 le desz\u0103pezim c\u0103su\u0163a. Era foarte frumos \u00een anii aceia. Am \u015fi avut o maic\u0103 stare\u0163\u0103 deosebit\u0103 &#8211; Eustochia Ciocanu, o scump\u0103, fost\u0103 student\u0103 a p\u0103rintelui St\u0103niloae. Am iubit-o mult!&#8221;.<\/p>\n<p><em>Maica Maria \u015fi-a ales s\u0103 intre \u00een c\u0103lug\u0103rie la M\u00e2n\u0103stirea Agapia, unde se nevoie\u015fte \u015fi acum, pentru a fi aproape de p\u0103rintele Paisie Olaru, care \u00een vremurile acelea tr\u0103ia la Schitu Sihla. Mii de pelerini luau \u00een piept c\u0103r\u0103rile mun\u0163ilor Neam\u0163ului, pentru a ajunge la chilia micu\u0163\u0103 a duhovnicului cel sf\u00e2nt. <\/em><\/p>\n<p>&#8222;C\u00e2nd am intrat \u00een m\u00e2n\u0103stire, i-am cerut maicii stare\u0163e s\u0103 m\u0103 lase s\u0103 urc la p\u0103rintele Paisie cel pu\u0163in o dat\u0103 pe lun\u0103. \u015ei mergeam la el \u015fi noaptea, pentru c\u0103 ziua aveam treab\u0103. Pe vremea aceea, la Sihla erau numai c\u0103su\u0163e vechi, luminate fiecare de c\u00e2te o candel\u0103. P\u0103rintele locuia sus, \u00eentr-o chiliu\u0163\u0103 mic\u0103, sub st\u00e2nc\u0103. Era ca o mam\u0103! Puteai s\u0103 \u00ee\u0163i pui capul \u00een poala lui la spovedanie&#8230; (pl\u00e2nge)<\/p>\n<p>Toat\u0103 via\u0163a \u00eemi dorisem un duhovnic ca el. Era foarte bun la suflet. Foarte bun! Ne pov\u0103\u0163uia cu foarte mult\u0103 dragoste. La miezul nop\u0163ii, ne str\u00e2ngea ca o clo\u015fc\u0103 sub epitrahilul lui \u015fi spunea o rug\u0103ciune minunat\u0103, compus\u0103 de el: \u00abBinecuvinteaz\u0103, Doamne, osteneala lor, \u015fi c\u0103su\u0163a lor, \u015fi p\u00e2inea lor, \u015fi copiii lor, \u015fi via\u0163a lor \u015fi cu sf\u00e2r\u015fit bun \u00eei miluie\u015fte, iar dincolo, la ziua Judec\u0103\u0163ii, un col\u0163i\u015for de rai le d\u0103ruie\u015fte, c\u0103 binecuv\u00e2ntat e\u015fti \u00een vecii vecilor.\u00bb \u015ei \u00eencheia spun\u00e2ndu-ne de fiecare dat\u0103: \u00abS\u0103 ne \u00eent\u00e2lnim la poarta raiului!\u00bb<\/p>\n<p>Era foarte scump! Avea mereu mici poezioare, prin care \u00ee\u0163i a\u015fternea un z\u00e2mbet pe fa\u0163\u0103. C\u00e2nd urcam pe munte spunea: \u00abHai la rai, la rai, la rai, cu c\u0103ru\u0163a cu doi cai!\u00bb Apoi ne explica c\u0103 cei doi cai sunt trupul \u015fi sufletul, iar \u00een c\u0103ru\u0163a sunt faptele noastre.<\/p>\n<p>Noi, m\u0103icu\u0163ele tinere, mai aveam \u00eentre noi mici \u00eenghionteli, eu, una, sufeream mult pentru nedrept\u0103\u0163i, a\u015fa se \u00eent\u00e2mpl\u0103 \u00een m\u00e2n\u0103stire, pentru c\u0103 venim din lume cu ambi\u0163ii de care ne lep\u0103d\u0103m greu. Iar p\u0103rintele Paisie m\u0103 \u00eenv\u0103\u0163a s\u0103 le v\u0103d pe toate maicile mai bune dec\u00e2t mine. Adic\u0103 s\u0103 m\u0103 smeresc. \u00cemi spunea s\u0103 merg \u00een biseric\u0103 \u015fi s\u0103 spun \u00een fa\u0163a icoanei: \u00abEu sunt vinovat\u0103 pentru toate!\u00bb Dar o spunea cu at\u00e2ta drag! Te mustra cu mult\u0103 dragoste, ca s\u0103 te smere\u015fti, dar te \u015fi \u00een\u0163elegea&#8221;.<\/p>\n<h4><strong>Plecarea p\u0103rintelui Ioanichie<\/strong><\/h4>\n<p><em>Dup\u0103 plecarea la Domnul a p\u0103rintelui Cleopa Ilie, petrecut\u0103 pe 2 decembrie 1998, p\u0103rintele Ioanichie B\u0103lan le spunea ucenicilor c\u0103 ar vrea s\u0103 se retrag\u0103. \u00cei d\u0103ruise lui Hristos toat\u0103 via\u0163a, risipind-o prin toate col\u0163urile \u0163\u0103rii, pe unde umblase \u00een c\u0103utarea istoriilor sfin\u0163ilor de demult. C\u0103r\u0163ile sale, pe care a crescut o genera\u0163ie, erau citite acum de to\u0163i cre\u015ftinii, de la cei simpli \u015fi p\u00e2n\u0103 la ierarhi. \u00ce\u015fi \u00eemplinise menirea \u015fi \u00ee\u015fi c\u0103uta, la cei 70 de ani, odihna \u00een rug\u0103ciune, o odihn\u0103 dup\u0103 care t\u00e2njise toat\u0103 via\u0163a. <\/em><\/p>\n<p>&#8222;P\u0103rintele Ioanichie a fost un contemplativ. \u00cei pl\u0103cea mult s\u0103 se roage. Scria \u00een jurnalul lui c\u0103, dup\u0103 ce venea de la Utrenie, pe la ceasul dou\u0103 din noapte, mergea \u00een cimitir s\u0103 se roage la mormintele marilor p\u0103rin\u0163i ai Sih\u0103striei&#8221;.<\/p>\n<div id=\"attachment_20790\" style=\"width: 710px\" class=\"wp-caption aligncenter\"><img loading=\"lazy\" decoding=\"async\" aria-describedby=\"caption-attachment-20790\" class=\"size-full wp-image-20790\" src=\"https:\/\/traditia.md\/wp-content\/uploads\/2023\/11\/neugasimye-lampady-na-kladbishhe-monastyrya-sihastriya.jpg\" alt=\"\" width=\"700\" height=\"467\" srcset=\"https:\/\/traditia.md\/wp-content\/uploads\/2023\/11\/neugasimye-lampady-na-kladbishhe-monastyrya-sihastriya.jpg 700w, https:\/\/traditia.md\/wp-content\/uploads\/2023\/11\/neugasimye-lampady-na-kladbishhe-monastyrya-sihastriya-300x200.jpg 300w, https:\/\/traditia.md\/wp-content\/uploads\/2023\/11\/neugasimye-lampady-na-kladbishhe-monastyrya-sihastriya-585x390.jpg 585w, https:\/\/traditia.md\/wp-content\/uploads\/2023\/11\/neugasimye-lampady-na-kladbishhe-monastyrya-sihastriya-263x175.jpg 263w\" sizes=\"(max-width: 700px) 100vw, 700px\" \/><p id=\"caption-attachment-20790\" class=\"wp-caption-text\">Candelele din cimitirul M\u0103n\u0103stirii Sih\u0103stria<\/p><\/div>\n<p><em>P\u00e2n\u0103 la urm\u0103, Domnul i-a \u00eemplinit dorin\u0163a de a se retrage, printr-o boal\u0103 grea. Ultimii ani, p\u00e2n\u0103 la plecarea sa la cer petrecut\u0103 \u00een 2007, avea s\u0103 cunoasc\u0103 un singur drum &#8211; de la chilie la biseric\u0103 \u015fi \u00eenapoi, purtat mereu de ucenici. Maica Maria l-a \u00eengrijit \u00een ultima parte a vie\u0163ii. <\/em><\/p>\n<p><em>\u00abS\u0103 r\u0103m\u00e2i aici c\u0103 \u00eemi e\u015fti ca o mam\u0103!\u00bb, \u00eei spunea de c\u00e2te ori venea la el, la Sih\u0103stria. <\/em><\/p>\n<p><em>\u00cen cele din urm\u0103 a r\u0103mas. <\/em><\/p>\n<p>&#8222;Fratele meu a fost un om foarte delicat, a avut un suflet foarte sensibil, de poet. C\u00e2nd, \u00een ultimii ani, \u00eei citeam din Eminescu, pl\u00e2ngea. Am fost al\u0103turi de el c\u00e2nd a trecut la Domnul, \u00een noaptea zilei de 22 noiembrie. Intrase \u00een com\u0103 cu zece zile \u00eenainte, \u015fi pe la patul lui a fost un adev\u0103rat pelerinaj. Veneau s\u0103 \u00eel mai vad\u0103 o dat\u0103, r\u00e2nduri, r\u00e2nduri de credincio\u015fi, preo\u0163i, c\u0103lug\u0103ri, ierarhi.<\/p>\n<p>Pe 21 noiembrie, la 8 seara, st\u0103team l\u00e2ng\u0103 d\u00e2nsul \u015fi \u00eei citeam la Psaltire. \u00cen mod normal, respira foarte greu, dar, pe c\u00e2nd am ajuns la psalmul 119, am observat c\u0103 a \u00eenceput s\u0103 respire normal. Apoi respira\u0163ia i-a fost din ce \u00een ce mai lin\u0103, \u015fi noaptea, la ora 2 \u015fi 20, s-a stins. Afar\u0103 \u00eencepuse s\u0103 ning\u0103&#8230; A murit \u00een pace.<\/p>\n<div id=\"attachment_20788\" style=\"width: 760px\" class=\"wp-caption aligncenter\"><img loading=\"lazy\" decoding=\"async\" aria-describedby=\"caption-attachment-20788\" class=\"size-full wp-image-20788\" src=\"https:\/\/traditia.md\/wp-content\/uploads\/2023\/11\/monahinya-mariya-belan.jpg\" alt=\"\" width=\"750\" height=\"563\" srcset=\"https:\/\/traditia.md\/wp-content\/uploads\/2023\/11\/monahinya-mariya-belan.jpg 750w, https:\/\/traditia.md\/wp-content\/uploads\/2023\/11\/monahinya-mariya-belan-300x225.jpg 300w, https:\/\/traditia.md\/wp-content\/uploads\/2023\/11\/monahinya-mariya-belan-585x439.jpg 585w\" sizes=\"(max-width: 750px) 100vw, 750px\" \/><p id=\"caption-attachment-20788\" class=\"wp-caption-text\">Monahia M\u0103ria B\u0103lan<\/p><\/div>\n<p>Uneori \u00eel visez. L-am visat \u00eembr\u0103cat \u00een haine preo\u0163e\u015fti &#8211; m-a binecuv\u00e2ntat \u015fi a disp\u0103rut. Era foarte bucuros. Foarte bucuros! M-am trezit fericit\u0103, luminat\u0103!<\/p>\n<p>Mi-a fost foarte drag! \u015ei nu numai el, de care am fost legat\u0103 ca o sor\u0103 de fratele ei, ci \u015fi ceilal\u0163i p\u0103rin\u0163i ai veacului trecut. Au fost, cu to\u0163ii, p\u0103rin\u0163i adev\u0103ra\u0163i! Cu ei al\u0103turi nici nu am sim\u0163it c\u0103 tr\u0103iesc \u00eentr-o dictatur\u0103. Am fost at\u00e2t de fericit\u0103!<\/p>\n<p>Simt c\u0103 ei \u00eenc\u0103 ne vorbesc \u015fi ast\u0103zi. Eu, una, m\u0103 g\u00e2ndesc mereu la ei. Pentru mine vor r\u0103m\u00e2ne un reper p\u00e2n\u0103 la moarte. M\u0103 g\u00e2ndesc ce ar spune ei, ce ar face ei \u00een locul meu acum? \u015ei cu g\u00e2ndul acesta \u00een minte \u00eemi e u\u015for s\u0103 aleg, s\u0103 \u0163in calea dreapt\u0103 spre Dumnezeu&#8221;.<\/p>\n<p style=\"text-align: right;\"><strong><em>Cristian Curte<\/em><\/strong><\/p>\n<p><em>\u00cen imagine la publicare: Fratele \u0219i sora, monahia Maria \u0219i arhimandritul Ioanichie <\/em><\/p>\n<p style=\"text-align: right;\"><em>Sursa: <a href=\"http:\/\/arhiva.formula-as.ro\/2019\/1349\/spiritualitate-39\/parintele-ioanichie-balan-in-evocarea-surorii-sale-maica-maria-balan-de-la-agapia-24716\">Formula AS<\/a><\/em><\/p>\n","protected":false},"excerpt":{"rendered":"<p>Maica Maria B\u0103lan de la M\u00e2n\u0103stirea Agapia este sora renumitului p\u0103rinte Ioanichie B\u0103lan de la M\u00e2n\u0103stirea Sih\u0103stria, un mare duhovnic, supranumit &#8222;cronicarul&hellip;<\/p>\n","protected":false},"author":3,"featured_media":20776,"comment_status":"open","ping_status":"closed","sticky":false,"template":"","format":"standard","meta":{"_lmt_disableupdate":"","_lmt_disable":"","slim_seo":{"title":"Fratele meu p\u0103rintele Ioanichie - traditia.md","description":"Maica Maria B\u0103lan de la M\u00e2n\u0103stirea Agapia este sora renumitului p\u0103rinte Ioanichie B\u0103lan de la M\u00e2n\u0103stirea Sih\u0103stria, un mare duhovnic, supranumit \"cronicarul sfi"},"footnotes":""},"categories":[40,38],"tags":[],"class_list":["post-20795","post","type-post","status-publish","format-standard","has-post-thumbnail","hentry","category-apararea-credintei","category-stiri"],"_links":{"self":[{"href":"https:\/\/traditia.md\/ro\/wp-json\/wp\/v2\/posts\/20795","targetHints":{"allow":["GET"]}}],"collection":[{"href":"https:\/\/traditia.md\/ro\/wp-json\/wp\/v2\/posts"}],"about":[{"href":"https:\/\/traditia.md\/ro\/wp-json\/wp\/v2\/types\/post"}],"author":[{"embeddable":true,"href":"https:\/\/traditia.md\/ro\/wp-json\/wp\/v2\/users\/3"}],"replies":[{"embeddable":true,"href":"https:\/\/traditia.md\/ro\/wp-json\/wp\/v2\/comments?post=20795"}],"version-history":[{"count":0,"href":"https:\/\/traditia.md\/ro\/wp-json\/wp\/v2\/posts\/20795\/revisions"}],"wp:featuredmedia":[{"embeddable":true,"href":"https:\/\/traditia.md\/ro\/wp-json\/wp\/v2\/media\/20776"}],"wp:attachment":[{"href":"https:\/\/traditia.md\/ro\/wp-json\/wp\/v2\/media?parent=20795"}],"wp:term":[{"taxonomy":"category","embeddable":true,"href":"https:\/\/traditia.md\/ro\/wp-json\/wp\/v2\/categories?post=20795"},{"taxonomy":"post_tag","embeddable":true,"href":"https:\/\/traditia.md\/ro\/wp-json\/wp\/v2\/tags?post=20795"}],"curies":[{"name":"wp","href":"https:\/\/api.w.org\/{rel}","templated":true}]}}