{"id":20613,"date":"2023-11-26T08:08:12","date_gmt":"2023-11-26T06:08:12","guid":{"rendered":"https:\/\/traditia.md\/?p=20613"},"modified":"2023-11-26T08:08:56","modified_gmt":"2023-11-26T06:08:56","slug":"din-gura-ta-ca-o-lumina-de-foc-stralucind-harul-lumea-a-luminat","status":"publish","type":"post","link":"https:\/\/traditia.md\/ro\/din-gura-ta-ca-o-lumina-de-foc-stralucind-harul-lumea-a-luminat\/","title":{"rendered":"\u201eDin gura ta ca o lumin\u0103 de foc str\u0103lucind harul, lumea a luminat&#8230;\u201d"},"content":{"rendered":"<p><strong><em>La 26 noiembrie facem pomenirea Sf\u00e2ntului Ierarh Ioan Gur\u0103 de Aur, arhiepiscopul Constantinopolului, mare p\u0103rinte al Bisericii \u0219i dasc\u0103l al poc\u0103in\u021bei (+ 407).<\/em><\/strong><\/p>\n<p><strong>Propunem aten\u021biei cititorilor c\u00e2teva cr\u00e2mpeie din scrierile Sf\u00e2ntului Ierarh Ioan Gur\u0103 de Aur despr educa\u021bia copiilor:<\/strong><\/p>\n<p><em>= Noi ne facem griji pentru averea copiilor no\u015ftri, nu pentru ei \u00een\u015fi\u015fi. Tu observi c\u00e2t de absurd e acest lucru? Formeaz\u0103 sufletul copilului, celelalte se vor g\u0103si de la sine. Dac\u0103 sufletul nu e bun, atunci banii nu au nici o valoare pentru copil. Dac\u0103 sufletul e \u00een ordine, atunci nici s\u0103r\u0103cia nu-l afecteaz\u0103. Dac\u0103 vrei s\u0103-i la\u015fi mo\u015ftenire bog\u0103\u0163ie, atunci deprinde-l pe copil cu obiceiul bun.<\/em><\/p>\n<p><em>= Aceasta este rug\u0103mintea mea c\u0103tre voi: da\u0163i copiilor numele sfin\u0163ilor \u015fi ale drep\u0163ilor&#8230; de aici, de la nume s\u0103 \u00eencepem \u015fi noi s\u0103 model\u0103m sufletul copilului nostru. S\u0103 intre numele sfin\u0163ilor \u00een casa noastr\u0103, la botezul copiilor.<\/em><\/p>\n<p><em>= Copiii vor face \u00een via\u0163\u0103 cele v\u0103zute la p\u0103rin\u0163i.<\/em><\/p>\n<p><em>= Voi, ta\u0163i, \u015fi voi, mame, lua\u0163i-v\u0103 copiii de m\u00e2n\u0103 \u015fi merge\u0163i \u00eempreun\u0103 la Biseric\u0103!<\/em><\/p>\n<p><em>= Adev\u0103rat\u0103 mam\u0103 nu este cea care-i d\u0103 via\u0163\u0103 copilului, ci bun\u0103 cre\u015ftere.<\/em><\/p>\n<p><em>= Nu e p\u0103rinte cine na\u015fte, ci e p\u0103rinte cine cre\u015fte un copil.<\/em><\/p>\n<p><em>= P\u0103rin\u0163ii vor fi pedepsi\u0163i nu numai pentru p\u0103catele lor, ci \u015fi pentru ale copiilor lor, dac\u0103 nu-i cresc \u00een duhul evlaviei.<\/em><\/p>\n","protected":false},"excerpt":{"rendered":"<p>La 26 noiembrie facem pomenirea Sf\u00e2ntului Ierarh Ioan Gur\u0103 de Aur, arhiepiscopul Constantinopolului, mare p\u0103rinte al Bisericii \u0219i dasc\u0103l al poc\u0103in\u021bei (+&hellip;<\/p>\n","protected":false},"author":3,"featured_media":20611,"comment_status":"open","ping_status":"closed","sticky":false,"template":"","format":"standard","meta":{"_lmt_disableupdate":"","_lmt_disable":"","slim_seo":{"title":"\u201eDin gura ta ca o lumin\u0103 de foc str\u0103lucind harul, lumea a luminat...\u201d - traditia.md","description":"La 26 noiembrie facem pomenirea Sf\u00e2ntului Ierarh Ioan Gur\u0103 de Aur, arhiepiscopul Constantinopolului, mare p\u0103rinte al Bisericii \u0219i dasc\u0103l al poc\u0103in\u021bei (+ 407). P"},"footnotes":""},"categories":[39,38],"tags":[],"class_list":["post-20613","post","type-post","status-publish","format-standard","has-post-thumbnail","hentry","category-biserica-si-societatea","category-stiri"],"_links":{"self":[{"href":"https:\/\/traditia.md\/ro\/wp-json\/wp\/v2\/posts\/20613","targetHints":{"allow":["GET"]}}],"collection":[{"href":"https:\/\/traditia.md\/ro\/wp-json\/wp\/v2\/posts"}],"about":[{"href":"https:\/\/traditia.md\/ro\/wp-json\/wp\/v2\/types\/post"}],"author":[{"embeddable":true,"href":"https:\/\/traditia.md\/ro\/wp-json\/wp\/v2\/users\/3"}],"replies":[{"embeddable":true,"href":"https:\/\/traditia.md\/ro\/wp-json\/wp\/v2\/comments?post=20613"}],"version-history":[{"count":0,"href":"https:\/\/traditia.md\/ro\/wp-json\/wp\/v2\/posts\/20613\/revisions"}],"wp:featuredmedia":[{"embeddable":true,"href":"https:\/\/traditia.md\/ro\/wp-json\/wp\/v2\/media\/20611"}],"wp:attachment":[{"href":"https:\/\/traditia.md\/ro\/wp-json\/wp\/v2\/media?parent=20613"}],"wp:term":[{"taxonomy":"category","embeddable":true,"href":"https:\/\/traditia.md\/ro\/wp-json\/wp\/v2\/categories?post=20613"},{"taxonomy":"post_tag","embeddable":true,"href":"https:\/\/traditia.md\/ro\/wp-json\/wp\/v2\/tags?post=20613"}],"curies":[{"name":"wp","href":"https:\/\/api.w.org\/{rel}","templated":true}]}}