{"id":20585,"date":"2023-11-25T10:47:39","date_gmt":"2023-11-25T08:47:39","guid":{"rendered":"https:\/\/traditia.md\/?p=20585"},"modified":"2023-11-25T10:50:55","modified_gmt":"2023-11-25T08:50:55","slug":"importanta-misiunii-ortodoxe-in-sistemul-penitenciar","status":"publish","type":"post","link":"https:\/\/traditia.md\/ro\/importanta-misiunii-ortodoxe-in-sistemul-penitenciar\/","title":{"rendered":"Importan\u021ba misiunii ortodoxe \u00een sistemul penitenciar"},"content":{"rendered":"<p><strong><em>La 23 noimbrie 2023, mitropolitul Chi\u0219in\u0103ului \u0219i al \u00eentregii Moldove Vladimir a convocat adunarea preo\u021bilor slujitori \u00een penitenciarele din Republica Moldova.<\/em><\/strong><\/p>\n<p>Desf\u0103\u0219urat\u0103 \u00een sala sinodal\u0103 a re\u0219edin\u021bei mitropolitane, adunarea a fost moderat\u0103 de c\u0103tre protoiereul Nicolae Andrie\u0219, pre\u0219edintele Sectorului Sinodal peentru activitate pastoral\u0103 \u00een institu\u021biile penitenciare.<\/p>\n<p>\u00cen cuv\u00e2ntul de salut, \u00cent\u00e2ist\u0103t\u0103torul Bisericii Ortodoxe din Moldove a men\u021bionat rolul \u0219i importan\u021ba slujirii preotului-capelan \u00een r\u00e2ndul de\u021binu\u021bilor, a apreciat munca \u0219i rezultatele depuse p\u00e2n\u0103 \u00een prezent \u0219i chemat la continuarea lucr\u0103rii misionare \u00een locurile de deten\u021bie.<\/p>\n<p>Protoiereul Nicolae Andrie\u0219 a prezentat un raport privind activitatea sectorului \u00een anul 2023, a vorbit despre reu\u0219itele preo\u021bilor capelani care \u00ee\u0219i desf\u0103\u0219oar\u0103 misiunea pastoral\u0103 dup\u0103 gratii, despre perspective \u0219i planurile pentru viitor. Printre realiz\u0103rile sectorului din anul curent p\u0103rintele Nicolae a men\u021bionat: \u00eenfiin\u021barea \u00een fiecare penitenciar a unei biblioteci de carte ortodox\u0103 \u0219i punerea \u00een practic\u0103 a citirii Psaltirii \u00een r\u00e2ndul de\u021binu\u021bilor. Bun\u0103oar\u0103, \u00een Penitenciarul nr. 15 Cricova deja de c\u00e2teva luni a fost r\u00e2nduit\u0103 citirea Psaltirii f\u0103r\u0103 \u00eentrerupere.<\/p>\n<p>Fiecare preot capelan a venit cu o prezentare a activit\u0103\u021bii, dup\u0103 care a urmat dezbaterea problemelor \u0219i perspectivelor misiunii Bisericii Ortodoxe dup\u0103 gratii. S-a constatat c\u0103 slujitorii Sf\u00e2ntului Altar trebuie s\u0103 se preocupe \u0219i \u00een continuare de urm\u0103toarele obiective: activitatea liturgic\u0103, activitatea misionar\u0103, activitatea caritabil\u0103, reabilitarea \u0219i consilierea de\u021binu\u021bilor, a familiilor de\u021binu\u021bilor, precum \u0219i a angaja\u021bilor din sistemul institu\u021biilor penitenciare. S-a vorbit \u0219i despre necesitatea public\u0103rii articolelor \u0219i studiilor legate de tematica dat\u0103, precum \u0219i despre editarea unui buletin misionar pentru \u00eenchisori.<\/p>\n<p>\u00cen final, mitropolitul Vladimir a oferit binecuv\u00e2ntarea arhipastoreasc\u0103 pentru slujire vrednic\u0103 \u0219i fructuoas\u0103 \u00een scopurile resocializ\u0103rii de\u021binu\u021bilor \u0219i catehiz\u0103rii acestora.<\/p>\n<p><strong>NOT\u0102: \u00cen cele 19 subdiviziuni ale Administra\u021biei Na\u021bionale a Penitenciarelor activeaz\u0103 22 de preo\u021bi capelani, \u00een biserici, paraclise \u0219i camere de rug\u0103ciune.<\/strong><\/p>\n<p style=\"text-align: right;\"><em>Sursa: <a href=\"https:\/\/mitropolia.md\/ips-mitropolit-vladimir-a-convocat-adunarea-preotilor-slujitori-in-sistemul-penitenciar\/\"><strong>Mitropolia Chi\u0219in\u0103ului \u0219i a \u00eentregii Moldove<\/strong><\/a><\/em><\/p>\n","protected":false},"excerpt":{"rendered":"<p>La 23 noimbrie 2023, mitropolitul Chi\u0219in\u0103ului \u0219i al \u00eentregii Moldove Vladimir a convocat adunarea preo\u021bilor slujitori \u00een penitenciarele din Republica Moldova. Desf\u0103\u0219urat\u0103&hellip;<\/p>\n","protected":false},"author":3,"featured_media":20580,"comment_status":"open","ping_status":"closed","sticky":false,"template":"","format":"standard","meta":{"_lmt_disableupdate":"","_lmt_disable":"","slim_seo":{"title":"Importan\u021ba misiunii ortodoxe \u00een sistemul penitenciar - traditia.md","description":"La 23 noimbrie 2023, mitropolitul Chi\u0219in\u0103ului \u0219i al \u00eentregii Moldove Vladimir a convocat adunarea preo\u021bilor slujitori \u00een penitenciarele din Republica Moldova. D"},"footnotes":""},"categories":[39,38],"tags":[],"class_list":["post-20585","post","type-post","status-publish","format-standard","has-post-thumbnail","hentry","category-biserica-si-societatea","category-stiri"],"_links":{"self":[{"href":"https:\/\/traditia.md\/ro\/wp-json\/wp\/v2\/posts\/20585","targetHints":{"allow":["GET"]}}],"collection":[{"href":"https:\/\/traditia.md\/ro\/wp-json\/wp\/v2\/posts"}],"about":[{"href":"https:\/\/traditia.md\/ro\/wp-json\/wp\/v2\/types\/post"}],"author":[{"embeddable":true,"href":"https:\/\/traditia.md\/ro\/wp-json\/wp\/v2\/users\/3"}],"replies":[{"embeddable":true,"href":"https:\/\/traditia.md\/ro\/wp-json\/wp\/v2\/comments?post=20585"}],"version-history":[{"count":0,"href":"https:\/\/traditia.md\/ro\/wp-json\/wp\/v2\/posts\/20585\/revisions"}],"wp:featuredmedia":[{"embeddable":true,"href":"https:\/\/traditia.md\/ro\/wp-json\/wp\/v2\/media\/20580"}],"wp:attachment":[{"href":"https:\/\/traditia.md\/ro\/wp-json\/wp\/v2\/media?parent=20585"}],"wp:term":[{"taxonomy":"category","embeddable":true,"href":"https:\/\/traditia.md\/ro\/wp-json\/wp\/v2\/categories?post=20585"},{"taxonomy":"post_tag","embeddable":true,"href":"https:\/\/traditia.md\/ro\/wp-json\/wp\/v2\/tags?post=20585"}],"curies":[{"name":"wp","href":"https:\/\/api.w.org\/{rel}","templated":true}]}}