{"id":19487,"date":"2023-10-25T09:39:05","date_gmt":"2023-10-25T06:39:05","guid":{"rendered":"https:\/\/traditia.md\/?p=19487"},"modified":"2023-10-25T09:41:36","modified_gmt":"2023-10-25T06:41:36","slug":"a-inceput-sedinta-sinodului-bisericii-ortodoxe-din-moldova","status":"publish","type":"post","link":"https:\/\/traditia.md\/ro\/a-inceput-sedinta-sinodului-bisericii-ortodoxe-din-moldova\/","title":{"rendered":"A \u00eenceput \u0219edin\u021ba Sinodului Bisericii Ortodoxe din Moldova"},"content":{"rendered":"<p><strong><em>Miercuri, 25 octombrie 2023, la Re\u0219edin\u021ba mitropolitan\u0103 din Chi\u015fin\u0103u au \u00eenceput lucr\u0103rile Sinodului Bisericii Ortodoxe din Moldova.<\/em><\/strong><\/p>\n<p>\u0218edin\u021ba a \u00eenceput cu binecuv\u00e2ntarea \u00cenaltpreasfin\u0163itul Vladimir, mitropolitul Chi\u015fin\u0103ului \u015fi al \u00eentregii Moldove.<\/p>\n<p>\u00cen calitate de membri ai Sinodului particip\u0103 ierarhii eparhio\u0163i \u015fi vicari ai Bisericii Ortodoxe din Moldova: arhiepiscopul de Tiraspol \u015fi Dub\u0103sari Sava, arhiepiscopul de Cahul \u015fi Comrat Anatolie, arhiepiscopul de Ungheni \u015fi Nisporeni Petru, arhiepiscopul de B\u0103l\u021bi \u0219i F\u0103le\u0219ti Marchel, arhiepiscopul de Edine\u0163 \u015fi Briceni Nicodim, episcopul de Soroca Ioan, vicar mitropolitan, episcopul de Orhei Siluan, vicar mitropolitan, episcopul de C\u0103priana Filaret, vicar mitropolitan, \u015fi protoiereul Vadim Cheiba\u015f, secretar al Sinodului.<\/p>\n<p>Hot\u0103r\u00e2rile Sinodului Bisericii Ortodoxe din Moldova vor fi publicate pe site-ul mitropoliei <a href=\"http:\/\/www.mitropolia.md\">www.mitropolia.md<\/a> \u00een a doua parte a zilei.<\/p>\n<p style=\"text-align: right;\"><em>Sursa: <a href=\"https:\/\/mitropolia.md\/la-resedinta-mitropolitana-din-chisinau-au-inceput-lucrarile-sinodului-bisericii-ortodoxe-din-moldova\/\"><strong>Mitropolia Chi\u0219in\u0103ului \u0219i a \u00eentregii Moldove<\/strong><\/a><\/em><\/p>\n","protected":false},"excerpt":{"rendered":"<p>Miercuri, 25 octombrie 2023, la Re\u0219edin\u021ba mitropolitan\u0103 din Chi\u015fin\u0103u au \u00eenceput lucr\u0103rile Sinodului Bisericii Ortodoxe din Moldova. \u0218edin\u021ba a \u00eenceput cu binecuv\u00e2ntarea&hellip;<\/p>\n","protected":false},"author":3,"featured_media":19486,"comment_status":"open","ping_status":"closed","sticky":false,"template":"","format":"standard","meta":{"_lmt_disableupdate":"","_lmt_disable":"","slim_seo":{"title":"A \u00eenceput \u0219edin\u021ba Sinodului Bisericii Ortodoxe din Moldova - traditia.md","description":"Miercuri, 25 octombrie 2023, la Re\u0219edin\u021ba mitropolitan\u0103 din Chi\u015fin\u0103u au \u00eenceput lucr\u0103rile Sinodului Bisericii Ortodoxe din Moldova. \u0218edin\u021ba a \u00eenceput cu binecuv"},"footnotes":""},"categories":[39,38],"tags":[],"class_list":["post-19487","post","type-post","status-publish","format-standard","has-post-thumbnail","hentry","category-biserica-si-societatea","category-stiri"],"_links":{"self":[{"href":"https:\/\/traditia.md\/ro\/wp-json\/wp\/v2\/posts\/19487","targetHints":{"allow":["GET"]}}],"collection":[{"href":"https:\/\/traditia.md\/ro\/wp-json\/wp\/v2\/posts"}],"about":[{"href":"https:\/\/traditia.md\/ro\/wp-json\/wp\/v2\/types\/post"}],"author":[{"embeddable":true,"href":"https:\/\/traditia.md\/ro\/wp-json\/wp\/v2\/users\/3"}],"replies":[{"embeddable":true,"href":"https:\/\/traditia.md\/ro\/wp-json\/wp\/v2\/comments?post=19487"}],"version-history":[{"count":0,"href":"https:\/\/traditia.md\/ro\/wp-json\/wp\/v2\/posts\/19487\/revisions"}],"wp:featuredmedia":[{"embeddable":true,"href":"https:\/\/traditia.md\/ro\/wp-json\/wp\/v2\/media\/19486"}],"wp:attachment":[{"href":"https:\/\/traditia.md\/ro\/wp-json\/wp\/v2\/media?parent=19487"}],"wp:term":[{"taxonomy":"category","embeddable":true,"href":"https:\/\/traditia.md\/ro\/wp-json\/wp\/v2\/categories?post=19487"},{"taxonomy":"post_tag","embeddable":true,"href":"https:\/\/traditia.md\/ro\/wp-json\/wp\/v2\/tags?post=19487"}],"curies":[{"name":"wp","href":"https:\/\/api.w.org\/{rel}","templated":true}]}}