{"id":19325,"date":"2023-10-20T11:19:33","date_gmt":"2023-10-20T08:19:33","guid":{"rendered":"https:\/\/traditia.md\/?p=19325"},"modified":"2023-10-20T21:24:39","modified_gmt":"2023-10-20T18:24:39","slug":"cum-noi-astazi-de-mantuim-sufletul-nostru","status":"publish","type":"post","link":"https:\/\/traditia.md\/ro\/cum-noi-astazi-de-mantuim-sufletul-nostru\/","title":{"rendered":"Cum noi ast\u0103zi ne m\u00e2ntuim sufletul nostru?"},"content":{"rendered":"<p><strong><em>Unde s-a mai v\u0103zut, ca \u00een aceast\u0103 zi sf\u00e2nt\u0103 pe strada principal\u0103 \u0219i \u00een tot perimetrul Marii Adun\u0103ri Na\u021bionale din centrul capitalei s\u0103 fie instalate mese, scaune, corturi, tarabe cu v\u00e2nz\u0103ri fel de fel \u0219i s\u0103 se cheme lumea ca s\u0103 serveasc\u0103 b\u0103uturi alcoolice, s\u0103 fumeze, s\u0103 se distreze \u00een a\u0219a hal? Priveam la icoana Acoper\u0103m\u00e2ntului Maicii Domnului improvizat\u0103 pe o p\u00e2nz\u0103 alba \u00een fundul scenei \u0219i o tot rugam cu lacrimi \u00een priviri: \u201eIart\u0103-i, Maica Domnului, pe ace\u0219ti oameni, c\u0103 nu \u0219tiu ce fac!\u201d<\/em><\/strong><\/p>\n<p>Dac\u0103 de Hramul ora\u0219ului Chi\u0219in\u0103u, din 14 octombrie 2023, de s\u0103rb\u0103toarea Acoper\u0103m\u00e2ntului Maicii Domnului, pe bulevardul \u0218tefan cel Mare \u0219i Sf\u0103nt oamenii petreceau din plin cu frig\u0103rui, pl\u0103cinte \u0219i b\u0103uturi alcoolice, c\u00e2ntece necre\u0219tine \u0219i abia de se mai vedeau \u00een fumul ce se a\u0219ternea ca o p\u00e2nz\u0103 neagr\u0103 peste sf\u00e2nta s\u0103rb\u0103toare care nu avea nicio leg\u0103tur\u0103 cu tot ce se petrecea \u00een centrul ora\u0219ului, atunci nu departe, \u00een raza G\u0103rii Feroviare din Chi\u0219in\u0103u b\u0103tr\u00e2nii \u00ee\u0219i vindeau trecutul pe c\u00e2\u021bva lei amari pentru ca s\u0103 c\u00e2\u0219tige ceva b\u0103nu\u021bi, s\u0103-\u0219i poat\u0103 achita facturile, cel pu\u021bin serviciile comunale, alte necesit\u0103\u021bi vitale mai urgente. Am r\u0103mas surprins\u0103 \u0219i uimit\u0103 de r\u00e2urile de haine vechi, fel de fel de m\u0103run\u021bi\u0219uri, lucruri casnice, c\u0103r\u021bi, juc\u0103rii care se vindeau, c\u0103 nici nu aveam pe unde s\u0103 calc ca s\u0103 ajung p\u00e2n\u0103 la u\u0219a G\u0103rii. M\u0103 uitam \u00een ochii tri\u0219ti ai b\u0103tr\u00e2nilor care m\u0103 priveau, n\u0103d\u0103jduind c\u0103 poate voi cump\u0103ra ceva de la ei. Cu ochii \u00eenroura\u021bi privindu-i, m-am decis s\u0103 cump\u0103r ceva, dar nu pentru c\u0103 aveam nevoie de aceste lucruri ce se vindeau, ci numai din considerentul s\u0103-i bucur c\u00e2t de pu\u021bin pe bie\u021bii oameni.<\/p>\n<p>Mi s-a f\u0103cut mil\u0103 de ei \u0219i am cump\u0103rat c\u00e2te ceva din cele ce se vindeau, dar mi-am zis c\u0103 le voi d\u0103rui la al\u021bi s\u0103raci oameni care a\u0219teapt\u0103 ceva s\u0103 le dai \u0219i mi-am amintit de familia s\u0103rac\u0103 din satul Peresecina, raionul Orhei, care e patronat\u0103 de mine de mai mult timp. Este cu mul\u021bi copii \u0219i mereu \u00eencerc s\u0103 ajut aceast\u0103 familie cu ce pot: produse alimentare, haine pentru copii, c\u0103r\u021bi, rechizite \u0219colare, juc\u0103rii, ni\u0219te bani fie \u0219i pu\u021bini. \u0218i atunci pe loc m-am \u00eentrebat, unde sunt adev\u0103rul, dreptatea? De ce unii trebuie s\u0103 petreac\u0103 din plin de s\u0103rb\u0103toarea Acoper\u0103m\u00e2ntului Maicii Domnului, iar al\u021bii s\u0103 se lupte cu s\u0103r\u0103cia?<\/p>\n<p>\u0218i unde s-a mai v\u0103zut ca \u00een aceast\u0103 zi sf\u00e2nt\u0103 pe strada principal\u0103 \u0219i \u00een tot perimetrul Marii Adun\u0103ri Na\u021bionale din centrul capitalei s\u0103 fie instalate mese, scaune, corturi, tarabe cu v\u00e2nz\u0103ri fel de fel \u0219i s\u0103 se cheme lumea ca s\u0103 serveasc\u0103 b\u0103uturi alcoolice, s\u0103 fumeze, s\u0103 se distreze \u00een a\u0219a hal? Dar, s\u0103 vede\u021bi, \u00eenspre sear\u0103 pe scena mare instalat\u0103 \u00een fa\u021ba Clopotni\u021bei \u0219i a Catedralei \u201eNa\u0219terea Domnului\u201d ce c\u00e2ntece se mai c\u00e2ntau, frate, \u0219i \u00een ce costuma\u021bii vulgare se dansa! Dar oamenii care au prins la curaj dup\u0103 ce au servit alcool \u2013 ce chiote, ce \u201ehore\u201d, \u201ehostrop\u0103\u021buri\u201d, \u201es\u00e2rbe\u201d, \u201eb\u0103tute\u201d mai \u00eenv\u00e2rteau! O, Doamne, s\u0103 pl\u00e2ngi de prostia omeneasc\u0103, nu alta! Priveam la icoana Acoper\u0103m\u00e2ntului Maicii Domnului improvizat\u0103 pe o p\u00e2nz\u0103 alba \u00een fundul scenei \u0219i o tot rugam cu lacrimi \u00een priviri: \u201eIart\u0103-i, Maica Domnului, pe ace\u0219ti oameni, c\u0103 nu \u0219tiu ce fac!\u201d<\/p>\n<p>\u00cen Troparul praznicului \u201eAcoper\u0103m\u00e2ntul Maicii Domnului\u201d, glasul al 4-lea, scrie a\u0219a: <em>\u201eAst\u0103zi, poporul cel binecredincios, luminat pr\u0103znuim. Umbri\u021bi fiind prin venirea ta, Maica lui Dumnezeu, \u0219i c\u0103ut\u00e2nd spre cinstit\u0103 icoana ta, cu umilin\u021b\u0103 gr\u0103im: Acoper\u0103-ne pe noi cu cinstitul t\u0103u acoper\u0103m\u00e2nt \u0219i ne scap\u0103 de tot r\u0103ul, rug\u00e2nd pe Fiul t\u0103u Hristos, Dumnezeul nostru, s\u0103 m\u00e2ntuiasc\u0103 sufletele noastre.\u201d<\/em> M\u0103 \u00eentreb, c\u00e2\u021bi oameni din cei prezen\u021bi \u00een strad\u0103 au fost \u00een acea zi \u00een biseric\u0103 la Sf\u00e2nta Liturghie \u0219i au cinstit s\u0103rb\u0103toarea Acoper\u0103m\u00e2ntului Maicii Domnului, \u0219i s-au rugat pentru m\u00e2ntuirea sufletului, pentru pacea p\u0103m\u00e2ntului?<\/p>\n<p>\u00cen ce form\u0103 se m\u00e2ntuie\u0219te omul \u00een aceast\u0103 s\u0103rb\u0103toare cre\u0219tin\u0103? Cine compune aceste scenarii cu concerte vulgare \u00een Pia\u021ba Marii Adun\u0103ri Na\u021bionale \u0219i pentru alte s\u0103rb\u0103tori cre\u0219tine? Unde s-a mai v\u0103zut s\u0103 fie pus\u0103 scena \u0219i s\u0103 se c\u00e2nte tot ce vrei \u00een fa\u021ba Clopotni\u021bei \u0219i a Catedralei \u201eNa\u0219terea Domnului\u201d? Unde sunt c\u00e2ntecele cre\u0219tine? De ce tace Mitropolia Moldovei?<\/p>\n<p>Dac\u0103 vor s\u0103 organizeze fel de fel de concerte, de ce nu este un loc anumit la periferia ora\u0219ului, dar nu \u00een fa\u021ba Catedralei \u0219i a Sfinei Clopotni\u021be? De ce s\u0103 confund\u0103m c\u00e2ntecele lume\u0219ti, total necorespunz\u0103toare temei, cu s\u0103rb\u0103torile cre\u0219tine care se s\u0103rb\u0103toresc \u00een timpul anului \u00een centrul Chi\u0219in\u0103ului? C\u00e2nd se vor termina aceste \u201econcerte\u201d, defil\u0103ri p\u0103c\u0103toase \u00een fa\u021ba lumii \u0219i a l\u0103ca\u0219elor sfinte? Ce \u00eenva\u021b\u0103 tineretul de azi \u0219i viitoarele genera\u021bii ale Republici Moldova din aceste distarac\u021bii, concerte vulgare? De ce barurile, restaurantele \u0219i alte localuri de distrac\u021bie din toat\u0103 \u021bara, inclusiv din capital\u0103 lucreaz\u0103 \u00een noaptea \u00cenvierii \u0219i de alte mari s\u0103rb\u0103tori cre\u0219tine?..<\/p>\n<p>Ce ne spune Evanghelia despre cruce \u015fi m\u00e2ntuirea sufletului? <em>\u201eOricine voie\u015fte s\u0103 vin\u0103 dup\u0103 Mine, s\u0103 se lepede de sine, s\u0103-\u015fi ia crucea sa \u015fi s\u0103-mi urmeze Mie. C\u0103ci cine va voi s\u0103-\u015fi scape via\u0163a, o va pierde; iar cine va pierde via\u0163a sa, pentru Mine \u015fi pentru Evanghelie, acela o va sc\u0103pa. C\u0103ci ce-i folose\u015fte omului s\u0103 c\u00e2\u015ftige lumea \u00eentreag\u0103, dac\u0103-si pierde sufletul? Sau ce ar putea s\u0103 dea omul \u00een schimb pentru sufletul s\u0103u? C\u0103ci de cel ce se va ru\u015fina de Mine \u015fi de cuvintele Mele, \u00een neamul acesta desfr\u00e2nat \u015fi p\u0103c\u0103tos, \u015fi Fiul Omului se va ru\u015fina de el, c\u00e2nd va veni \u00eentru slava Tat\u0103lui S\u0103u cu sfin\u0163ii \u00eengeri. \u015ei le zicea lor: Adev\u0103rat gr\u0103iesc vou\u0103 c\u0103 sunt unii, din cei ce stau aici, care nu vor gusta moartea, p\u00e2n\u0103 ce nu vor vedea \u00eemp\u0103r\u0103\u0163ia lui Dumnezeu, venind \u00eentru putere\u2026\u201d <\/em>(Marcu 8:34-38; 9:1).<\/p>\n<p>\u201eCe \u00eenseamn\u0103: Ia-\u0163i crucea? \u00censeamn\u0103 s\u0103 prime\u015fti de bun\u0103voie, din m\u00e2na Proniei, orice mijloc de lecuire, oric\u00e2t ar fi de amar, care \u0163i se \u00eentinde. Se abat asupra-\u0163i nenorociri? Fii ascult\u0103tor ca Noe. \u0162i se cere jertf\u0103? Las\u0103-te \u00een m\u00e2na lui Dumnezeu cu credin\u0163a lui Avraam c\u00e2nd mergea s\u0103-\u015fi jertfeasc\u0103 fiul. \u0162i-ai pierdut averea? \u0162i-au murit pe nea\u015fteptate copiii? \u00cendur\u0103, alipindu-te de Dumnezeu \u00een inima ta, ca Iov. Prietenii \u00ee\u0163i \u00eentorc spatele, e\u015fti \u00eenconjurat de du\u015fmani? Rabd\u0103 f\u0103r\u0103 s\u0103 c\u00e2rte\u015fti, cu credin\u0163a c\u0103 ajutorul lui Dumnezeu e aproape, a\u015fa cum f\u0103ceau apostolii. E\u015fti os\u00e2ndit la moarte pentru Hristos? Mul\u0163ume\u015fte lui Dumnezeu pentru asemenea cinste, ca miile \u015fi miile de mucenici.<\/p>\n<p>Nimic nu \u0163i se va cere care s\u0103 nu fi fost r\u0103bdat de al\u0163ii \u00eenainte, \u015fi nu ai dec\u00e2t s\u0103 urmezi pilda sfin\u0163ilor, apostolilor, m\u0103rturisitorilor \u015fi martirilor, a celor care au \u00eemplinit voia lui Dumnezeu. Trebuie s\u0103 \u00een\u0163elegem bine c\u0103, cer\u00e2nd de la noi o r\u0103stignire, Domnul o cere pe cea a omului vechi, a omului \u0163esut din obiceiuri rele, a omului aflat \u00een slujba p\u0103catului. Pentru c\u0103, prin aceast\u0103 r\u0103stignire, omul vechi, omul fiar\u0103 din noi e dus la moarte, \u015fi omul nou, cel zidit dup\u0103 chipul lui Dumnezeu, cel nemuritor, este adus la via\u0163\u0103.\u201d<\/p>\n<p style=\"text-align: right;\"><strong><em>Raisa Pl\u0103ie\u0219u<\/em><\/strong><strong><em> <br \/>\npentru Traditia.md<\/em><\/strong><\/p>\n","protected":false},"excerpt":{"rendered":"<p>Unde s-a mai v\u0103zut, ca \u00een aceast\u0103 zi sf\u00e2nt\u0103 pe strada principal\u0103 \u0219i \u00een tot perimetrul Marii Adun\u0103ri Na\u021bionale din centrul capitalei&hellip;<\/p>\n","protected":false},"author":3,"featured_media":19326,"comment_status":"open","ping_status":"closed","sticky":false,"template":"","format":"standard","meta":{"_lmt_disableupdate":"","_lmt_disable":"","slim_seo":{"title":"Cum noi ast\u0103zi ne m\u00e2ntuim sufletul nostru? - traditia.md","description":"Unde s-a mai v\u0103zut, ca \u00een aceast\u0103 zi sf\u00e2nt\u0103 pe strada principal\u0103 \u0219i \u00een tot perimetrul Marii Adun\u0103ri Na\u021bionale din centrul capitalei s\u0103 fie instalate mese, scaun"},"footnotes":""},"categories":[44,38],"tags":[],"class_list":["post-19325","post","type-post","status-publish","format-standard","has-post-thumbnail","hentry","category-actualitate","category-stiri"],"_links":{"self":[{"href":"https:\/\/traditia.md\/ro\/wp-json\/wp\/v2\/posts\/19325","targetHints":{"allow":["GET"]}}],"collection":[{"href":"https:\/\/traditia.md\/ro\/wp-json\/wp\/v2\/posts"}],"about":[{"href":"https:\/\/traditia.md\/ro\/wp-json\/wp\/v2\/types\/post"}],"author":[{"embeddable":true,"href":"https:\/\/traditia.md\/ro\/wp-json\/wp\/v2\/users\/3"}],"replies":[{"embeddable":true,"href":"https:\/\/traditia.md\/ro\/wp-json\/wp\/v2\/comments?post=19325"}],"version-history":[{"count":0,"href":"https:\/\/traditia.md\/ro\/wp-json\/wp\/v2\/posts\/19325\/revisions"}],"wp:featuredmedia":[{"embeddable":true,"href":"https:\/\/traditia.md\/ro\/wp-json\/wp\/v2\/media\/19326"}],"wp:attachment":[{"href":"https:\/\/traditia.md\/ro\/wp-json\/wp\/v2\/media?parent=19325"}],"wp:term":[{"taxonomy":"category","embeddable":true,"href":"https:\/\/traditia.md\/ro\/wp-json\/wp\/v2\/categories?post=19325"},{"taxonomy":"post_tag","embeddable":true,"href":"https:\/\/traditia.md\/ro\/wp-json\/wp\/v2\/tags?post=19325"}],"curies":[{"name":"wp","href":"https:\/\/api.w.org\/{rel}","templated":true}]}}