{"id":19268,"date":"2023-10-20T09:51:33","date_gmt":"2023-10-20T06:51:33","guid":{"rendered":"https:\/\/traditia.md\/?p=19268"},"modified":"2023-10-20T09:52:53","modified_gmt":"2023-10-20T06:52:53","slug":"de-ce-sinucigasii-nu-se-invrednicesc-de-slujba-de-pomenire","status":"publish","type":"post","link":"https:\/\/traditia.md\/ro\/de-ce-sinucigasii-nu-se-invrednicesc-de-slujba-de-pomenire\/","title":{"rendered":"De ce sinuciga\u0219ii nu se \u00eenvrednicesc de slujba de pomenire?"},"content":{"rendered":"<p><strong><em>Biserica nu s\u0103v\u00e2r\u0219e\u0219te slujbe de pomenire pentru sinuciga\u0219i. Este oare uman? La urma urmei, oamenii se sinucid nu din cauza unei vie\u021bi bune. Sinuciga\u0219ii nu merit\u0103 compasiune? \u0218i rudele lor nu au nevoie de simpatie \u0219i consolare?<\/em><\/strong><\/p>\n<p><strong>R\u0103spunsul mitropolitului Ilarion (Alfeev):<\/strong><\/p>\n<p>Sinuciderea este incompatibil\u0103 cu credin\u021ba \u00een Dumnezeu. Cauza sinuciderii este, cel mai adesea, o stare de profund\u0103 disperare, lep\u0103dare de Dumnezeu. Acolo unde exist\u0103 credin\u021b\u0103, unde exist\u0103 un sentiment al prezen\u021bei lui Dumnezeu, nu exist\u0103 loc pentru g\u00e2ndurile de sinucidere.<\/p>\n<p>Biserica porne\u0219te de la faptul c\u0103 st\u0103p\u00e2nul vie\u021bii omului este Dumnezeu: de El depind at\u00e2t na\u0219terea, c\u00e2t \u0219i moartea. Nimeni nu are dreptul s\u0103 \u00eempiedice o persoan\u0103 s\u0103 se nasc\u0103 \u0219i nimeni nu are dreptul s\u0103-ia via\u021ba cuiva, chiar \u0219i pe cea proprie.<\/p>\n<p>\u00cen vechime, sinuciga\u0219ii nu erau \u00eengropa\u021bi \u00een cimitirele cre\u0219tine. Regulile canonice interzic cu stricte\u021be slujbele de \u00eenmorm\u00e2ntare \u00een biseric\u0103 pentru sinuciga\u0219i \u0219i pomenirea lor \u00een rug\u0103ciune \u00een timpul Liturghiei. O atitudine at\u00e2t de strict\u0103 a Bisericii fa\u021b\u0103 de sinuciga\u0219i se datoreaz\u0103 faptului c\u0103 sinuciderea este considerat\u0103 un p\u0103cat de moarte, pentru care o persoan\u0103 nu se poate poc\u0103i \u00een timpul vie\u021bii, deoarece momentul comiterii p\u0103catului \u0219i momentul mor\u021bii coincid.<\/p>\n<p>Totu\u0219i, aceast\u0103 atitudine este condi\u021bionat\u0103 \u0219i de considerente pedagogice: refuz\u00e2nd \u00eenmorm\u00e2ntarea \u0219i pomenirea sinuciga\u0219ilor, Biserica subliniaz\u0103 c\u0103 un sinuciga\u0219, \u00een esen\u021b\u0103, se plaseaz\u0103 pe sine \u00een afara Bisericii. \u00centr-o epoc\u0103 \u00een care religiozitatea era larg r\u0103sp\u00e2ndit\u0103, c\u00e2nd moralitatea cre\u0219tin\u0103 determina standardele comportamentale, g\u00e2ndul la perspectiva de a fi lipsit de \u00eenmorm\u00e2ntare \u0219i de pomenire la moarte putea \u00eempiedica o persoan\u0103 s\u0103 se sinucid\u0103. Aspectul pedagogic al regulii, conform c\u0103reia sinuciga\u0219ii sunt lipsi\u021bi de orice pomenire bisericeasc\u0103, s-a dovedit a fi puternic sl\u0103bit \u00eentr-o epoc\u0103 \u00een care influen\u021ba Bisericii asupra moralit\u0103\u021bii publice a \u00eencetat s\u0103 fie decisiv\u0103.<\/p>\n<p>Practica contemporan\u0103 a Bisericii Ortodoxe, bazat\u0103 pe o tradi\u021bie veche de secole, permite pomenirea sinuciga\u0219ului cu permisiunea episcopului \u00een cazul \u00een care persoana care \u0219i-a luat via\u021ba era ie\u0219it\u0103 \u201edin min\u021bi\u201d, adic\u0103 suferea de o tulburare mintal\u0103 sau psihic\u0103 sau, din cauza nebuniei, nu era con\u0219tient\u0103 de ac\u021biunile sale.<\/p>\n<p>Cu permisiunea arhiereului, sunt posibile \u0219i alte excep\u021bii de la regul\u0103 \u2013 \u00een special, dac\u0103 sinuciga\u0219ul a fost minor. Unele cazuri care se \u00eencadreaz\u0103 \u00een mod oficial \u00een categoria de sinucidere, dup\u0103 o analiz\u0103 atent\u0103, pot merita iconomia bisericeasc\u0103 (indulgen\u021ba).<\/p>\n<p>Pe de alt\u0103 parte, decesul de pe urma unei supradoze de droguri sau a ebriet\u0103\u021bii cu alcool nu se\u00a0 \u00eencadreaz\u0103 \u00een mod oficial \u00een categoria de sinucideri, dar, de fapt, este atare, chiar dac\u0103 inten\u021bia decedatului nu a fost de a se sinucide.<\/p>\n<p>\u00centrebarea privind pomenirea bisericeasc\u0103 a sinuciga\u0219ilor, prin urmare, nu are un r\u0103spuns universal. Atunci c\u00e2nd se adopt\u0103 vreo decizie \u00een aceast\u0103 problem\u0103, arhiereul se bazeaz\u0103 pe faptul c\u0103 Biserica nu pedepse\u0219te pe nimeni \u0219i nu se r\u0103zbun\u0103 pe nimeni, mai ales dup\u0103 moarte. Biserica pl\u00e2nge pentru fiecare persoan\u0103 care a plecat f\u0103r\u0103 poc\u0103in\u021b\u0103 \u0219i sper\u0103 \u00een mila lui Dumnezeu.<\/p>\n<p>\u00cen cazurile \u00een care se poate aplica compasiunea privind pomenirea decedatului, ea se aplic\u0103. Dar dac\u0103 arhiereul decide s\u0103 refuze pomenirea, atunci acest lucru nu poate fi motivat de lipsa milei din partea lui sau din partea Bisericii Ortodoxe. Mai degrab\u0103, se motiveaz\u0103 prin con\u0219tientizarea neputin\u021bei Bisericii \u00een fa\u021ba liberului arbitru al unei persoane care a murit voluntar \u0219i, prin urmare, s-a plasat \u00een afara Bisericii. Dar chiar \u0219i \u00een acest caz r\u0103m\u00e2ne speran\u021ba \u00een mila lui Dumnezeu, care nu are limite.<\/p>\n<p>Desigur, rudele unei persoane sinuciga\u0219e au nevoie de sprijin \u0219i consolare. Tocmai \u00een acest scop Biserica Rus\u0103 a elaborat \u0219i adoptat \u00een \u0219edin\u021ba Sf\u00e2ntului Sinod din 27 iulie 2018 <strong><em>\u201eR\u00e2nduiala consol\u0103rii prin rug\u0103ciune pentru cei care samavolnic \u0219i-au pus cap\u0103t zilelor\u201d<\/em><\/strong>. Aceast\u0103 r\u00e2nduial\u0103 poate fi s\u0103v\u00e2r\u0219it\u0103 de un preot la cererea rudelor sinuciga\u0219ului, indiferent de faptul dac\u0103 s-a sinucis \u00een stare de nebunie sau fiind \u00een plin\u0103tatea facult\u0103\u021bilor mintale.<\/p>\n<p>Cuviosul Lev, stare\u021bul de la Optina, a compus urm\u0103toarea rug\u0103ciune pentru sinuciga\u0219: <strong><em>\u201eC\u0103ut\u0103, Doamne, la sufletul cel pierdut al robului T\u0103u (numele); dac\u0103 e cu putin\u021b\u0103, fie-\u021ai mil\u0103. Neb\u0103nuite sunt judec\u0103\u021bile Tale. Nu-mi socoti aceast\u0103 rug\u0103ciune drept p\u0103cat. Fac\u0103-se voia Ta cea Sf\u00e2nt\u0103.\u201d<\/em><\/strong> Biserica binecuv\u00e2nteaz\u0103 ca rudele sinuciga\u0219ului s\u0103 se roage pentru el cu cuvintele acestei rug\u0103ciuni.<\/p>\n<p>Trebuie s\u0103 se fac\u0103 deosebire \u00eentre cazurile de sinucidere \u0219i cele c\u00e2nd o persoan\u0103 \u00ee\u0219i sacrific\u0103 via\u021ba de dragul altei persoane. Dac\u0103 \u00een timpul r\u0103zboiului un soldat sau ofi\u021ber, fiind \u00eenconjurat, se sinucide pentru a nu fi capturat, o astfel de fapt\u0103 nu poate fi echivalat\u0103 cu sinuciderea.<\/p>\n<p>\u00cen istoria Bisericii se cunosc cazuri c\u00e2nd fetele \u0219i-au luat via\u021ba pentru a evita batjocura \u0219i pentru a-\u0219i p\u0103stra fecioria. \u00cen special, Pelaghia de 15 ani din Antiohia (secolul al III-lea), pe care solda\u021bii trebuia s\u0103 o violeze mai \u00eent\u00e2i \u0219i apoi s\u0103 o execute conform sentin\u021bei domnitorului, a ales, dup\u0103 ce i-a \u00een\u0219elat, s\u0103 se arunce de pe acoperi\u0219ul propriei case. Pentru aceasta ea nu numai c\u0103 nu a fost condamnat\u0103 de Biseric\u0103, ci, dimpotriv\u0103, a fost sl\u0103vit\u0103 ca martir\u0103.<\/p>\n<p><em>\u00cen imagine: Tabloul \u201eIuda\u201d de Ilia Repin.<\/em><\/p>\n<p style=\"text-align: right;\"><em>Sursa: <strong>\u041f\u0440\u0430\u0432\u043e\u0441\u043b\u0430\u0432\u043d\u044b\u0439 \u043f\u043e\u0440\u0442\u0430\u043b \u043e \u0425\u0440\u0438\u0441\u0442\u0435 \u0438 \u0445\u0440\u0438\u0441\u0442\u0438\u0430\u043d\u0441\u0442\u0432\u0435 <a href=\"https:\/\/jesus-portal.ru\/life\/blogs\/neudobnye-voprosy-o-religii-i-cerkvi\/pochemu-samoubiyc-ne-otpevayut-\/?fbclid=IwAR1UWo6yFV5cf2EqHn55OsInkYvYo6_ZJFTpEVt6tbZwTQdsm1BK8bnFp9s\">\u00ab\u0418\u0438\u0441\u0443\u0441\u00bb<\/a><\/strong><\/em><\/p>\n","protected":false},"excerpt":{"rendered":"<p>Biserica nu s\u0103v\u00e2r\u0219e\u0219te slujbe de pomenire pentru sinuciga\u0219i. Este oare uman? La urma urmei, oamenii se sinucid nu din cauza unei vie\u021bi&hellip;<\/p>\n","protected":false},"author":3,"featured_media":19266,"comment_status":"open","ping_status":"closed","sticky":false,"template":"","format":"standard","meta":{"_lmt_disableupdate":"","_lmt_disable":"","slim_seo":{"title":"De ce sinuciga\u0219ii nu se \u00eenvrednicesc de slujba de pomenire? - traditia.md","description":"Biserica nu s\u0103v\u00e2r\u0219e\u0219te slujbe de pomenire pentru sinuciga\u0219i. Este oare uman? La urma urmei, oamenii se sinucid nu din cauza unei vie\u021bi bune. Sinuciga\u0219ii nu meri"},"footnotes":""},"categories":[42,38],"tags":[],"class_list":["post-19268","post","type-post","status-publish","format-standard","has-post-thumbnail","hentry","category-intreaba-preotul","category-stiri"],"_links":{"self":[{"href":"https:\/\/traditia.md\/ro\/wp-json\/wp\/v2\/posts\/19268","targetHints":{"allow":["GET"]}}],"collection":[{"href":"https:\/\/traditia.md\/ro\/wp-json\/wp\/v2\/posts"}],"about":[{"href":"https:\/\/traditia.md\/ro\/wp-json\/wp\/v2\/types\/post"}],"author":[{"embeddable":true,"href":"https:\/\/traditia.md\/ro\/wp-json\/wp\/v2\/users\/3"}],"replies":[{"embeddable":true,"href":"https:\/\/traditia.md\/ro\/wp-json\/wp\/v2\/comments?post=19268"}],"version-history":[{"count":0,"href":"https:\/\/traditia.md\/ro\/wp-json\/wp\/v2\/posts\/19268\/revisions"}],"wp:featuredmedia":[{"embeddable":true,"href":"https:\/\/traditia.md\/ro\/wp-json\/wp\/v2\/media\/19266"}],"wp:attachment":[{"href":"https:\/\/traditia.md\/ro\/wp-json\/wp\/v2\/media?parent=19268"}],"wp:term":[{"taxonomy":"category","embeddable":true,"href":"https:\/\/traditia.md\/ro\/wp-json\/wp\/v2\/categories?post=19268"},{"taxonomy":"post_tag","embeddable":true,"href":"https:\/\/traditia.md\/ro\/wp-json\/wp\/v2\/tags?post=19268"}],"curies":[{"name":"wp","href":"https:\/\/api.w.org\/{rel}","templated":true}]}}