{"id":19075,"date":"2023-10-16T09:13:56","date_gmt":"2023-10-16T06:13:56","guid":{"rendered":"https:\/\/traditia.md\/?p=19075"},"modified":"2023-10-16T09:14:55","modified_gmt":"2023-10-16T06:14:55","slug":"inima-mea-si-duhul-meu-au-slabit-de-slava-si-de-dumnezeiestile-daruri-sfantul-dionisie-areopagitul-despre-intalnirea-sa-cu-maica-domnului","status":"publish","type":"post","link":"https:\/\/traditia.md\/ro\/inima-mea-si-duhul-meu-au-slabit-de-slava-si-de-dumnezeiestile-daruri-sfantul-dionisie-areopagitul-despre-intalnirea-sa-cu-maica-domnului\/","title":{"rendered":"\u201eInima mea \u015fi duhul meu au sl\u0103bit de slav\u0103 \u015fi de dumnezeie\u015ftile daruri\u201d \u2013 Sf\u00e2ntul Dionisie Areopagitul despre \u00eent\u00e2lnirea sa cu Maica Domnului"},"content":{"rendered":"<p><strong><em>La 16 octombrie facem pomenirea Sf\u00e2ntului Sfin\u021bit Mucenic Dionisie Areopagitul, episcopul Atenei \u0219i ucenicul Sf\u00e2ntului Apostol Pavel (+ 96).<\/em><\/strong><\/p>\n<p>Dup\u0103 trei ani de la luminarea sa, merg\u00e2nd \u00eentr-adins cu binecuv\u00e2ntarea \u00eenv\u0103\u0163\u0103torului s\u0103u, apostolul Pavel, s-o vad\u0103 pe Preasf\u00e2nta N\u0103sc\u0103toare de Dumnezeu, Sf\u00e2ntul Dionisie s-a umplut de mult\u0103 m\u00e2ng\u00e2iere duhovniceasc\u0103, \u00eenc\u00e2t singur despre aceasta o spune \u00een scrisoarea sa c\u0103tre Sf\u00e2ntul Apostol Pavel, scriind astfel:<\/p>\n<p><em>\u201eVai, necredincios lucru mi-a fost mie, m\u0103rturisesc \u00eenaintea lui Dumnezeu, o pov\u0103\u0163uitorule \u015fi \u00eencep\u0103torul nostru cel prea ales! C\u0103 afar\u0103 de Dumnezeul Cel Prea\u00eenalt, s\u0103 fie ceva plin de dumnezeie\u015ftile puteri \u015fi de darurile cele minunate, nimeni din oameni nu poate s\u0103 o ajung\u0103 cu mintea pe aceea, pe care am v\u0103zut-o \u015fi am \u00een\u0163eles-o eu cu ochii, nu numai cei suflete\u015fti, ci \u015fi cu cei trupe\u015fti. <\/em><\/p>\n<p><em>Pentru c\u0103 am v\u0103zut cu ochii pe cea cu chip dumnezeiesc \u015fi mai sf\u00e2nt\u0103 dec\u00e2t toate duhurile cere\u015fti, pe Maica lui Iisus Hristos, Domnul nostru, pe care mi-a d\u0103ruit-o mie a o vedea darul lui Dumnezeu \u015fi cinstea v\u00e2rfurilor apostolilor, asemenea \u015fi darul cel nespus al singurei milostive Fecioare \u015fi preacuratei. <\/em><\/p>\n<p><em>M\u0103rturisesc \u00eenaintea lui Dumnezeu cel Atotputernic, iar\u0103\u015fi \u015fi iar\u0103\u015fi \u015fi \u00eenaintea darului cel m\u00e2ntuitor \u015fi \u00eenaintea prea sl\u0103vitei cinstitei Fecioare Maria, c\u0103, pe c\u00e2nd era cu Sf\u00e2ntul Ioan Evanghelistul, petrec\u00e2nd \u00een trup \u015fi str\u0103lucind la cer ca un soare, am intrat \u00eenaintea fe\u0163ei celei cu chip dumnezeiesc a Preasfintei Fecioare, at\u00e2t de mare \u015fi nem\u0103surat\u0103 dumnezeiasc\u0103 raz\u0103 nu numai m-a str\u0103lucit din afar\u0103, dar \u015fi \u00eenl\u0103untru mai mult m-a luminat \u015fi m-a umplut de at\u00e2tea prea minunate \u015fi felurite aromate cu bun\u0103 mirosire, \u00eenc\u00e2t nici trupul meu cel neputincios, nici duhul n-a putut suferi unele ca acele semne at\u00e2t de mari \u015fi \u00eencep\u0103turi ale fericirii \u015fi slavei celei ve\u015fnice. <\/em><\/p>\n<p><em>Inima mea \u015fi duhul meu au sl\u0103bit de slav\u0103 \u015fi de dumnezeie\u015ftile daruri. M\u0103rturisesc cu Dumnezeu, Care a petrecut \u00een prea cinstitul \u015fi feciorescul\u00a0 p\u00e2ntece, c\u0103, de nu mi-ar fi fost mie dumnezeie\u015ftile Tale \u00eenv\u0103\u0163\u0103turi \u015fi legi, \u00een pomenire \u015fi \u00een mintea cea luminat\u0103, a\u015f fi \u00een\u0163eles-o pe ea c\u0103 este adev\u0103rat Dumnezeu \u015fi a\u015f fi cinstit-o pe ea cu \u00eenchin\u0103ciunea care se cuvine unuia adev\u0103ratului Dumnezeu. C\u0103ci nici o slav\u0103 \u015fi cinste mai mare nu poate s\u0103 fie ajuns\u0103 de mintea oamenilor celor prea m\u0103ri\u0163i de Dumnezeu, precum a fost acea fericire pe care am gustat-o eu nevrednicul, \u00eenvrednicindu-m\u0103 \u00een acea vreme \u015fi f\u0103c\u00e2ndu-m\u0103 atunci foarte fericit. <\/em><\/p>\n<p><em>Mul\u0163umesc Celui Prea\u00eenalt \u015fi Preabunului meu Dumnezeu, dumnezeie\u015ftii Fecioare \u015fi prea sf\u00e2ntului apostol Ioan, asemenea \u015fi \u0163ie, \u00eencep\u0103torului Bisericii care d\u0103n\u0163uie\u015fte, celui ce o facere de bine ca aceasta cu milostenie mi-ai ar\u0103tat mie.\u201d<\/em><\/p>\n<p>Aceasta este scrisoarea Sf\u00e2ntului Dionisie, din care este destul a vedea \u015fi a \u00een\u0163elege ce fel de dar dumnezeiesc avea prea cinstita fa\u0163\u0103 a prea curatei St\u0103p\u00e2nei noastre, petrec\u00e2nd pe p\u0103m\u00e2nt. Deci cei ce o vedeau pe ea \u00een trup, se luminau cu sufletele \u015fi se \u00eendulceau cu inimile de mult\u0103 bucurie duhovniceasc\u0103. C\u0103ci mul\u0163i alergau la ea de pretutindeni din cei noi lumina\u0163i; iar ea, ca o adev\u0103rat\u0103 Maic\u0103, pe to\u0163i \u00eei primea \u00eentocmai cu nef\u0103\u0163\u0103rnicie \u015fi pe to\u0163i \u00eei miluia cu darul s\u0103u. Celor bolnavi le d\u0103dea t\u0103m\u0103duiri; neputincio\u015filor \u2013 s\u0103n\u0103tate; celor m\u00e2hni\u0163i \u2013 m\u00e2ng\u00e2iere \u015fi tuturor de ob\u015fte \u00eent\u0103rire \u00een credin\u0163\u0103; ne\u00eendoire \u00een n\u0103dejde, \u00eendulcire \u00een dragostea cea dumnezeiasc\u0103, iar p\u0103c\u0103to\u015filor \u2013 \u00eendreptare.<\/p>\n<p style=\"text-align: right;\"><em>Sursa: <a href=\"https:\/\/www.academia.edu\/44461681\/Sf\u00e2ntul_sfin\u0163it_mucenic_Dionisie_Areopagitul_3_octombrie_\"><strong>Academia.edu<\/strong><\/a><\/em><\/p>\n","protected":false},"excerpt":{"rendered":"<p>La 16 octombrie facem pomenirea Sf\u00e2ntului Sfin\u021bit Mucenic Dionisie Areopagitul, episcopul Atenei \u0219i ucenicul Sf\u00e2ntului Apostol Pavel (+ 96). Dup\u0103 trei ani&hellip;<\/p>\n","protected":false},"author":3,"featured_media":19073,"comment_status":"open","ping_status":"closed","sticky":false,"template":"","format":"standard","meta":{"_lmt_disableupdate":"","_lmt_disable":"","slim_seo":{"title":"\u201eInima mea \u015fi duhul meu au sl\u0103bit de slav\u0103 \u015fi de dumnezeie\u015ftile daruri\u201d \u2013 Sf\u00e2ntul Dionisie Areopagitul despre \u00eent\u00e2lnirea sa cu Maica Domnului - traditia.md","description":"La 16 octombrie facem pomenirea Sf\u00e2ntului Sfin\u021bit Mucenic Dionisie Areopagitul, episcopul Atenei \u0219i ucenicul Sf\u00e2ntului Apostol Pavel (+ 96). Dup\u0103 trei ani de la"},"footnotes":""},"categories":[40,38],"tags":[],"class_list":["post-19075","post","type-post","status-publish","format-standard","has-post-thumbnail","hentry","category-apararea-credintei","category-stiri"],"_links":{"self":[{"href":"https:\/\/traditia.md\/ro\/wp-json\/wp\/v2\/posts\/19075","targetHints":{"allow":["GET"]}}],"collection":[{"href":"https:\/\/traditia.md\/ro\/wp-json\/wp\/v2\/posts"}],"about":[{"href":"https:\/\/traditia.md\/ro\/wp-json\/wp\/v2\/types\/post"}],"author":[{"embeddable":true,"href":"https:\/\/traditia.md\/ro\/wp-json\/wp\/v2\/users\/3"}],"replies":[{"embeddable":true,"href":"https:\/\/traditia.md\/ro\/wp-json\/wp\/v2\/comments?post=19075"}],"version-history":[{"count":0,"href":"https:\/\/traditia.md\/ro\/wp-json\/wp\/v2\/posts\/19075\/revisions"}],"wp:featuredmedia":[{"embeddable":true,"href":"https:\/\/traditia.md\/ro\/wp-json\/wp\/v2\/media\/19073"}],"wp:attachment":[{"href":"https:\/\/traditia.md\/ro\/wp-json\/wp\/v2\/media?parent=19075"}],"wp:term":[{"taxonomy":"category","embeddable":true,"href":"https:\/\/traditia.md\/ro\/wp-json\/wp\/v2\/categories?post=19075"},{"taxonomy":"post_tag","embeddable":true,"href":"https:\/\/traditia.md\/ro\/wp-json\/wp\/v2\/tags?post=19075"}],"curies":[{"name":"wp","href":"https:\/\/api.w.org\/{rel}","templated":true}]}}