{"id":19068,"date":"2023-10-14T08:38:21","date_gmt":"2023-10-14T05:38:21","guid":{"rendered":"https:\/\/traditia.md\/?p=19068"},"modified":"2023-10-14T10:07:42","modified_gmt":"2023-10-14T07:07:42","slug":"19068","status":"publish","type":"post","link":"https:\/\/traditia.md\/ro\/19068\/","title":{"rendered":"14 octombrie: Acoper\u0103m\u00e2ntul Preasfintei N\u0103sc\u0103toare de Dumnezeu \u0219i pururea Fecioarei Maria"},"content":{"rendered":"<p><strong><em>De ziua acestui praznic se s\u0103rb\u0103tore\u0219te \u0219i hramul ora\u0219ului Chi\u0219in\u0103u.<\/em><\/strong><\/p>\n<p><strong>Troparul praznicului, glasul al 4-lea<\/strong><\/p>\n<p><em>Ast\u0103zi, poporul cel binecredincios, luminat pr\u0103znuim, umbri\u0163i fiind prin venirea ta, Maica lui Dumnezeu \u015fi c\u0103ut\u00e2nd c\u0103tre Preacinstit\u0103 Icoana ta, cu umilin\u0163\u0103 gr\u0103im: acoper\u0103-ne pe noi cu Cinstitul t\u0103u Acoper\u0103m\u00e2nt \u015fi ne scap\u0103 de tot r\u0103ul, rug\u00e2nd pe Fiul t\u0103u, Hristos Dumnezeul nostru, s\u0103 m\u00e2ntuiasc\u0103 sufletele noastre.<\/em><\/p>\n<p><strong>La aceia\u0219i tem\u0103:<\/strong> <a href=\"https:\/\/traditia.md\/ro\/praznic-de-bucurie-acoperamantul-preasfintei-nascatoare-de-dumnezeu\/\"><strong>Praznic de bucurie \u2013 Acoper\u0103m\u00e2ntul Preasfintei N\u0103sc\u0103toare de Dumnezeu!<\/strong><\/a><\/p>\n<p>&nbsp;<\/p>\n<p><strong>Tot la 14 octombrie \u00eei pomenim pe to\u021bi sfin\u021bii care s-au prosl\u0103vit pe p\u0103m\u00e2ntul Moldovei <\/strong><\/p>\n<p><img fetchpriority=\"high\" decoding=\"async\" class=\"alignnone size-full wp-image-19044 aligncenter\" src=\"https:\/\/traditia.md\/wp-content\/uploads\/2023\/10\/sobor_moldavskih_svyatyh.jpg\" alt=\"\u0421\u043e\u0431\u043e\u0440_\u041c\u043e\u043b\u0434\u0430\u0432\u0441\u043a\u0438\u0445_\u0441\u0432\u044f\u0442\u044b\u0445\" width=\"500\" height=\"293\" srcset=\"https:\/\/traditia.md\/wp-content\/uploads\/2023\/10\/sobor_moldavskih_svyatyh.jpg 500w, https:\/\/traditia.md\/wp-content\/uploads\/2023\/10\/sobor_moldavskih_svyatyh-300x176.jpg 300w\" sizes=\"(max-width: 500px) 100vw, 500px\" \/><\/p>\n<p><strong>Tot la 14 octombrie s\u0103rb\u0103torim Icoana Maicii Domnului de la M\u0103n\u0103stirea H\u00e2rbov\u0103\u021b<\/strong><\/p>\n<p><img decoding=\"async\" class=\"alignnone size-full wp-image-19040 aligncenter\" src=\"https:\/\/traditia.md\/wp-content\/uploads\/2023\/10\/gerboveczkaya_bogorodiczy.jpg\" alt=\"\u0413\u0435\u0440\u0431\u043e\u0432\u0435\u0446\u043a\u0430\u044f_\u0411\u043e\u0433\u043e\u0440\u043e\u0434\u0438\u0446\u044b\" width=\"341\" height=\"500\" srcset=\"https:\/\/traditia.md\/wp-content\/uploads\/2023\/10\/gerboveczkaya_bogorodiczy.jpg 341w, https:\/\/traditia.md\/wp-content\/uploads\/2023\/10\/gerboveczkaya_bogorodiczy-205x300.jpg 205w\" sizes=\"(max-width: 341px) 100vw, 341px\" \/><\/p>\n","protected":false},"excerpt":{"rendered":"<p>De ziua acestui praznic se s\u0103rb\u0103tore\u0219te \u0219i hramul ora\u0219ului Chi\u0219in\u0103u. Troparul praznicului, glasul al 4-lea Ast\u0103zi, poporul cel binecredincios, luminat pr\u0103znuim, umbri\u0163i&hellip;<\/p>\n","protected":false},"author":3,"featured_media":19042,"comment_status":"open","ping_status":"closed","sticky":false,"template":"","format":"standard","meta":{"_lmt_disableupdate":"","_lmt_disable":"","slim_seo":{"title":"14 octombrie: Acoper\u0103m\u00e2ntul Preasfintei N\u0103sc\u0103toare de Dumnezeu \u0219i pururea Fecioarei Maria - traditia.md","description":"De ziua acestui praznic se s\u0103rb\u0103tore\u0219te \u0219i hramul ora\u0219ului Chi\u0219in\u0103u. Troparul praznicului, glasul al 4-lea Ast\u0103zi, poporul cel binecredincios, luminat pr\u0103znuim,"},"footnotes":""},"categories":[40,38],"tags":[],"class_list":["post-19068","post","type-post","status-publish","format-standard","has-post-thumbnail","hentry","category-apararea-credintei","category-stiri"],"_links":{"self":[{"href":"https:\/\/traditia.md\/ro\/wp-json\/wp\/v2\/posts\/19068","targetHints":{"allow":["GET"]}}],"collection":[{"href":"https:\/\/traditia.md\/ro\/wp-json\/wp\/v2\/posts"}],"about":[{"href":"https:\/\/traditia.md\/ro\/wp-json\/wp\/v2\/types\/post"}],"author":[{"embeddable":true,"href":"https:\/\/traditia.md\/ro\/wp-json\/wp\/v2\/users\/3"}],"replies":[{"embeddable":true,"href":"https:\/\/traditia.md\/ro\/wp-json\/wp\/v2\/comments?post=19068"}],"version-history":[{"count":0,"href":"https:\/\/traditia.md\/ro\/wp-json\/wp\/v2\/posts\/19068\/revisions"}],"wp:featuredmedia":[{"embeddable":true,"href":"https:\/\/traditia.md\/ro\/wp-json\/wp\/v2\/media\/19042"}],"wp:attachment":[{"href":"https:\/\/traditia.md\/ro\/wp-json\/wp\/v2\/media?parent=19068"}],"wp:term":[{"taxonomy":"category","embeddable":true,"href":"https:\/\/traditia.md\/ro\/wp-json\/wp\/v2\/categories?post=19068"},{"taxonomy":"post_tag","embeddable":true,"href":"https:\/\/traditia.md\/ro\/wp-json\/wp\/v2\/tags?post=19068"}],"curies":[{"name":"wp","href":"https:\/\/api.w.org\/{rel}","templated":true}]}}