{"id":18969,"date":"2023-10-12T09:34:22","date_gmt":"2023-10-12T06:34:22","guid":{"rendered":"https:\/\/traditia.md\/?p=18969"},"modified":"2023-10-12T09:35:20","modified_gmt":"2023-10-12T06:35:20","slug":"mitropolitul-vladimir-a-participat-la-lucrarile-sfantului-sinod-al-bisericii-ortodoxe-ruse","status":"publish","type":"post","link":"https:\/\/traditia.md\/ro\/mitropolitul-vladimir-a-participat-la-lucrarile-sfantului-sinod-al-bisericii-ortodoxe-ruse\/","title":{"rendered":"Mitropolitul Vladimir a participat la lucr\u0103rile Sf\u00e2ntului Sinod al Bisericii Ortodoxe Ruse"},"content":{"rendered":"<p><strong><em>\u00cenaltpreasfin\u021bitul Vladimir, \u00cent\u00e2ist\u0103t\u0103tor al Bisericii Ortodoxe din Moldova, a participat miercuri, 11 octombrie 2023, la lucr\u0103rile Sf\u00e2ntului Sinod al Bisericii Ortodoxe Ruse.<\/em><\/strong><\/p>\n<p>Evenimentul prezidat de Sanctitatea Sa Patriarhul Moscovei \u0219i al \u00eentregii Rusii Chiril a avut loc la Re\u0219edin\u021ba Patriarhal\u0103 \u0219i Sinodal\u0103 de la M\u0103n\u0103stirea stavropighial\u0103 de c\u0103lug\u0103ri \u201eSf\u00e2ntul Daniel\u201d din ora\u0219ul Moscova.<\/p>\n<p>Sinodul a abordat diverse aspecte ale vie\u021bii eclesiale, f\u0103c\u00e2nd bilan\u021bul activit\u0103\u021bilor \u0219i evenimentelor din ultimul trimestru.<\/p>\n<p>\u00cen cadrul \u0219edin\u021bei, compatriotul nostru, arhimandritul Filaret (Cuzmin), stare\u021bul M\u0103n\u0103stirii de c\u0103lug\u0103ri cu hramul \u201eAdormirea Maicii Domnului\u201d din satul C\u0103priana, raionul Str\u0103\u0219eni, a fost ales episcop de C\u0103priana, vicar al Eparhiei Chi\u0219in\u0103ului.<\/p>\n<p style=\"text-align: right;\"><em>Surs\u0103: <a href=\"https:\/\/mitropolia.md\/intaistatatorul-bisericii-ortodoxe-din-moldova-a-participat-la-lucrarile-sf-sinod-al-bisericii-ortodoxe-ruse\/\"><strong>Mitropolia Chi\u0219in\u0103ului \u0219i a \u00eentregii Moldove<\/strong><\/a><\/em><\/p>\n","protected":false},"excerpt":{"rendered":"<p>\u00cenaltpreasfin\u021bitul Vladimir, \u00cent\u00e2ist\u0103t\u0103tor al Bisericii Ortodoxe din Moldova, a participat miercuri, 11 octombrie 2023, la lucr\u0103rile Sf\u00e2ntului Sinod al Bisericii Ortodoxe Ruse.&hellip;<\/p>\n","protected":false},"author":3,"featured_media":18967,"comment_status":"open","ping_status":"closed","sticky":false,"template":"","format":"standard","meta":{"_lmt_disableupdate":"","_lmt_disable":"","slim_seo":{"title":"Mitropolitul Vladimir a participat la lucr\u0103rile Sf\u00e2ntului Sinod al Bisericii Ortodoxe Ruse - traditia.md","description":"\u00cenaltpreasfin\u021bitul Vladimir, \u00cent\u00e2ist\u0103t\u0103tor al Bisericii Ortodoxe din Moldova, a participat miercuri, 11 octombrie 2023, la lucr\u0103rile Sf\u00e2ntului Sinod al Biserici"},"footnotes":""},"categories":[39,38],"tags":[],"class_list":["post-18969","post","type-post","status-publish","format-standard","has-post-thumbnail","hentry","category-biserica-si-societatea","category-stiri"],"_links":{"self":[{"href":"https:\/\/traditia.md\/ro\/wp-json\/wp\/v2\/posts\/18969","targetHints":{"allow":["GET"]}}],"collection":[{"href":"https:\/\/traditia.md\/ro\/wp-json\/wp\/v2\/posts"}],"about":[{"href":"https:\/\/traditia.md\/ro\/wp-json\/wp\/v2\/types\/post"}],"author":[{"embeddable":true,"href":"https:\/\/traditia.md\/ro\/wp-json\/wp\/v2\/users\/3"}],"replies":[{"embeddable":true,"href":"https:\/\/traditia.md\/ro\/wp-json\/wp\/v2\/comments?post=18969"}],"version-history":[{"count":0,"href":"https:\/\/traditia.md\/ro\/wp-json\/wp\/v2\/posts\/18969\/revisions"}],"wp:featuredmedia":[{"embeddable":true,"href":"https:\/\/traditia.md\/ro\/wp-json\/wp\/v2\/media\/18967"}],"wp:attachment":[{"href":"https:\/\/traditia.md\/ro\/wp-json\/wp\/v2\/media?parent=18969"}],"wp:term":[{"taxonomy":"category","embeddable":true,"href":"https:\/\/traditia.md\/ro\/wp-json\/wp\/v2\/categories?post=18969"},{"taxonomy":"post_tag","embeddable":true,"href":"https:\/\/traditia.md\/ro\/wp-json\/wp\/v2\/tags?post=18969"}],"curies":[{"name":"wp","href":"https:\/\/api.w.org\/{rel}","templated":true}]}}