{"id":18929,"date":"2023-10-11T09:55:10","date_gmt":"2023-10-11T06:55:10","guid":{"rendered":"https:\/\/traditia.md\/?p=18929"},"modified":"2023-10-11T09:56:19","modified_gmt":"2023-10-11T06:56:19","slug":"11-octombrie-sfintii-cuviosi-chiril-si-maria-1337-schimnicii-parintii-sfantului-serghie-de-la-radonej","status":"publish","type":"post","link":"https:\/\/traditia.md\/ro\/11-octombrie-sfintii-cuviosi-chiril-si-maria-1337-schimnicii-parintii-sfantului-serghie-de-la-radonej\/","title":{"rendered":"11 octombrie: Sfin\u0163ii Cuvio\u0219i Chiril \u015fi Maria (+1337), schimnicii, p\u0103rin\u0163ii Sf\u00e2ntului Serghie de la Radonej"},"content":{"rendered":"<p><strong><em>Afl\u01cem \u00een aceast\u01ce Via\u0163\u01ce o deosebit de mi\u015fc\u01cetoare leg\u01cetur\u01ce \u00eentre un fiu \u015fi p\u01cerin\u0163ii s\u01cei \u2013 un fiu afierosit cu totul lui Dumnezeu \u00eenc\u01ce \u00eenainte de a se na\u015fte \u015fi care totu\u015fi tr\u01ceie\u015fte cu p\u01cerin\u0163ii s\u01cei \u015fi are grij\u01ce de ei p\u00e2n\u01ce la moartea acestora.<\/em><\/strong><\/p>\n<p>Cam tot ceea ce \u015ftim despre aceast\u01ce sf\u00e2nt\u01ce pereche vine din prima biografie a fiului lor, preaiubitul Sf\u00e2nt Serghie din Radonej (8 octombrie).<\/p>\n<p>Biografia a fost scris\u01ce de Epifanie cel \u00cen\u0163elept, unul dintre ucenicii Sf\u00e2ntului Serghie. La \u00eenceputul Vie\u0163ii Sf\u00e2ntului Serghie, el scrie: <em>\u201eAcest Serghie s-a n\u01cescut din p\u01cerin\u0163i de neam \u015fi drep\u0163i. Numele tat\u01celui s\u01ceu era Chiril, iar al mamei Maria. Am\u00e2ndoi aveau o via\u0163\u01ce pl\u01cecut\u01ce lui Dumnezeu \u015fi \u00eenaintea oamenilor, \u00eempodobi\u0163i cu toate virtu\u0163ile pe care le iube\u015fte Dumnezeu. C\u01ceci Dumnezeu nu las\u01ce ca un copil, pe care vrea s\u01ce-l fac\u01ce s\u01ce str\u01celuceasc\u01ce, s\u01ce se nasc\u01ce din p\u01cerin\u0163i nedrep\u0163i. Ci, mai cur\u00e2nd, El preg\u01cete\u015fte de mai \u00eenainte \u015fi r\u00e2nduie\u015fte asemenea p\u01cerin\u0163i preacinsti\u0163i, l\u01ces\u00e2ndu-i s\u01ce z\u01cemisleasc\u01ce pe cel pl\u01cecut al S\u01ceu. O preal\u01ceudat\u01ce Pronie! O, bunilor p\u01cerin\u0163i, ce a\u0163i dat na\u015ftere unui asemenea copil.\u201d<\/em><\/p>\n<p>Maria s-a \u00eengrijit \u00eendeosebi de copil, \u00eenc\u01ce de c\u00e2nd se afla \u00een p\u00e2ntecele ei, lu\u00e2nd seama \u00een chip deosebit la via\u0163a ei duhovniceasc\u01ce. St\u01ceruin\u0163a ei a crescut dup\u01ce ce pruncul a strigat cu glas mare de trei ori din p\u00e2ntecele ei pe c\u00e2nd se afla la Sf\u00e2nta Liturghie, lucru care i-a uimit pe to\u0163i cei prezen\u0163i. La \u00eenceput ea s-a speriat, dar a luat-o ca pe un semn de la Dumnezeu.<\/p>\n<p>Semnul a \u00eendemnat-o s\u01ce fie nu doar mai r\u00e2vnitoare la rug\u01ceciune, ci \u015fi la post. Din acel moment \u015fi p\u00e2n\u01ce la na\u015fterea copilului, ea s-a lipsit cu totul de m\u00e2nc\u01ceruri grase, carne, lapte, pe\u015fte \u015fi b\u01ceuturi alcoolice. Astfel, Epifanie scrie: <em>\u201eC\u01ceci la fel ca z\u01cemislirea, \u015fi na\u015fterea a avut loc cu post \u015fi rug\u01ceciune.\u201d<\/em> \u015ei at\u00e2t ea, c\u00e2t \u015fi Chiril, au fost \u00eentr-un g\u00e2nd<em>: \u201eDac\u01ce copilul va fi b\u01ceiat, s\u01ce f\u01ceg\u01ceduim c\u01ce-l vom duce la biseric\u01ce \u015fi \u00eel vom da lui Dumnezeu, Care singur este F\u01cec\u01cetorul de bine al tuturor.\u201d<\/em><\/p>\n<p>Dup\u01ce na\u015fterea lui, p\u01cerin\u0163ii l-au afierosit cu adev\u01cerat lui Dumnezeu. La botez, la patruzeci de zile, preotul, P\u01cerintele Mihail, i-a dat numele de Bartolomeu. C\u00e2nd p\u01cerin\u0163ii au spus p\u01cerintelui Mihail despre felul cum copilul a strigat din p\u00e2ntece \u00een timpul slujbei, el le-a povestit multe lucruri din Sf\u00e2nta Scriptur\u01ce despre felul cum Dumnezeu alege \u015fi blagoslove\u015fte pe anumi\u0163i oameni chiar \u00eenainte de na\u015ftere. Iar despre Bartolomeu, P\u0103rintele Mihail a spus p\u01cerin\u0163ilor: <em>\u201eBucura\u0163i-v\u01ce \u015fi v\u01ce veseli\u0163i, c\u01ceci va fi vas ales de Dumnezeu, s\u01cela\u015f \u015fi slujitor al Sfintei Treimi.\u201d <\/em>\u00cemb\u01cerb\u01ceta\u0163i astfel, Chiril \u015fi Maria crescur\u01ce pe Bartolomeu \u00eentru frica Domnului.<\/p>\n<p>C\u00e2nd Bartolomeu a crescut, a \u00eenf\u01ce\u0163i\u015fat p\u01cerin\u0163ilor s\u01cei dorin\u0163a sa arz\u01cetoare de a urma via\u0163a monahal\u01ce. Ei l-au rugat ca mai \u00eent\u00e2i s\u01ce aib\u01ce grij\u01ce de ei, ceea ce el a \u015fi f\u01cecut:<\/p>\n<p><em>\u201eAcest minunat fecior f\u01ceg\u01cedui cu bucurie s\u01ce le slujeasc\u01ce at\u00e2ta vreme c\u00e2t vor tr\u01cei. \u015ei din acea zi s-a str\u01ceduit s\u01ce plac\u01ce p\u01cerin\u0163ilor s\u01cei zilnic, \u00een toate chipurile cu putin\u0163\u01ce, spre a dob\u00e2ndi rug\u01ceciunile \u015fi blagosloveniile lor. \u015ei astfel a r\u01cemas o vreme \u00een a\u015fteptare, slujind \u015fi pl\u01cec\u00e2nd p\u01cerin\u0163ilor s\u01cei p\u00e2n\u01ce ce ace\u015ftia s-au al\u01ceturat cinului monahicesc, retr\u01ceg\u00e2ndu-se fiecare la o m\u00e2n\u01cestire. \u015ei dup\u01ce ce au tr\u01ceit c\u00e2\u0163iva ani \u00een via\u0163a monahal\u01ce, au p\u01cer\u01cesit aceast\u01ce via\u0163\u01ce, duc\u00e2ndu-se la Dumnezeu. \u00cens\u01ce \u015fi-au blagoslovit fiul, cinstitul fecior Bartolomeu, cu multe blagoslovenii \u00een fiecare zi, p\u00e2n\u01ce la ultima lor suflare.\u201d<\/em><\/p>\n<p>Sfin\u0163ii Chiril \u015fi Maria au murit cam \u00een acela\u015fi an, 1334. Sf\u00e2ntul Serghie (aceste fiind numele pe care l-a luat mai t\u00e2rziu, la tunderea \u00een monahism) \u015fi-a \u00eengropat p\u01cerin\u0163ii iubi\u0163i, jelindu-i astfel: <em>\u201eDup\u01ce ce le-a c\u00e2ntat c\u00e2nt\u01cerile de \u00eengrop\u01ceciune, binecuv\u00e2ntatul fecior i-a dus la groap\u01ce cu mult\u01ce cinste \u015fi i-a \u00eengropat cu p\u01cem\u00e2nt \u015fi lacrimile sale, ca pe cea mai pre\u0163uit\u01ce comoar\u01ce. El \u015fi-a cinstit pe tat\u01cel \u015fi pe mama sa cu lacrimi \u015fi cu parastase \u015fi Sfinte Liturghii. \u015ei pomenirea p\u01cerin\u0163ilor s\u01cei a \u00eempodobit-o cu rug\u01ceciunile sale, cu milosteniile date s\u01ceracilor \u015fi hr\u01cenirea cer\u015fetorilor.\u201d<\/em><\/p>\n<p>Dup\u01ce ce a stat l\u00e2ng\u01ce mormintele p\u01cerin\u0163ilor vreme de patruzeci de zile, s-a \u00eentors la casa p\u01cerinteasc\u01ce spre a pune totul \u00een r\u00e2nduial\u01ce. Apoi a plecat s\u01ce-\u015fi \u00eenceap\u01ce nevoin\u0163ele monahice\u015fti \u2013 str\u01cedanii ce l-au f\u01cecut s\u01ce reaprind\u01ce focul duhovnicesc al \u00eentregului p\u01cem\u00e2nt rusesc pentru genera\u0163iile viitoare.<\/p>\n<p style=\"text-align: right;\"><strong><em>Din \u201eC\u0103s\u0103toria , cale spre sfin\u0163enie\u201d. Ed. Sophia, 2001<\/em><\/strong><\/p>\n<p style=\"text-align: right;\"><em>Sursa: <a href=\"https:\/\/calendar.ortodox.md\/calendar\/entry\/RO\/120\"><strong>CALENDAR ORTODOX<\/strong><\/a><\/em><\/p>\n","protected":false},"excerpt":{"rendered":"<p>Afl\u01cem \u00een aceast\u01ce Via\u0163\u01ce o deosebit de mi\u015fc\u01cetoare leg\u01cetur\u01ce \u00eentre un fiu \u015fi p\u01cerin\u0163ii s\u01cei \u2013 un fiu afierosit cu totul lui&hellip;<\/p>\n","protected":false},"author":3,"featured_media":18927,"comment_status":"open","ping_status":"closed","sticky":false,"template":"","format":"standard","meta":{"_lmt_disableupdate":"","_lmt_disable":"","slim_seo":{"title":"11 octombrie: Sfin\u0163ii Cuvio\u0219i Chiril \u015fi Maria (+1337), schimnicii, p\u0103rin\u0163ii Sf\u00e2ntului Serghie de la Radonej - traditia.md","description":"Afl\u01cem \u00een aceast\u01ce Via\u0163\u01ce o deosebit de mi\u015fc\u01cetoare leg\u01cetur\u01ce \u00eentre un fiu \u015fi p\u01cerin\u0163ii s\u01cei \u2013 un fiu afierosit cu totul lui Dumnezeu \u00eenc\u01ce \u00eenainte de a se na\u015fte \u015fi car"},"footnotes":""},"categories":[40,38],"tags":[],"class_list":["post-18929","post","type-post","status-publish","format-standard","has-post-thumbnail","hentry","category-apararea-credintei","category-stiri"],"_links":{"self":[{"href":"https:\/\/traditia.md\/ro\/wp-json\/wp\/v2\/posts\/18929","targetHints":{"allow":["GET"]}}],"collection":[{"href":"https:\/\/traditia.md\/ro\/wp-json\/wp\/v2\/posts"}],"about":[{"href":"https:\/\/traditia.md\/ro\/wp-json\/wp\/v2\/types\/post"}],"author":[{"embeddable":true,"href":"https:\/\/traditia.md\/ro\/wp-json\/wp\/v2\/users\/3"}],"replies":[{"embeddable":true,"href":"https:\/\/traditia.md\/ro\/wp-json\/wp\/v2\/comments?post=18929"}],"version-history":[{"count":0,"href":"https:\/\/traditia.md\/ro\/wp-json\/wp\/v2\/posts\/18929\/revisions"}],"wp:featuredmedia":[{"embeddable":true,"href":"https:\/\/traditia.md\/ro\/wp-json\/wp\/v2\/media\/18927"}],"wp:attachment":[{"href":"https:\/\/traditia.md\/ro\/wp-json\/wp\/v2\/media?parent=18929"}],"wp:term":[{"taxonomy":"category","embeddable":true,"href":"https:\/\/traditia.md\/ro\/wp-json\/wp\/v2\/categories?post=18929"},{"taxonomy":"post_tag","embeddable":true,"href":"https:\/\/traditia.md\/ro\/wp-json\/wp\/v2\/tags?post=18929"}],"curies":[{"name":"wp","href":"https:\/\/api.w.org\/{rel}","templated":true}]}}