{"id":18736,"date":"2023-10-06T10:27:28","date_gmt":"2023-10-06T07:27:28","guid":{"rendered":"https:\/\/traditia.md\/?p=18736"},"modified":"2023-10-06T10:29:15","modified_gmt":"2023-10-06T07:29:15","slug":"6-octombrie-zamislirea-sfantului-proroc-ioan-botezatorul","status":"publish","type":"post","link":"https:\/\/traditia.md\/ro\/6-octombrie-zamislirea-sfantului-proroc-ioan-botezatorul\/","title":{"rendered":"6 octombrie: Z\u0103mislirea Sf\u00e2ntului Proroc Ioan Botez\u0103torul"},"content":{"rendered":"<p><strong><em>Z\u0103mislirea Sf\u00e2ntului Proroc Ioan Botez\u0103torul s-a petrecut cu \u0219ase luni \u00eenainte de \u00centruparea Domnului Hristos, Fiul lui Dumnezeu.<\/em><\/strong><\/p>\n<p>Z\u0103mislirea Sf\u00e2ntului Proroc Ioan Botez\u0103torul a fost binevestit\u0103 de c\u0103tre Sf\u00e2ntul Arhanghel Gavriil lui Zaharia, so\u021bul Elisabetei, \u00een timp ce se afla la templu \u0219i slujea.<\/p>\n<p>Multe mame z\u0103mislesc fii, dar pu\u021bine sunt acelea pe a c\u0103ror z\u0103mislire ar m\u0103ri-o \u0219i ar pr\u0103znui Biserica lui Dumnezeu. Numai trei mame au fost de ale c\u0103ror z\u0103misliri \u00een p\u00e2ntece s-a minunat lumea; acestea au fost Sf\u00e2nta \u0219i dreapta Ana, Sf\u00e2nta Elisabeta \u0219i Prea Sf\u00e2nt\u0103, Preacurata Fecioar\u0103 Maria. Dreapta Ana a z\u0103mislit pe N\u0103sc\u0103toarea de Dumnezeu; Elisabeta, pe Merg\u0103torul \u00eenainte; iar Fecioara Maria, pe Hristos, M\u00e2ntuitorul nostru.<\/p>\n<p>Sfan\u021bul Nicolae Velimirovici spune: \u201eDac\u0103 dorim s\u0103 \u0219tim cum se pot na\u0219te copii din p\u0103rinti sterpi \u0219i v\u00e2rstnici, s\u0103 nu mergem s\u0103-i \u00eentrebam pe oameni, c\u0103ci nu vor avea ce s\u0103 ne spun\u0103. Faptele despre care se \u00eentreab\u0103 sunt mai presus de \u0219tiin\u021ba natural\u0103. Mai cur\u00e2nd s\u0103 mergem s\u0103 privim la puterea lui Dumnezeu care le-a f\u0103cut pe toate din nimic, care nu a avut nevoie de p\u0103rinti tineri sau v\u00e2rstnici ca s\u0103-l fac\u0103 pe Adam. Dec\u00e2t s\u0103 fim curio\u0219i, mai bine s\u0103 d\u0103m slav\u0103 lui Dumnezeu care ne-a descoperit puterea Sa noua, p\u0103c\u0103to\u0219ilor.\u201d<\/p>\n<p><strong>Z\u0103mislirea Sf\u00e2ntului Ioan Botez\u0103torul \u00een Sf\u00e2nta Scriptur\u0103<\/strong><\/p>\n<p>Nu degeaba Iisus, Fecioara Maria \u0219i Sf\u00e2ntul Ioan Botez\u0103torul sunt al\u0103tura\u021bi pe iconostasele bisericilor. To\u021bi trei au fost vesti\u021bi de Sf\u00e2ntul Arhanghel Gavril, apoi z\u0103misli\u021bi \u0219i n\u0103scu\u021bi prin minuni.<\/p>\n<p>La fel ca Ioachim \u0219i Ana, p\u0103rin\u021bii lui Ioan, Zaharia \u0219i Elisabeta, erau \u00eenainta\u021bi \u00een v\u00e2rst\u0103. Elisabeta se \u0219tia stearp\u0103 \u0219i nu mai spera la odrasla mult dorit\u0103. \u00centr-o zi, pe c\u00e2nd Zaharia slujea la templu, Arhanghelul Gavril i s-a ar\u0103tat. Acesta i-a vestit \u00eendeplinirea rugilor sale \u0219i ale Elisabetei, care avea s\u0103 nasc\u0103 un fiu cu numele Ioan \u0219i menire divin\u0103. Cumplit s-a speriat Zaharia de vedenie \u0219i necrez\u00e2nd-o, a r\u0103mas mut p\u00e2n\u0103 c\u00e2nd Ioan s-a n\u0103scut.<\/p>\n<p>Elisabeta a \u021binut ascuns\u0103 sarcina timp de cinci luni. \u00cen acea vreme, s-a \u00eent\u00e2lnit cu Fecioara Maria, care a f\u0103cut una dintre multele ei minuni. V\u0103it\u00e2ndu-se Mariei, rud\u0103 cu ea, de o boal\u0103 care nu \u00eei d\u0103dea pace, Fecioara a mers \u00een gr\u0103din\u0103 a luat o plant\u0103 oarecare \u0219i i-a dat-o de leac Elisabetei. \u00cen mod miraculos, aceasta s-a vindecat \u0219i, observ\u00e2nd c\u0103 floarea seam\u0103n\u0103 cu o m\u00e2n\u0103, a numit-o M\u00e2na Maicii Domnului.<\/p>\n<p>La \u0219ase luni dup\u0103 na\u0219terea lui Ioan, Fecioara Maria \u00eel na\u0219te pe Hristos.<\/p>\n<p style=\"text-align: right;\"><em>Surs\u0103: <a href=\"https:\/\/pravila.ro\/zamislirea-sfantului-proroc-ioan-botezatorul-23-septembrie\/#:~:text=Z\u0103mislirea%20Sf\u00e2ntului%20Proroc%20Ioan%20Botez\u0103torul%20s-a%20petrecut%20cu%20\u0219ase%20luni,\u00een%20data%20de%2023%20septembrie.\"><strong>Pravila:ro<\/strong><\/a><\/em><\/p>\n","protected":false},"excerpt":{"rendered":"<p>Z\u0103mislirea Sf\u00e2ntului Proroc Ioan Botez\u0103torul s-a petrecut cu \u0219ase luni \u00eenainte de \u00centruparea Domnului Hristos, Fiul lui Dumnezeu. Z\u0103mislirea Sf\u00e2ntului Proroc Ioan&hellip;<\/p>\n","protected":false},"author":3,"featured_media":18734,"comment_status":"open","ping_status":"closed","sticky":false,"template":"","format":"standard","meta":{"_lmt_disableupdate":"","_lmt_disable":"","slim_seo":{"title":"6 octombrie: Z\u0103mislirea Sf\u00e2ntului Proroc Ioan Botez\u0103torul - traditia.md","description":"Z\u0103mislirea Sf\u00e2ntului Proroc Ioan Botez\u0103torul s-a petrecut cu \u0219ase luni \u00eenainte de \u00centruparea Domnului Hristos, Fiul lui Dumnezeu. Z\u0103mislirea Sf\u00e2ntului Proroc Io"},"footnotes":""},"categories":[40,38],"tags":[],"class_list":["post-18736","post","type-post","status-publish","format-standard","has-post-thumbnail","hentry","category-apararea-credintei","category-stiri"],"_links":{"self":[{"href":"https:\/\/traditia.md\/ro\/wp-json\/wp\/v2\/posts\/18736","targetHints":{"allow":["GET"]}}],"collection":[{"href":"https:\/\/traditia.md\/ro\/wp-json\/wp\/v2\/posts"}],"about":[{"href":"https:\/\/traditia.md\/ro\/wp-json\/wp\/v2\/types\/post"}],"author":[{"embeddable":true,"href":"https:\/\/traditia.md\/ro\/wp-json\/wp\/v2\/users\/3"}],"replies":[{"embeddable":true,"href":"https:\/\/traditia.md\/ro\/wp-json\/wp\/v2\/comments?post=18736"}],"version-history":[{"count":0,"href":"https:\/\/traditia.md\/ro\/wp-json\/wp\/v2\/posts\/18736\/revisions"}],"wp:featuredmedia":[{"embeddable":true,"href":"https:\/\/traditia.md\/ro\/wp-json\/wp\/v2\/media\/18734"}],"wp:attachment":[{"href":"https:\/\/traditia.md\/ro\/wp-json\/wp\/v2\/media?parent=18736"}],"wp:term":[{"taxonomy":"category","embeddable":true,"href":"https:\/\/traditia.md\/ro\/wp-json\/wp\/v2\/categories?post=18736"},{"taxonomy":"post_tag","embeddable":true,"href":"https:\/\/traditia.md\/ro\/wp-json\/wp\/v2\/tags?post=18736"}],"curies":[{"name":"wp","href":"https:\/\/api.w.org\/{rel}","templated":true}]}}