{"id":18554,"date":"2023-09-30T09:48:25","date_gmt":"2023-09-30T06:48:25","guid":{"rendered":"https:\/\/traditia.md\/?p=18554"},"modified":"2023-09-30T09:49:47","modified_gmt":"2023-09-30T06:49:47","slug":"30-septembrie-sfintele-mucenite-vera-nadejda-liubov-si-maica-lor-sofia","status":"publish","type":"post","link":"https:\/\/traditia.md\/ro\/30-septembrie-sfintele-mucenite-vera-nadejda-liubov-si-maica-lor-sofia\/","title":{"rendered":"30 septembrie: sfintele muceni\u0163e Vera, Nadejda, Liubov \u015fi maica lor, Sofia"},"content":{"rendered":"<p><strong><em>Troparul sfintelor muceni\u021be, glasul al 4-lea: Mielu\u015fele cuv\u00e2nt\u0103toare, prin mucenicie v-a\u0163i adus Mielului \u015fi P\u0103storului, s\u0103v\u00e2r\u015find c\u0103l\u0103toria cea c\u0103tre Hristos \u015fi credin\u0163a p\u0103zind-o. Pentru aceea, cu suflet vesel ast\u0103zi s\u0103v\u00e2r\u015find pomenirea voastr\u0103 cea sf\u00e2nt\u0103, minunatelor, pe Hristos \u00cel sl\u0103vim.<\/em><\/strong><\/p>\n<p><strong>Vezi \u0219i:<\/strong> <a href=\"https:\/\/traditia.md\/ro\/sfintele-mucenite-vera-nadejda-liubovi-si-mama-lor-sofia-modele-de-vietuire-crestina-si-de-sfanta-educatie\/\"><strong>Sfintele Muceni\u021be Vera, Nadejda, Liubovi \u0219i mama lor Sofia \u2013 modele de vie\u021buire cre\u0219tin\u0103 \u0219i de sf\u00e2nt\u0103 educa\u021bie<\/strong><\/a><\/p>\n","protected":false},"excerpt":{"rendered":"<p>Troparul sfintelor muceni\u021be, glasul al 4-lea: Mielu\u015fele cuv\u00e2nt\u0103toare, prin mucenicie v-a\u0163i adus Mielului \u015fi P\u0103storului, s\u0103v\u00e2r\u015find c\u0103l\u0103toria cea c\u0103tre Hristos \u015fi credin\u0163a&hellip;<\/p>\n","protected":false},"author":3,"featured_media":18552,"comment_status":"open","ping_status":"closed","sticky":false,"template":"","format":"standard","meta":{"_lmt_disableupdate":"","_lmt_disable":"","slim_seo":{"title":"30 septembrie: sfintele muceni\u0163e Vera, Nadejda, Liubov \u015fi maica lor, Sofia - traditia.md","description":"Troparul sfintelor muceni\u021be, glasul al 4-lea: Mielu\u015fele cuv\u00e2nt\u0103toare, prin mucenicie v-a\u0163i adus Mielului \u015fi P\u0103storului, s\u0103v\u00e2r\u015find c\u0103l\u0103toria cea c\u0103tre Hristos \u015fi"},"footnotes":""},"categories":[40,38],"tags":[],"class_list":["post-18554","post","type-post","status-publish","format-standard","has-post-thumbnail","hentry","category-apararea-credintei","category-stiri"],"_links":{"self":[{"href":"https:\/\/traditia.md\/ro\/wp-json\/wp\/v2\/posts\/18554","targetHints":{"allow":["GET"]}}],"collection":[{"href":"https:\/\/traditia.md\/ro\/wp-json\/wp\/v2\/posts"}],"about":[{"href":"https:\/\/traditia.md\/ro\/wp-json\/wp\/v2\/types\/post"}],"author":[{"embeddable":true,"href":"https:\/\/traditia.md\/ro\/wp-json\/wp\/v2\/users\/3"}],"replies":[{"embeddable":true,"href":"https:\/\/traditia.md\/ro\/wp-json\/wp\/v2\/comments?post=18554"}],"version-history":[{"count":0,"href":"https:\/\/traditia.md\/ro\/wp-json\/wp\/v2\/posts\/18554\/revisions"}],"wp:featuredmedia":[{"embeddable":true,"href":"https:\/\/traditia.md\/ro\/wp-json\/wp\/v2\/media\/18552"}],"wp:attachment":[{"href":"https:\/\/traditia.md\/ro\/wp-json\/wp\/v2\/media?parent=18554"}],"wp:term":[{"taxonomy":"category","embeddable":true,"href":"https:\/\/traditia.md\/ro\/wp-json\/wp\/v2\/categories?post=18554"},{"taxonomy":"post_tag","embeddable":true,"href":"https:\/\/traditia.md\/ro\/wp-json\/wp\/v2\/tags?post=18554"}],"curies":[{"name":"wp","href":"https:\/\/api.w.org\/{rel}","templated":true}]}}