{"id":18547,"date":"2023-09-30T09:21:54","date_gmt":"2023-09-30T06:21:54","guid":{"rendered":"https:\/\/traditia.md\/?p=18547"},"modified":"2023-09-30T09:24:58","modified_gmt":"2023-09-30T06:24:58","slug":"intaistatatorul-bisericii-ortodoxe-din-moldova-a-efectuat-o-vizita-arhipastorala-in-transnistria","status":"publish","type":"post","link":"https:\/\/traditia.md\/ro\/intaistatatorul-bisericii-ortodoxe-din-moldova-a-efectuat-o-vizita-arhipastorala-in-transnistria\/","title":{"rendered":"\u00cent\u00e2ist\u0103t\u0103torul Bisericii Ortodoxe din Moldova a efectuat o vizit\u0103 arhipastoral\u0103 \u00een Transnistria"},"content":{"rendered":"<p><strong><em>La 28 septembrie, \u00een ajunul celebr\u0103rii a 25 de ani de existen\u021b\u0103 a Episcopiei de Tiraspol \u0219i Dub\u0103sari, \u00cent\u00e2ist\u0103t\u0103torul Bisericii Ortodoxe din Moldova a efectuat o vizit\u0103 arhipastoral\u0103 \u00een Transnistria.<\/em><\/strong><\/p>\n<p>Vizita a \u00eenceput cu o \u00eent\u00e2lnire la por\u021bile Catedralei \u201eSf\u00e2ntul Arhanghel Mihail\u201d din ora\u0219ul R\u00eebni\u021ba, unde mitropolitul Chi\u0219in\u0103ului \u0219i al \u00eentregii Moldove Vladimir a fost \u00eent\u00e2mpinat de membri administra\u021biei biserice\u0219ti \u0219i civile, precum \u0219i de clerul din R\u00eebni\u021ba.<\/p>\n<p>\u00cen timpul vizitei, mitropolitul Vladimir \u0219i \u00eenso\u021bitorii s\u0103i au vizitat Fabrica de Metalurgie din R\u00eebni\u021ba, unde au fost \u00eent\u00e2mpina\u021bi de directorul general al fabricii, Serghei Valentinovici Kornev. Oaspe\u021bii au f\u0103cut o excursie pe teritoriul fabricii, au vizitat muzeul local \u0219i s-au familiarizat cu procesele de produc\u021bie metalurgic\u0103.<\/p>\n<p>Delega\u021bia bisericeasc\u0103 a avut, de asemenea, ocazia s\u0103 vad\u0103 cum pl\u0103cile de o\u021bel se transform\u0103 \u00een \u021bevi armate cu ajutorul preseurilor uria\u0219e \u0219i au aflat despre condi\u021biile de munc\u0103 \u0219i organizarea produc\u021biei la fabric\u0103.<\/p>\n<p>Aceast\u0103 vizit\u0103 a f\u0103cut parte din protocolul oficial pentru s\u0103rb\u0103torirea celor 25 de ani de existen\u021b\u0103 ai Episcopiei de Tiraspol \u0219i Dub\u0103sari.<\/p>\n<p style=\"text-align: right;\"><em>Sectorul Sinodal Comunicare Institu\u021bional\u0103 \u0219i Rela\u021bii cu Mass-media cu referire la https:\/\/diocese-tiras.org\/<\/em><\/p>\n<p style=\"text-align: right;\"><em>Sursa: <a href=\"https:\/\/mitropolia.md\/intaistatatorul-bisericii-ortodoxe-din-moldova-a-efectuat-o-vizita-arhipastorala-in-transnistria\/\"><strong>Mitropolia Chi\u0219in\u0103ului \u0219i a \u00eentregii Moldove<\/strong><\/a><\/em><\/p>\n<p style=\"text-align: center;\"><img fetchpriority=\"high\" decoding=\"async\" class=\"alignnone size-full wp-image-18519\" src=\"https:\/\/traditia.md\/wp-content\/uploads\/2023\/09\/1-6.jpg\" alt=\"1\" width=\"225\" height=\"300\" \/><img decoding=\"async\" class=\"alignnone size-full wp-image-18523\" src=\"https:\/\/traditia.md\/wp-content\/uploads\/2023\/09\/3-5.jpg\" alt=\"3\" width=\"225\" height=\"300\" \/> <img decoding=\"async\" class=\"alignnone size-full wp-image-18521\" src=\"https:\/\/traditia.md\/wp-content\/uploads\/2023\/09\/2-7.jpg\" alt=\"2\" width=\"225\" height=\"300\" \/><img loading=\"lazy\" decoding=\"async\" class=\"alignnone size-full wp-image-18525\" src=\"https:\/\/traditia.md\/wp-content\/uploads\/2023\/09\/4-3.jpg\" alt=\"4\" width=\"225\" height=\"300\" \/> <img loading=\"lazy\" decoding=\"async\" class=\"alignnone size-full wp-image-18527\" src=\"https:\/\/traditia.md\/wp-content\/uploads\/2023\/09\/5-1.jpg\" alt=\"5\" width=\"225\" height=\"300\" \/><img loading=\"lazy\" decoding=\"async\" class=\"alignnone size-full wp-image-18529\" src=\"https:\/\/traditia.md\/wp-content\/uploads\/2023\/09\/6-1.jpg\" alt=\"6\" width=\"225\" height=\"300\" \/><img loading=\"lazy\" decoding=\"async\" class=\"alignnone size-full wp-image-18531\" src=\"https:\/\/traditia.md\/wp-content\/uploads\/2023\/09\/7-1.jpg\" alt=\"7\" width=\"225\" height=\"300\" \/> <img loading=\"lazy\" decoding=\"async\" class=\"alignnone size-full wp-image-18533\" src=\"https:\/\/traditia.md\/wp-content\/uploads\/2023\/09\/8-1.jpg\" alt=\"8\" width=\"225\" height=\"300\" \/><img loading=\"lazy\" decoding=\"async\" class=\"alignnone size-full wp-image-18535\" src=\"https:\/\/traditia.md\/wp-content\/uploads\/2023\/09\/9-1.jpg\" alt=\"9\" width=\"225\" height=\"300\" \/><img loading=\"lazy\" decoding=\"async\" class=\"alignnone size-full wp-image-18537\" src=\"https:\/\/traditia.md\/wp-content\/uploads\/2023\/09\/10-1.jpg\" alt=\"10\" width=\"225\" height=\"300\" \/> <img loading=\"lazy\" decoding=\"async\" class=\"alignnone size-full wp-image-18539\" src=\"https:\/\/traditia.md\/wp-content\/uploads\/2023\/09\/11-1.jpg\" alt=\"11\" width=\"225\" height=\"300\" \/><img loading=\"lazy\" decoding=\"async\" class=\"alignnone size-full wp-image-18541\" src=\"https:\/\/traditia.md\/wp-content\/uploads\/2023\/09\/12-1.jpg\" alt=\"12\" width=\"225\" height=\"300\" \/><img loading=\"lazy\" decoding=\"async\" class=\"alignnone size-full wp-image-18543\" src=\"https:\/\/traditia.md\/wp-content\/uploads\/2023\/09\/13-1.jpg\" alt=\"13\" width=\"225\" height=\"300\" \/><\/p>\n","protected":false},"excerpt":{"rendered":"<p>La 28 septembrie, \u00een ajunul celebr\u0103rii a 25 de ani de existen\u021b\u0103 a Episcopiei de Tiraspol \u0219i Dub\u0103sari, \u00cent\u00e2ist\u0103t\u0103torul Bisericii Ortodoxe din&hellip;<\/p>\n","protected":false},"author":3,"featured_media":18545,"comment_status":"open","ping_status":"closed","sticky":false,"template":"","format":"standard","meta":{"_lmt_disableupdate":"","_lmt_disable":"","slim_seo":{"title":"\u00cent\u00e2ist\u0103t\u0103torul Bisericii Ortodoxe din Moldova a efectuat o vizit\u0103 arhipastoral\u0103 \u00een Transnistria - traditia.md","description":"La 28 septembrie, \u00een ajunul celebr\u0103rii a 25 de ani de existen\u021b\u0103 a Episcopiei de Tiraspol \u0219i Dub\u0103sari, \u00cent\u00e2ist\u0103t\u0103torul Bisericii Ortodoxe din Moldova a efectuat"},"footnotes":""},"categories":[39,38],"tags":[],"class_list":["post-18547","post","type-post","status-publish","format-standard","has-post-thumbnail","hentry","category-biserica-si-societatea","category-stiri"],"_links":{"self":[{"href":"https:\/\/traditia.md\/ro\/wp-json\/wp\/v2\/posts\/18547","targetHints":{"allow":["GET"]}}],"collection":[{"href":"https:\/\/traditia.md\/ro\/wp-json\/wp\/v2\/posts"}],"about":[{"href":"https:\/\/traditia.md\/ro\/wp-json\/wp\/v2\/types\/post"}],"author":[{"embeddable":true,"href":"https:\/\/traditia.md\/ro\/wp-json\/wp\/v2\/users\/3"}],"replies":[{"embeddable":true,"href":"https:\/\/traditia.md\/ro\/wp-json\/wp\/v2\/comments?post=18547"}],"version-history":[{"count":0,"href":"https:\/\/traditia.md\/ro\/wp-json\/wp\/v2\/posts\/18547\/revisions"}],"wp:featuredmedia":[{"embeddable":true,"href":"https:\/\/traditia.md\/ro\/wp-json\/wp\/v2\/media\/18545"}],"wp:attachment":[{"href":"https:\/\/traditia.md\/ro\/wp-json\/wp\/v2\/media?parent=18547"}],"wp:term":[{"taxonomy":"category","embeddable":true,"href":"https:\/\/traditia.md\/ro\/wp-json\/wp\/v2\/categories?post=18547"},{"taxonomy":"post_tag","embeddable":true,"href":"https:\/\/traditia.md\/ro\/wp-json\/wp\/v2\/tags?post=18547"}],"curies":[{"name":"wp","href":"https:\/\/api.w.org\/{rel}","templated":true}]}}