{"id":18195,"date":"2023-09-22T10:51:47","date_gmt":"2023-09-22T07:51:47","guid":{"rendered":"https:\/\/traditia.md\/?p=18195"},"modified":"2023-09-22T10:52:57","modified_gmt":"2023-09-22T07:52:57","slug":"22-septembrie-sfintii-si-dreptii-ioachim-si-ana-parintii-preasfintei-nascatoare-de-dumnezeu","status":"publish","type":"post","link":"https:\/\/traditia.md\/ro\/22-septembrie-sfintii-si-dreptii-ioachim-si-ana-parintii-preasfintei-nascatoare-de-dumnezeu\/","title":{"rendered":"22 septembrie: Sfin\u021bii \u0219i Drep\u021bii Ioachim \u015fi Ana, p\u0103rin\u021bii Preasfintei N\u0103sc\u0103toare de Dumnezeu"},"content":{"rendered":"<p><strong>Preafericitul mitropolit al Kievului \u0219i al \u00eentregii Ucraine Onufrii despre importan\u021ba rug\u0103ciunii r\u0103bd\u0103toare<\/strong><\/p>\n<p>\u00cent\u00e2ist\u0103t\u0103torul Bisericii Ortodoxe din Ucraina le-a povestit credincio\u0219ilor despre nevoin\u021ba rug\u0103toare a p\u0103rin\u021bilor Preasfintei Fecioare Maria \u2013 drep\u021bii Ioachim \u0219i Ana \u2013 care p\u00e2n\u0103 la b\u0103tr\u00e2ne\u021be, cu r\u0103bdare \u0219i smerenie, l-au rugat pe Dumnezeu s\u0103 le d\u0103ruiasc\u0103 un prunc.<\/p>\n<p>\u201eRug\u0103ciunea pentru care Ioachim \u0219i Ana au primit de la Dumnezeu pe Preacurata Fecioar\u0103 Maria a durat aproape 50 de ani, a durat cu r\u0103bdare, cu speran\u021b\u0103. Au devenit deja oameni \u00een etate \u0219i, desigur, exist\u0103 legi ale naturii, exist\u0103 o anumit\u0103 v\u00e2rst\u0103 c\u00e2nd oamenii nu mai pot da na\u0219tere copiilor. Dar ei nu luau \u00een seam\u0103 nimic din toate acestea, se rugau lui Dumnezeu \u0219i Dumnezeu le-a auzit rug\u0103ciunea.\u201d<\/p>\n<p>Mitropolitul Onufrii a men\u021bionat c\u0103 \u201edin aceast\u0103 fil\u0103 a sfintei istorii noi \u00eenv\u0103\u021b\u0103m cum trebuie s\u0103 ne rug\u0103m\u201d.<\/p>\n<p>\u201eNoi ne rug\u0103m, \u00eei cerem lui Dumnezeu un anumit lucru \u0219i uneori Dumnezeu ni-l d\u0103 imediat, alteori dup\u0103 o anumit\u0103 perioad\u0103, iar uneori noi, neav\u00e2nd r\u0103bdarea de a mai a\u0219tepta, pur \u0219i simplu renun\u021b\u0103m la rug\u0103ciune. Rug\u0103ciunea, dac\u0103 \u00cei cerem lui Dumnezeu ceea ce ne este de folos pentru m\u00e2ntuire \u0219i nu spre pieire, este \u00eentotdeauna \u00eemplinit\u0103 de Dumnezeu. \u00cens\u0103 cu c\u00e2t este mai de pre\u021b darul pe care \u00eel cerem de la Dumnezeu, cu at\u00e2t rug\u0103ciunea trebuie s\u0103 fie mai r\u0103bd\u0103toare\u201d, a explicat \u00cent\u00e2ist\u0103t\u0103torul.<\/p>\n<p>Potrivit cuvintelor sale, \u201erug\u0103ciunea este aur duhovnicesc; ast\u0103zi persoan\u0103 poate s\u0103 nu aib\u0103 la ea nimic pre\u021bios, dar se va ruga \u0219i m\u00e2ine ea poate primi foarte multe.\u201d<\/p>\n<p>\u201eDomnul s\u0103 ne ajute, s\u0103 ne dea curaj, ca s\u0103 s\u0103v\u00e2r\u0219im cu r\u0103bdare \u0219i smerenie rug\u0103ciunile pe care le aducem lui Dumnezeu. Acestea sunt cele dou\u0103 virtu\u021bi care ne fac rug\u0103ciunea puternic\u0103. Cu c\u00e2t o persoan\u0103 se smere\u0219te mai mult \u00een fa\u021ba lui Dumnezeu, cu at\u00e2t rug\u0103ciunea ei este mai puternic\u0103 \u0219i cu c\u00e2t omul se roag\u0103 mai r\u0103bd\u0103tor, cu at\u00e2t mai mare este darul pe care \u00eel poate solicita de la Dumnezeu\u201d, a remarcat Preafericirea Sa.<\/p>\n<p>El \u0219i-a dorit ca prin rug\u0103ciunile credincio\u0219ilor \u201eDumnezeu s\u0103 trimit\u0103 pace \u00een p\u0103m\u00e2ntul nostru, ca Domnul s\u0103 trimit\u0103 pace oric\u0103rui suflet omenesc, s\u0103 ne d\u0103ruiasc\u0103 ceea ce este necesar pentru via\u021ba p\u0103m\u00e2nteasc\u0103 (nu bog\u0103\u021bii enorme, ci p\u00e2inea cea de toate zilele, de care avem nevoie zilnic), iar principalul \u2013 c\u0103 Domnul ne d\u0103ruiasc\u0103 m\u00e2ntuirea ve\u0219nic\u0103 \u00een Ceruri\u201d.<\/p>\n<p style=\"text-align: right;\"><em>Sursa: <a href=\"https:\/\/spzh.news\/ru\/news\/76055-blazhennejshij-mitropolit-onufrij-rasskazal-o-vazhnosti-terpelivoj-molitvy\"><strong>Uniunea Jurnali\u0219tilor Ortodoc\u0219i<\/strong><\/a><\/em><\/p>\n","protected":false},"excerpt":{"rendered":"<p>Preafericitul mitropolit al Kievului \u0219i al \u00eentregii Ucraine Onufrii despre importan\u021ba rug\u0103ciunii r\u0103bd\u0103toare \u00cent\u00e2ist\u0103t\u0103torul Bisericii Ortodoxe din Ucraina le-a povestit credincio\u0219ilor despre&hellip;<\/p>\n","protected":false},"author":3,"featured_media":18193,"comment_status":"open","ping_status":"closed","sticky":false,"template":"","format":"standard","meta":{"_lmt_disableupdate":"","_lmt_disable":"","slim_seo":{"title":"22 septembrie: Sfin\u021bii \u0219i Drep\u021bii Ioachim \u015fi Ana, p\u0103rin\u021bii Preasfintei N\u0103sc\u0103toare de Dumnezeu - traditia.md","description":"Preafericitul mitropolit al Kievului \u0219i al \u00eentregii Ucraine Onufrii despre importan\u021ba rug\u0103ciunii r\u0103bd\u0103toare \u00cent\u00e2ist\u0103t\u0103torul Bisericii Ortodoxe din Ucraina le-a"},"footnotes":""},"categories":[40,38],"tags":[],"class_list":["post-18195","post","type-post","status-publish","format-standard","has-post-thumbnail","hentry","category-apararea-credintei","category-stiri"],"_links":{"self":[{"href":"https:\/\/traditia.md\/ro\/wp-json\/wp\/v2\/posts\/18195","targetHints":{"allow":["GET"]}}],"collection":[{"href":"https:\/\/traditia.md\/ro\/wp-json\/wp\/v2\/posts"}],"about":[{"href":"https:\/\/traditia.md\/ro\/wp-json\/wp\/v2\/types\/post"}],"author":[{"embeddable":true,"href":"https:\/\/traditia.md\/ro\/wp-json\/wp\/v2\/users\/3"}],"replies":[{"embeddable":true,"href":"https:\/\/traditia.md\/ro\/wp-json\/wp\/v2\/comments?post=18195"}],"version-history":[{"count":0,"href":"https:\/\/traditia.md\/ro\/wp-json\/wp\/v2\/posts\/18195\/revisions"}],"wp:featuredmedia":[{"embeddable":true,"href":"https:\/\/traditia.md\/ro\/wp-json\/wp\/v2\/media\/18193"}],"wp:attachment":[{"href":"https:\/\/traditia.md\/ro\/wp-json\/wp\/v2\/media?parent=18195"}],"wp:term":[{"taxonomy":"category","embeddable":true,"href":"https:\/\/traditia.md\/ro\/wp-json\/wp\/v2\/categories?post=18195"},{"taxonomy":"post_tag","embeddable":true,"href":"https:\/\/traditia.md\/ro\/wp-json\/wp\/v2\/tags?post=18195"}],"curies":[{"name":"wp","href":"https:\/\/api.w.org\/{rel}","templated":true}]}}