{"id":18145,"date":"2023-08-31T15:37:20","date_gmt":"2023-08-31T12:37:20","guid":{"rendered":"https:\/\/traditia.md\/?p=18145"},"modified":"2023-09-18T15:25:04","modified_gmt":"2023-09-18T12:25:04","slug":"va-merge-oare-patriarhia-romana-pe-calea-recunoasterii-schismaticilor-ucraineni-in-schimbul-recunoasterii-de-catre-fanarioti-a-mitropoliei-basarabiei","status":"publish","type":"post","link":"https:\/\/traditia.md\/ro\/va-merge-oare-patriarhia-romana-pe-calea-recunoasterii-schismaticilor-ucraineni-in-schimbul-recunoasterii-de-catre-fanarioti-a-mitropoliei-basarabiei\/","title":{"rendered":"Va merge oare Patriarhia Rom\u00e2n\u0103 pe calea recunoa\u0219terii schismaticilor ucraineni \u00een schimbul recunoa\u0219terii de c\u0103tre fanario\u021bi a \u00abMitropoliei Basarabiei\u00bb?"},"content":{"rendered":"<p><strong><em>\u00cemi puneam aceast\u0103 \u00eentrebare dup\u0103 ce am citit pe un portal ortodox ucrainean acest articol:<\/em><\/strong><em><a href=\"https:\/\/spzh.news\/ru\/zashhita-very\/75452-fanar-i-rumynskaja-tserkov-priznanie-ptsu-v-obmen-na-moldovu\"> <strong>\u00abFanarul \u0219i Biserica Rom\u00e2n\u0103: recunoa\u0219terea \u201eBisericii Ortodoxe Ucrainene\u201d \u00een schimbul Moldovei?\u00bb<\/strong><\/a>,<\/em><em> <strong>\u00een care se analizeaz\u0103 recenta activizare a contactelor dintre ierarhii Bisericii Ortodoxe a Constantinopolului \u0219i cei ai Bisericii Ortodoxe Rom\u00e2ne.<\/strong><\/em><\/p>\n<p>Acum c\u00e2\u021biva ani o asemenea formulare a \u00eentreb\u0103rii ar fi fost imposibil\u0103. Chiar lu\u00e2nd \u00een seam\u0103 faptul c\u0103 \u00eentre anumite Biserici locale existau \u0219i continue s\u0103 existe ne\u00een\u021belegeri pe seama unor chestiuni ce nu \u021bin de aspectul doctrinar, tot timpul se \u00eencerca \u2013 dac\u0103 nu era cu putin\u021b\u0103 de a solu\u021biona ne\u00een\u021belegerea (din cauza imposibilit\u0103\u021bii de a ajunge la un compromis) \u2013 cel pu\u021bin de a nu o \u00eente\u021bi.<\/p>\n<p>De exemplu, interven\u021bia \u00een anul 1992 a Patriarhiei Rom\u00e2ne pe teritoriul Republicii Moldova care se afl\u0103 \u00een jurisdic\u021bia canonic\u0103 a Patriarhiei Moscovei \u0219i \u201ereactivarea\u201d de c\u0103tre rom\u00e2ni, folosind membrii unui grup de preo\u021bi ai Bisericii Ortodoxe din Moldova aluneca\u021bi \u00een schism\u0103, a structurii \u201ebiserice\u0219ti\u201d paralele numit\u0103 \u201eMitropolia Basarabiei\u201d (\u00een continuare MB), de\u0219i a iscat o situa\u021bie de conflict, totu\u0219i nu a adus la \u00eencetarea comunic\u0103rii dintre Biserica Rus\u0103 \u0219i Biserica Rom\u00e2n\u0103. Un timp chiar p\u0103rea c\u0103 s-a reu\u0219it \u00ab\u00eenghe\u021barea\u00bb conflictului.\u00a0<\/p>\n<p>Drept pretexte pentru optimism au servit, printre altele, at\u00e2t vizita, din octombrie 2017, a Sanctit\u0103\u021bii Sale Patriarhul Moscovei \u0219i al \u00eentregii Rusii Chiril la Bucure\u0219ti pentru participarea la ceremoniile biserice\u0219ti dedicate memoriei mucenicilor \u0219i m\u0103rturisitorilor care au suferit \u00een timpul regimului anticre\u0219tin din Rom\u00e2nia, c\u00e2t \u0219i vizita de r\u0103spuns, din luna decembrie a aceluia\u0219i an, a \u00cent\u00e2ist\u0103t\u0103torului Bisericii Ortodoxe Rom\u00e2ne Preafericitului Patriarh Daniel la Moscova cu ocazia s\u0103rb\u0103toririi centenarului de la restabilirea Patriarhatului \u00een Biserica Rus\u0103.<\/p>\n<p>\u00cens\u0103 pe vremea ceea, \u00een anul 2017, chiar \u0219i Patriarhul Constantinopolului Bartolomeu \u00eenc\u0103 recuno\u0219tea Biserica Ortodox\u0103 din Ucraina a Patriarhiei Moscovei drept unica structur\u0103 bisericeasc\u0103 canonic\u0103 din \u021bara vecin\u0103. Bomba ce a aruncat \u00een aer firava unitate a ortodoxiei mondiale Bartolomeu o va pune \u00een func\u021biune doar peste un an, la \u00eenceputul lunii ianuarie 2019, c\u00e2nd va semna tomosul cu privire la a\u0219a-numita autocefalie a \u00abBisericii Ortodoxe Ucrainene\u00bb (BOU) \u2013 organiza\u021bie format\u0103 din c\u00e2teva grup\u0103ri de schismatici ucraineni \u00een frunte cu un oarecare Serghei Dumenko (\u00abmitropolitul\u00bb Epifanii), persoan\u0103 care nici m\u0103car nu a fost hirotonit\u0103 \u00een mod canonic.<\/p>\n<p>Prin semnarea acestui document patriarhul Bartolomeu a pus \u00eenceputul celei mai acute crize din ortodoxia contemporan\u0103, al c\u0103rei deznod\u0103m\u00e2nt nu doar nu se vede, dar care continue s\u0103 se aprofundeze.<\/p>\n<p>Dar s\u0103 revenim la articolul men\u021bionat. Autorul s\u0103u, Constantin \u0218emliuk, atrage aten\u021bia la faptul c\u0103, la 1 august 2023, reprezentantul Patriarhiei Constantinopolului mitropolitul Athenagoras al Belgiei a sosit \u00een ora\u0219ul rom\u00e2nesc T\u00e2rgovi\u0219te ca s\u0103-l felicite pe mitropolitul local, \u00cenaltpreasfin\u021bitul Nifon, cu ocazia zilei ocrotitorului s\u0103u ceresc. \u00cen timpul liturghiei reprezentantul Fanarului a declarat despre consolidarea rela\u021biilor dintre Bisericele Constantinopolului \u0219i Rom\u00e2n\u0103. \u0218emliuk este de p\u0103rerea c\u0103 deloc \u00eent\u00e2mpl\u0103tor anume persoana mitropolitului Nifon a fost aleas\u0103 \u00een calitate de intermediar dintre Biserica Rom\u00e2n\u0103 \u0219i Fanar.<\/p>\n<p>Vorba e \u00een aceea c\u0103 \u00een luna mai a anului 2019 o delega\u021bie a diploma\u021bilor SUA s-a \u00eent\u00e2lnit cu Patriarhul Daniel al Rom\u00e2niei pentru a discuta problemele privind \u00abextinderea cooper\u0103rii \u00een sfera religioas\u0103\u00bb. Sub \u00abextindere\u00bb s-a avut \u00een vedere promovarea recunoa\u0219terii schismaticilor din BOU. Atunci, \u00eendat\u0103 dup\u0103 Patriarh, americanii s-au \u00eent\u00e2lnit anume cu mitropolitul Nifon al T\u00e2rgovi\u0219tei.<\/p>\n<p>Mai t\u00e2rziu, la 22 octombrie 2021, la liturghia praznical\u0103 din biserica \u201eSf\u00e2ntului Gheorghe\u201d din Fanar s\u0103v\u00e2r\u0219it\u0103 cu prilejul celor 30 de ani de slujire patriarhal\u0103 a lui Bartolomeu, \u00een calitate de oaspete a fost prezent \u0219i mitropolitul Nifon. Vecinul s\u0103u de stasidie (scaun de lemn din bisericile grece\u0219ti) a fost \u00abepiscopul\u00bb BOU Nestor P\u00e2s\u00e2k. To\u021bi ceilal\u021bi ierarhi reprezentau Biserici grecolingve.<\/p>\n<p>\u00cen consecin\u021b\u0103, din cele relatate mai sus Constantin \u0218emliuk conchide c\u0103 este pu\u021bin probabil ca vizita ierarhului fanariot s\u0103 fie doar un omagiu adus mitropolitului Nifon. Se poate admite c\u0103 aceast\u0103 vizit\u0103 a fost folosit\u0103 \u0219i pentru a pune \u00een discu\u021bie problema recunoa\u0219terii schismaticilor din BOU de c\u0103tre Biserica Rom\u00e2n\u0103. Iar pre\u021bul acestei recunoa\u0219teri, dup\u0103 p\u0103rerea autorului, va fi ajutorul pe care Fanarul \u0219i nu numai el \u00eel va acorda \u00een procesul de \u201etransferare\u201d a preo\u021bilor Bisericii Ortodoxe din Moldova \u00een componen\u021ba MB.<\/p>\n<p>A\u0219adar, fanario\u021bii continu\u0103 s\u0103 lucreze constant \u0219i activ \u00eentru promovarea BOU. Anterior ei deja purtau trative \u00een privin\u021ba structurii lui Dumenko cu bulgarii \u0219i macedonenii, acum i-au implicat \u00een \u00abprocesul de negocieri\u00bb \u0219i pe rom\u00e2ni. Iar \u00een spatele acestui activism st\u0103 puterea financiar\u0103 \u0219i diplomatic\u0103 a SUA, care realmente au declarat r\u0103zboi Bisericii Ortodoxe Ruse.<\/p>\n<p>Va putea oare s\u0103 reziste acestei puteri patriarhul Daniel \u0219i ierarhii Bisericii Rom\u00e2ne?<\/p>\n<p>Dup\u0103 informa\u021biile pe care le de\u021binem, putem afirma c\u0103 rom\u00e2nii, av\u00e2nd interesul s\u0103-\u0219i l\u0103rgeasc\u0103 expansiunea bisericeasc\u0103 \u00een Moldova, ar dori totu\u0219i s\u0103 evite scenariul ucrainean \u2013 ac\u0103p\u0103rarea for\u021bat\u0103 a bisericilor, agresarea preo\u021bilor \u0219i a credincio\u0219ilor, \u00een general oricare masuri represive. Metoda preferat\u0103 de Rom\u00e2nia va fi, ca \u0219i mai \u00eenainte, s\u0103 ac\u021bioneze pe calea \u00abalegerii libere\u00bb a preo\u021bilor moldoveni c\u0103rei din cele \u201edou\u0103 mitropolii\u201d \u2013 a Chi\u0219in\u0103ului \u0219i a \u00eentregii Moldove sau MB \u2013 s\u0103 apar\u021bin\u0103.<\/p>\n<p>C\u0103 se va ac\u021biona prin mituire, dezinformare \u0219i ponegrire a patriarhului Chiril \u0219i a mitropolitului nostru Vladimir, c\u0103 adev\u0103rata alegere a preo\u021bilor moldoveni va consta, ca \u0219i p\u00e2n\u0103 \u00een prezent, \u00eentre a p\u0103stra fidelitate jur\u0103m\u00e2ntului preo\u021besc depus la hirotonie sau a \u00eenc\u0103lca acest jur\u0103m\u00e2nt \u0219i, respectiv, a-\u0219i tr\u0103da Biserica \u2013 toate astea sunt trecute sub t\u0103cere.<\/p>\n<p>Fire\u0219te, interesul Patriarhiei Rom\u00e2ne ar fi ca Fanarul (c\u0103ruia \u00eei place s\u0103-\u0219i zic\u0103 Biseric\u0103 Ecumenic\u0103), iar dup\u0103 el, posibil, \u0219i alte Biserici grecolingve s\u0103 recunoasc\u0103 MB. Canonicitate acestei structuri pseudo-biserice\u0219ti o asemenea recunoa\u0219tere nu \u00eei v\u0103 ad\u0103uga, dar \u00een ochii p\u0103r\u021bii nebiserice\u0219ti a societ\u0103\u021bii moldovene\u0219ti prestigiul ei va cre\u0219te. Se \u00een\u021belege c\u0103 \u0219i ma\u0219ina propagandistic\u0103 antibisericeasc\u0103 din Republica Moldova ar face dintr-o asemenea recunoa\u0219tere un mare t\u0103mb\u0103lau, fapt ce ar putea \u00eempinge spre tr\u0103dare \u0219i pe unii preo\u021bi care deocamdat\u0103 \u0219ov\u0103ie. Aceasta pe de o parte.<\/p>\n<p>Exist\u0103 \u00eens\u0103 \u0219i cealalt\u0103 parte, mai pu\u021bin pl\u0103cut\u0103, a acestei posibile recunoa\u0219teri. Or, asum\u00e2ndu-\u0219i obliga\u021bia de a recunoa\u0219te \u00abtomosul autocefaliei BOU\u00bb, Biserica Ortodox\u0103 Rom\u00e2n\u0103 \u00een acela\u0219i timp ar recunoa\u0219te un r\u00e2nd \u00eentreg de dispozi\u021bii antiortodoxe, eretice care se con\u021bin \u00een acest document.<\/p>\n<p>\u00cen continuare m\u0103 voi referi la articolul protoiereului Vadim Leonov <strong>\u00ab<a href=\"https:\/\/pravoslavie.ru\/119709.html?ysclid=llxquj2b2i44559730\">Tomosul ucrainean \u2013 capcan\u0103 pentru Ortodoxia mondial\u0103<\/a>\u00bb<\/strong>,\u00a0din care voi reda c\u00e2teva teze.<\/p>\n<ol>\n<li><strong> Recunoa\u0219terea Patriarhului Constantinopolului \u00een calitate de cap al \u00eentregii Biserici Ortodoxe \u0219i al tuturor Bisericilor Locale \u00een parte.<\/strong><\/li>\n<\/ol>\n<p>\u00cen tomos, Domnul nostru Iisus Hristos niciodat\u0103 nu este numit Cap al Bisericii, ci se nume\u0219te doar \u00centemeietor al<em>: \u00absub acoper\u0103m\u00e2ntul \u00centemeietorului Unei Sfinte Sobornice\u0219ti \u0219i Apostolice\u0219ti Biserici al Dumnezeului-om Domnului \u0219i M\u00e2ntuitorului nostru Iisus Hristos\u00bb<\/em>.<\/p>\n<p>No\u021biunea de cap al Bisericii la scara universal\u0103 \u00een textul tomosului este expres atribuit\u0103 doar Patriarhului Constantinopolului, iar reprezentan\u021bii structurii ucrainene nou-create trebuie s\u0103 con\u0219tientizeze faptul c\u0103 d\u00e2n\u0219ii nu dispun de un conduc\u0103tor al s\u0103u de sine-st\u0103t\u0103tor: <em>\u00abBiserica Autocefal\u0103 din Ucraina recunoas\u021be drept cap (\u03ba\u03b5\u03c6\u03b1\u03bb\u1f74\u03bd) Sfin\u021bitul \u0219i Apostolicescul Prestol Ecumenic Patriarhal, ca \u0219i ceilal\u021bi patriarhi \u0219i \u00eent\u00e2ist\u0103t\u0103tori\u00bb<\/em>. Este de ajuns numai aceast\u0103 fraz\u0103 c\u0103 s\u0103 citim \u00een ea nu doar anularea \u00een totalitate a \u00abautocefaliei\u00bb BOU, ci \u0219i lichidarea autocefaliei tuturor Bisericilor Locale, c\u0103ci se afirm\u0103 c\u0103 \u0219i <em>\u00abceilal\u021bi patriarhi \u0219i \u00eent\u00e2ist\u0103t\u0103tori<\/em>\u00bb recunosc drept cap pe Patriarhul de la Constantinopol. Adic\u0103 ac\u021biunea acestui principiu se r\u0103sfr\u00e2nge, conform tomosului, asupra tuturor Bisericilor Locale \u0219i a tuturor \u00eent\u00e2ist\u0103t\u0103torilor, iar d\u00e2n\u0219ii \u2013 aici aten\u021bie \u2013 ca \u0219i cum o recunosc.<\/p>\n<p>Este oare preg\u0103tit patriarhul Daniel s\u0103-l recunoasc\u0103 \u00een calitate de cap pe Bartolomeu?<\/p>\n<ol start=\"2\">\n<li><strong> Recunoa\u0219terea patriarhului de la Constantinopol \u00een calitate de autoritate judec\u0103toreasc\u0103 suprem\u0103 \u0219i f\u0103r\u0103 drept de apel pentru to\u021bi clericii din toate Bisericile Locale.<\/strong><\/li>\n<\/ol>\n<p>Despre acest lucru tomos spune direct: <em>\u00abSe men\u021bine dreptul la recurs al tuturor arhiereilor \u0219i altor clerici s\u0103 apeleze la Patriarhul ecumenic, care are responsabilitatea canonic\u0103 de a lua decizii judec\u0103tore\u0219ti f\u0103r\u0103 drept de apel pentru episcopii \u0219i alt cler din Bisericile Locale\u00bb<\/em><\/p>\n<p>A\u0219adar, puterea judec\u0103toreasc\u0103 suprem\u0103 a Fanarului se declar\u0103 nu numai \u00een privin\u021ba clericilor BOU, dar se r\u0103sfr\u00e2nge \u0219i peste to\u021bi clericii Ortodoxiei mondiale. Acum ei pot s\u0103 se judece la Istanbul, iar hot\u0103r\u00e2rile adoptate aici trebuie s\u0103 fie primite <em>\u00abf\u0103r\u0103 drept de apel\u00bb<\/em> de orice Biseric\u0103 Local\u0103.<\/p>\n<p>Sunt oare gata s\u0103 se confrunte cu o asemenea stare de lucruri ierarhii Bisericii Rom\u00e2ne?<\/p>\n<ol start=\"3\">\n<li><strong> Subordonarea Patriarhului ecumenic a \u00eentregii diaspore ortodoxe din toat\u0103 lumea \u0219i limitarea activit\u0103\u021bii Bisericilor Locale cu grani\u021bele statelor na\u021bionale.<\/strong><\/li>\n<\/ol>\n<p>\u00cen textul tomosului acest principiu este prescris mai \u00eent\u00e2i celor din BOU, a c\u0103rei activitate trebuie s\u0103 decurg\u0103 strict <em>\u00ab\u00een grani\u021bele geografice ale Ucrainei\u00bb<\/em>. BOU <em>\u00abnu poate pune episcopi sau \u00eenfiin\u021ba parohii \u00een afara grani\u021belor statului; cele care deja exist\u0103 se vor supune de acum \u00eenainte, conform r\u00e2nduielii, Patriarhiei Ecumenice care dispune de \u00eemputernicire canonic\u0103 \u00een diaspor\u0103, deoarece jurisdic\u021bia acestei Biserici se limiteaz\u0103 la teritoriul statului ucrainean\u00bb<\/em>.<\/p>\n<p>Aici, ca \u0219i \u00een exemplele anterioare, regula prescris\u0103 ini\u021bial doar pentru BOU, este prezentat\u0103 ca universal\u0103 \u0219i ca \u0219i cum acceptat\u0103 de toate Bisericile Locale <em>(\u00abse vor supune, conform r\u00e2nduielii, Patriarhiei Ecumenice care dispune de \u00eemputernicire canonic\u0103 \u00een diaspor\u0103\u00bb)<\/em>. F\u0103r\u0103 coordonarea cu celelalte Biserici se afirm\u0103 drepturile lui Bartolomeu asupra st\u0103p\u00e2nirii diasporei mondiale.<\/p>\n<p>Cu alte cuvinte, dac\u0103 Biserica Rom\u00e2n\u0103 \u00eei va recunoa\u0219te pe schismaticii din BOU, ea va trebui s\u0103 fie gata s\u0103 se dezic\u0103 de copiii s\u0103i duhovnice\u0219ti, s\u0103 renun\u021be la parohiile \u0219i m\u0103n\u0103stirile din afara grani\u021bei \u00een folosul Patriarhiei de la Constantinopol. Inclusiv, s\u0103 se dezic\u0103 \u0219i de schismaticii din MB, care la fel (cel pu\u021bin deocamdat\u0103) se afl\u0103 \u00een afara grani\u021belor Rom\u00e2niei.<\/p>\n<p>\u00cen \u00eencheiere c\u00e2teva concluzii ale protoiereului Vadim Leonov:<\/p>\n<p><em>\u00abF\u0103c\u00e2nd bilan\u021bul scurtei analize a textului tomosului ucrainean, putem spune c\u0103 ierarhii Bisericilor Locale, care se g\u00e2ndesc s\u0103 recunoasc\u0103 falsa autocefalie a \u201eBisericii Ortodoxe din Ucraina\u201d pe baza acestui tomos, vor trebui totodat\u0103 s\u0103 recunoasc\u0103:<\/em><\/p>\n<p><em>= Pe patriarhul Constantinopolului \u00een calitate de cap al Bisericii sale Locale;<\/em><\/p>\n<p><em>= dreptul patriarhului de la Constantinopol de a efectua judecat\u0103, f\u0103r\u0103 drept de apel, asupra tuturor clericilor Bisericii sale locale;<\/em><\/p>\n<p><em>= c\u0103 sunt gata s\u0103 resubordoneze Patriarhiei Constantinopolului diaspora sa ortodox\u0103 \u0219i s\u0103 limiteze activitatea propriei Biserici Locale cu frontierele statului s\u0103u na\u021bional;<\/em><\/p>\n<p><em>= necesitatea coordon\u0103rii tuturor problemelor biserice\u0219ti importante cu patriarhul Constantinopolului ca cea mai \u00eenalt\u0103 autoritate \u00een domeniul adev\u0103rurilor dogmatice \u0219i canonice;<\/em><\/p>\n<p><em>= dreptul interven\u021biei patriarhului Constantinopolului \u00een treburile interne ale propriei Biserici Locale sub pretextul vindec\u0103rii schismelor \u0219i \u00een alte cauze. (\u2026)<\/em><\/p>\n<p><em>\u00cen afar\u0103 de aceasta, intr\u00e2nd \u00een comuniune liturgic\u0103 cu schismaticii din BOU, clericii Bisericilor Locale vor \u00eencalca grav canonul 10 apostolic: <strong>\u00abDac\u0103 cineva se va ruga cu un afurisit (scos din comuniune), chiar \u0219i \u00een cas\u0103: acesta s\u0103 fie afurisit\u00bb<\/strong> \u2013 precum \u0219i Canonul 33 al Sinodului din Laodiceea: <strong>\u00abNu se cuvine cu ereticul sau cu schismaticul de a se ruga \u00eempreun\u0103\u00bb.<\/strong><\/em><\/p>\n<p style=\"text-align: center;\">*\u00a0\u00a0\u00a0\u00a0 *\u00a0\u00a0\u00a0\u00a0 *\u00a0\u00a0\u00a0\u00a0 *\u00a0\u00a0\u00a0\u00a0 *<\/p>\n<p>Nu am de unde s\u0103 \u0219tiu cum va proceda Patriarhia Rom\u00e2n\u0103 ca r\u0103spuns la promisiunile fanario\u021bilor \u0219i la presiunea american\u0103. Ceea ce \u0219tiu cu siguran\u021b\u0103, \u00eens\u0103, este c\u0103 ierarhii Bisericii Ortodoxe Rom\u00e2ne \u00eenainte de a se lega cu \u0219eful Fanarului au la ce a se g\u00e2ndi foarte bine.<\/p>\n<p style=\"text-align: right;\"><strong><em>Victor Josu<\/em><\/strong><\/p>\n","protected":false},"excerpt":{"rendered":"<p>\u00cemi puneam aceast\u0103 \u00eentrebare dup\u0103 ce am citit pe un portal ortodox ucrainean acest articol: \u00abFanarul \u0219i Biserica Rom\u00e2n\u0103: recunoa\u0219terea \u201eBisericii Ortodoxe&hellip;<\/p>\n","protected":false},"author":3,"featured_media":17553,"comment_status":"open","ping_status":"closed","sticky":false,"template":"","format":"standard","meta":{"_lmt_disableupdate":"","_lmt_disable":"","slim_seo":{"title":"Va merge oare Patriarhia Rom\u00e2n\u0103 pe calea recunoa\u0219terii schismaticilor ucraineni \u00een schimbul recunoa\u0219terii de c\u0103tre fanario\u021bi a \u00abMitropoliei Basarabiei\u00bb? - traditia.md","description":"\u00cemi puneam aceast\u0103 \u00eentrebare dup\u0103 ce am citit pe un portal ortodox ucrainean acest articol: \u00abFanarul \u0219i Biserica Rom\u00e2n\u0103: recunoa\u0219terea \u201eBisericii Ortodoxe Ucrai"},"footnotes":""},"categories":[45,38,1720,64],"tags":[],"class_list":["post-18145","post","type-post","status-publish","format-standard","has-post-thumbnail","hentry","category-bloguri","category-stiri","category-unitatea-bisericii","category-victor-josu"],"_links":{"self":[{"href":"https:\/\/traditia.md\/ro\/wp-json\/wp\/v2\/posts\/18145","targetHints":{"allow":["GET"]}}],"collection":[{"href":"https:\/\/traditia.md\/ro\/wp-json\/wp\/v2\/posts"}],"about":[{"href":"https:\/\/traditia.md\/ro\/wp-json\/wp\/v2\/types\/post"}],"author":[{"embeddable":true,"href":"https:\/\/traditia.md\/ro\/wp-json\/wp\/v2\/users\/3"}],"replies":[{"embeddable":true,"href":"https:\/\/traditia.md\/ro\/wp-json\/wp\/v2\/comments?post=18145"}],"version-history":[{"count":0,"href":"https:\/\/traditia.md\/ro\/wp-json\/wp\/v2\/posts\/18145\/revisions"}],"wp:featuredmedia":[{"embeddable":true,"href":"https:\/\/traditia.md\/ro\/wp-json\/wp\/v2\/media\/17553"}],"wp:attachment":[{"href":"https:\/\/traditia.md\/ro\/wp-json\/wp\/v2\/media?parent=18145"}],"wp:term":[{"taxonomy":"category","embeddable":true,"href":"https:\/\/traditia.md\/ro\/wp-json\/wp\/v2\/categories?post=18145"},{"taxonomy":"post_tag","embeddable":true,"href":"https:\/\/traditia.md\/ro\/wp-json\/wp\/v2\/tags?post=18145"}],"curies":[{"name":"wp","href":"https:\/\/api.w.org\/{rel}","templated":true}]}}