{"id":18129,"date":"2023-09-18T08:34:00","date_gmt":"2023-09-18T05:34:00","guid":{"rendered":"https:\/\/traditia.md\/?p=18129"},"modified":"2023-09-18T08:35:01","modified_gmt":"2023-09-18T05:35:01","slug":"18-septembrie-sfantul-prooroc-zaharia-si-dreapta-elisabeta-parintii-sfantului-ioan-botezatorul","status":"publish","type":"post","link":"https:\/\/traditia.md\/ro\/18-septembrie-sfantul-prooroc-zaharia-si-dreapta-elisabeta-parintii-sfantului-ioan-botezatorul\/","title":{"rendered":"18 septembrie: Sf\u00e2ntul prooroc Zaharia \u0219i dreapta Elisabeta, p\u0103rin\u021bii Sf\u00e2ntului Ioan Botez\u0103torul"},"content":{"rendered":"<p><strong><em>\u00cen aceast\u0103 zi, facem pomenirea junghierii Sf\u00e2ntului Prooroc Zaharia, tat\u0103l Sf\u00e2ntului Ioan Botez\u0103torul \u0219i \u00cenaintemerg\u0103torul Domnului, \u0219i pomenirea Dreptei Elisabeta mama Sf\u00e2ntului Ioan Botez\u0103torul (I)<\/em><\/strong><\/p>\n<p>Sf\u00eentul prooroc Zaharia a fost fiul lui Varahie, preotul din Legea veche, av\u00eend femeie din fiicele lui Aaron pe Elisabeta, sora Anei, maica Prea Sfintei N\u0103sc\u0103toare de Dumnezeu. M\u0103rturise\u015fte de d\u00een\u015fii Sf\u00eenta Evanghelie c\u0103 se aflau \u00eentru toate faptele bune. Ramura cea sf\u00eent\u0103, Ioan a crescut din r\u0103d\u0103cin\u0103 sf\u00eent\u0103.<\/p>\n<p>Acest sf\u00eent Zaharia, tat\u0103l \u00cenaintemerg\u0103torului, a fost preot \u00een Ierusalim pe vremea \u00eemp\u0103r\u0103\u0163iei lui Irod. C\u00eend slujea el \u00eenaintea lui Dumnezeu, i s-a ar\u0103tat lui \u00eengerul Domnului. V\u0103z\u00eendu-l Zaharia s-a temut, dar \u00eengerul a alungat frica de la d\u00eensul, zic\u00eendu-i: <em>\u201eNu te teme, Zaharie!\u201d<\/em> \u015ei l-a m\u00eeng\u00eeiat, spun\u00eendu-i c\u0103 rug\u0103ciunea lui este bineprimit\u0103 \u00eenaintea lui Dumnezeu \u015fi a plecat pe Dumnezeu spre mil\u0103, \u015fi a cercetat pe Elisabeta, femeia lui, dezleg\u00eendu-i ei leg\u0103turile nerodirii, fiind stearp\u0103 \u015fi d\u00eendu-i s\u0103 nasc\u0103 fiu pe Ioan.<\/p>\n<p>\u00cengerul a vestit lui Zaharia c\u0103 fiul s\u0103u va fi mare \u00eenaintea Domnului, nu cu cre\u015fterea trupului, ci cu a duhului. C\u0103 at\u00eet de \u00eenfr\u00eenat \u015fi de postitor a fost, \u00eenc\u00eet chiar cuv\u00eentul lui Dumnezeu a m\u0103rturisit spre d\u00eensul: <em>\u201eA venit Ioan Botez\u0103torul nici p\u00eeine m\u00eenc\u00eend, \u015fi nici vin b\u00eend. \u015ei se va umple de Duhul Sf\u00eent din p\u00eentecele maicii sale \u015fi pe mul\u0163i din fiii lui Israel \u00eei va \u00eentoarce la Domnul Dumnezeul lor. Acela va fi merg\u0103tor \u00eenaintea lui Hristos, cu Duhul \u015fi cu puterea lui Ilie, aduc\u00eend Domnului popor des\u0103v\u00eer\u015fit.\u201d<\/em><\/p>\n<p>Acestea toate auzindu-le Zaharia, se mira \u015fi nu credea cele ce se gr\u0103iau de vreme ce Elisabeta era neroditoare \u015fi am\u00eendoi erau b\u0103tr\u00eeni de ani. \u015ei a zis c\u0103tre \u00eenger: <em>\u201dDup\u0103 ce voi cunoa\u015fte aceasta? Pentru c\u0103 eu s\u00eent b\u0103tr\u00een \u015fi femeia mea trecut\u0103 \u00een zilele ei.<\/em>\u201d \u015ei r\u0103spunz\u00eend \u00eengerul, i-a zis lui: <em>\u201eEu s\u00eent Gavriil, cel ce stau \u00eenaintea lui Dumnezeu, \u015fi s\u00eent trimis s\u0103 gr\u0103iesc c\u0103tre tine \u015fi s\u0103-\u0163i vestesc \u0163ie aceasta. \u015ei, iat\u0103, vei fi mut \u015fi nu vei putea gr\u0103i p\u00een\u0103 la ziua \u00een care se vor plini acestea, fiindc\u0103 nu ai crezut cuvintele mele care se vor \u00eemplini la vremea lor.\u201d<\/em> Z\u0103bovind Zaharia \u00een altar, \u00eentr-o vorbire ca aceasta cu \u00eengerul, oamenii cei ce a\u015fteptau \u00een biseric\u0103 se minunau. Ie\u015find, Zaharia le f\u0103cu semn c\u0103 era mut \u015fi poporul a cunoscut c\u0103 preotul a v\u0103zut vedenie \u00een biseric\u0103.<\/p>\n<p>Dup\u0103 aceasta, \u00eemplinindu-se vestirea \u00eengereasc\u0103 \u015fi n\u0103sc\u00eendu-se Ioan din cea neroditoare, c\u00eend Zaharia i-a scris numele pe t\u0103bli\u0163\u0103, \u00eendat\u0103 i s-a deschis gura lui \u015fi i s-a dezlegat limba \u015fi gr\u0103ia, binecuv\u00eent\u00eend pe Dumnezeu. \u015ei umpl\u00eendu-se de Duhul Sf\u00eent, a proorocit, zic\u00eend: <em>\u201eBine este cuv\u00eentat Domnul Dumnezeul lui Israel, c\u0103 a cercetat \u015fi a f\u0103cut izb\u0103vire poporului S\u0103u \u015fi a ridicat corn de m\u00eentuire nou\u0103 \u00een casa lui David slugii sale, precum a gr\u0103it prin gura sfin\u0163ilor celor din veac prooroci ai lui. \u015ei tu, pruncule, prooroc al Celui Prea \u00cenalt te vei chema, c\u0103 vei merge \u00eenaintea fe\u0163ei Domnului, s\u0103 g\u0103te\u015fti calea lui.\u201d<\/em><\/p>\n<p>Iar c\u00eend s-a n\u0103scut Domnul nostru Iisus Hristos \u00een Betleem, venind magii de la r\u0103s\u0103rit spuser\u0103 lui Irod de \u00cemp\u0103ratul cel de cur\u00eend n\u0103scut. Atunci Irod, trimi\u0163\u00eend osta\u015fi \u00een Betleem, ca s\u0103 ucid\u0103 acolo pe to\u0163i pruncii, \u015fi-a adus aminte \u015fi de Ioan, fiul Zahariei, de care \u015ftia bine. G\u00eendind s\u0103-l ucid\u0103 pe el, a trimis \u00eentr-adins uciga\u015fi la casa lui Zaharia, dar n-au aflat trimi\u015fii pe Sf\u00eentul Ioan, pentru c\u0103 \u00eencep\u00eendu-se \u00een Betleem acea f\u0103r\u0103 de Dumnezeu ucidere de prunci, glasul \u015fi \u0163ipetul s-au auzit \u00een Hebron, cetatea Iudeei, c\u0103 nu era a\u015fa departe, \u015fi pricina \u0163ipetului aceluia s-a \u015ftiut. \u015ei, \u00eendat\u0103, Sf\u00eenta Elisabeta, apuc\u00eend pe pruncul Ioan care avea atunci un an \u015fi jum\u0103tate, a fugit \u00een munte.<\/p>\n<p>Deci, ascunz\u00eendu-se Elisabeta \u00een munte, se ruga cu lacrimi lui Dumnezeu ca s-o apere pe ea \u015fi pruncul. C\u00eend a v\u0103zut de sus pe osta\u015fi cu dinadinsul c\u0103ut\u00eend-o \u015fi apropiindu-se, a strigat c\u0103tre muntele cel de piatr\u0103 care era acolo: <em>\u201eMunte al lui Dumnezeu, prime\u015fte pe maica cu pruncul!\u201d<\/em> \u015ei \u00eendat\u0103 s-a desf\u0103cut muntele \u015fi a primit-o pe ea \u00een\u0103untrul s\u0103u \u015fi a ascuns-o de uciga\u015fii cei ce o c\u0103utau.<\/p>\n<p>Osta\u015fii, neafl\u00eend pe cea c\u0103utat\u0103, s-au \u00eentors de\u015fer\u0163i la cel ce i-a trimis pe ei. Atunci Irod a trimis la Zaharia \u00een biseric\u0103, zic\u00eend: <em>\u201eD\u0103-mi mie pe fiul t\u0103u Ioan.\u201d <\/em>Iar Sf\u00eentul Zaharia a r\u0103spuns: <em>\u201eEu acum slujesc Domnului Dumnezeului lui Israel, iar pe fiul meu nu-l \u015ftiu unde este.\u201d<\/em> Iar Irod, m\u00eeniindu-se, a trimis la d\u00eensul a doua oar\u0103 \u015fi a poruncit, de nu-\u015fi va da Zaharia fiul, apoi s\u0103-l ucid\u0103 chiar pe el. \u015ei s-au dus ni\u015fte uciga\u015fi s\u0103lbatici ca fiarele, s\u00eerguindu-se s\u0103-\u015fi s\u0103v\u00eer\u015feasc\u0103 porunca. \u0218i le-a zis Sf\u00eentul Zaharia: <em>\u201eVoi ve\u0163i ucide trupul, iar Domnul va primi sufletul meu.\u201d<\/em> \u015ei \u00eendat\u0103 uciga\u015fii repezindu-se, dup\u0103 porunca lui Irod, l-au ucis pe el \u00eentre templu \u015fi altar.<\/p>\n<p>Iar Elisabeta, acoperindu-se de Dumnezeu, petrecea \u00een muntele cel ce se desf\u0103cuse \u00eempreun\u0103 cu Ioan, unde, dup\u0103 dumnezeiasca porunc\u0103, li se f\u0103cuse pe\u015fter\u0103 \u015fi curgea izvor de ap\u0103. \u015ei a crescut un finic deasupra pe\u015fterii, plin de roade. C\u00eend era vreme de m\u00eencare, se pleca pomul acela jos, d\u00eendu- \u015fi spre m\u00eencare rodul s\u0103u, apoi iar se ridica \u00een sus.<\/p>\n<p>Dup\u0103 patruzeci de zile de la uciderea lui Zaharia, Sf\u00eenta Elisabeta, mama \u00cenaintemerg\u0103torului, \u015fi-a dat sf\u00eer\u015fitul \u00een aceea\u015fi pe\u015fter\u0103. Iar Sf\u00eentul Ioan a fost hr\u0103nit de un \u00eenger p\u00een\u0103 la cre\u015fterea lui, \u015fi l-a p\u0103zit \u00een pustie, p\u00een\u0103 la ziua ar\u0103t\u0103rii sale c\u0103tre Israel.<\/p>\n<p style=\"text-align: right;\"><em>Sursa: <a href=\"https:\/\/altarulcredintei.md\/calendar-crestin-ortodox\/\"><strong>Calendar cre\u0219tin ortodox<\/strong><\/a><\/em><\/p>\n","protected":false},"excerpt":{"rendered":"<p>\u00cen aceast\u0103 zi, facem pomenirea junghierii Sf\u00e2ntului Prooroc Zaharia, tat\u0103l Sf\u00e2ntului Ioan Botez\u0103torul \u0219i \u00cenaintemerg\u0103torul Domnului, \u0219i pomenirea Dreptei Elisabeta mama Sf\u00e2ntului&hellip;<\/p>\n","protected":false},"author":3,"featured_media":18127,"comment_status":"open","ping_status":"closed","sticky":false,"template":"","format":"standard","meta":{"_lmt_disableupdate":"","_lmt_disable":"","slim_seo":{"title":"18 septembrie: Sf\u00e2ntul prooroc Zaharia \u0219i dreapta Elisabeta, p\u0103rin\u021bii Sf\u00e2ntului Ioan Botez\u0103torul - traditia.md","description":"\u00cen aceast\u0103 zi, facem pomenirea junghierii Sf\u00e2ntului Prooroc Zaharia, tat\u0103l Sf\u00e2ntului Ioan Botez\u0103torul \u0219i \u00cenaintemerg\u0103torul Domnului, \u0219i pomenirea Dreptei Elisab"},"footnotes":""},"categories":[40,38],"tags":[],"class_list":["post-18129","post","type-post","status-publish","format-standard","has-post-thumbnail","hentry","category-apararea-credintei","category-stiri"],"_links":{"self":[{"href":"https:\/\/traditia.md\/ro\/wp-json\/wp\/v2\/posts\/18129","targetHints":{"allow":["GET"]}}],"collection":[{"href":"https:\/\/traditia.md\/ro\/wp-json\/wp\/v2\/posts"}],"about":[{"href":"https:\/\/traditia.md\/ro\/wp-json\/wp\/v2\/types\/post"}],"author":[{"embeddable":true,"href":"https:\/\/traditia.md\/ro\/wp-json\/wp\/v2\/users\/3"}],"replies":[{"embeddable":true,"href":"https:\/\/traditia.md\/ro\/wp-json\/wp\/v2\/comments?post=18129"}],"version-history":[{"count":0,"href":"https:\/\/traditia.md\/ro\/wp-json\/wp\/v2\/posts\/18129\/revisions"}],"wp:featuredmedia":[{"embeddable":true,"href":"https:\/\/traditia.md\/ro\/wp-json\/wp\/v2\/media\/18127"}],"wp:attachment":[{"href":"https:\/\/traditia.md\/ro\/wp-json\/wp\/v2\/media?parent=18129"}],"wp:term":[{"taxonomy":"category","embeddable":true,"href":"https:\/\/traditia.md\/ro\/wp-json\/wp\/v2\/categories?post=18129"},{"taxonomy":"post_tag","embeddable":true,"href":"https:\/\/traditia.md\/ro\/wp-json\/wp\/v2\/tags?post=18129"}],"curies":[{"name":"wp","href":"https:\/\/api.w.org\/{rel}","templated":true}]}}