{"id":18037,"date":"2023-09-14T09:27:59","date_gmt":"2023-09-14T06:27:59","guid":{"rendered":"https:\/\/traditia.md\/?p=18037"},"modified":"2023-09-14T09:29:43","modified_gmt":"2023-09-14T06:29:43","slug":"14-septembrie-indictul-sau-revelionul-spiritual","status":"publish","type":"post","link":"https:\/\/traditia.md\/ro\/14-septembrie-indictul-sau-revelionul-spiritual\/","title":{"rendered":"14 septembrie: Indictul sau \u201erevelionul spiritual\u201d"},"content":{"rendered":"<p><strong><em>Pe 14 septembrie \u00eencepe Noul An bisericesc. Semnifica\u0163ia simbolic\u0103 a acestei date se leag\u0103 de Sf\u00e2nta Tradi\u0163ie, potrivit c\u0103reia, \u00een aceast\u0103 zi s-a \u00eenceput crearea lumii, \u015fi tot in aceasta zi, M\u00e2ntuitorul Iisus \u015fi-ar fi \u00eenceput activitatea public\u0103. <\/em><\/strong><\/p>\n<p>Aceast\u0103 dat\u0103 reprezint\u0103 un \u201ereziduu juridic\u201d formulat \u00een Imperiul Bizantin, pe baza calcul\u0103rii timpului practicat\u0103 \u00een Imperiul Roman. A\u015fa-numitele \u201eIndicturi\u201d reprezentau, ini\u0163ial, epoci ciclice fiscale, acest sistem fiind introdus de \u00eemp\u0103ratul Iulius Cezar \u00een anul 46 \u00ee. Hr.<\/p>\n<p>\u00cen perioada de glorie a Imperiului Bizantin, noul \u201eIndict\u201d se respecta cu mult\u0103 solemnitate, ocazie cu care Patriarhul Constantinopolului celebra un oficiu liturgic cu totul deosebit \u00een catedrala Sf\u00e2nta Sofia.<\/p>\n<p>Totodat\u0103, cu luna Tisri, adic\u0103 cu septembrie, \u00eencepe \u015fi calendarul evreiesc, ocazie cu care \u00een cea dint\u00e2i zi evreii aveau zi de odihn\u0103, aduc\u00e2nd Domnului jertfe de ardere de tot.<\/p>\n<p>Odat\u0103 cu \u00eenceperea Noului An bisericesc, se cuvine subliniat faptul c\u0103, \u00een Biserica R\u0103s\u0103ritean\u0103, Anul are o conota\u0163ie marian\u0103. Dac\u0103 cea dint\u00e2i s\u0103rb\u0103toare a Anului liturgic este Na\u015fterea Preasfintei N\u0103sc\u0103toare de Dumnezeu pe 21 septembrie, ultimul mare praznic este Adormirea Maicii Domnului pe 28 august. Biserica dore\u015fte, \u00een felul acesta, s\u0103 \u00ee\u015fi manifeste cultul de preacinstire adus Maicii Preacurate, Cea care L-a purtat \u00een s\u00e2nul S\u0103u feciorelnic \u015fi pe bra\u0163ele Sale pe Cuv\u00e2ntul \u00centrupat, M\u00e2ntuitorul lumii Iisus Hristos.<\/p>\n<p><em>\u201eCealalt\u0103 vreme a vie\u0163ii noastre \u00een pace \u015fi \u00eentru poc\u0103in\u0163\u0103 a o s\u0103v\u00e2r\u015fi (\u2026) de la Domnul s\u0103 cerem.\u201d<\/em><\/p>\n<p style=\"text-align: right;\"><em>Sursa: <a href=\"http:\/\/e-communio.ro\/stire669-indictul-sau-\u201crevelionul-spiritual\"><strong>E-communio.ro<\/strong><\/a><\/em><\/p>\n<p><strong>La aceia\u0219i tem\u0103:<\/strong> <a href=\"https:\/\/traditia.md\/ro\/14-septembrie-inceputul-indictului-al-anului-nou-bisericesc\/\"><strong><em>14 septembrie \u2013 \u00eenceputul Indictului (al anului nou bisericesc)<\/em><\/strong><\/a><\/p>\n","protected":false},"excerpt":{"rendered":"<p>Pe 14 septembrie \u00eencepe Noul An bisericesc. Semnifica\u0163ia simbolic\u0103 a acestei date se leag\u0103 de Sf\u00e2nta Tradi\u0163ie, potrivit c\u0103reia, \u00een aceast\u0103 zi&hellip;<\/p>\n","protected":false},"author":3,"featured_media":18035,"comment_status":"open","ping_status":"closed","sticky":false,"template":"","format":"standard","meta":{"_lmt_disableupdate":"","_lmt_disable":"","slim_seo":{"title":"14 septembrie: Indictul sau \u201erevelionul spiritual\u201d - traditia.md","description":"Pe 14 septembrie \u00eencepe Noul An bisericesc. Semnifica\u0163ia simbolic\u0103 a acestei date se leag\u0103 de Sf\u00e2nta Tradi\u0163ie, potrivit c\u0103reia, \u00een aceast\u0103 zi s-a \u00eenceput creare"},"footnotes":""},"categories":[39,38],"tags":[],"class_list":["post-18037","post","type-post","status-publish","format-standard","has-post-thumbnail","hentry","category-biserica-si-societatea","category-stiri"],"_links":{"self":[{"href":"https:\/\/traditia.md\/ro\/wp-json\/wp\/v2\/posts\/18037","targetHints":{"allow":["GET"]}}],"collection":[{"href":"https:\/\/traditia.md\/ro\/wp-json\/wp\/v2\/posts"}],"about":[{"href":"https:\/\/traditia.md\/ro\/wp-json\/wp\/v2\/types\/post"}],"author":[{"embeddable":true,"href":"https:\/\/traditia.md\/ro\/wp-json\/wp\/v2\/users\/3"}],"replies":[{"embeddable":true,"href":"https:\/\/traditia.md\/ro\/wp-json\/wp\/v2\/comments?post=18037"}],"version-history":[{"count":0,"href":"https:\/\/traditia.md\/ro\/wp-json\/wp\/v2\/posts\/18037\/revisions"}],"wp:featuredmedia":[{"embeddable":true,"href":"https:\/\/traditia.md\/ro\/wp-json\/wp\/v2\/media\/18035"}],"wp:attachment":[{"href":"https:\/\/traditia.md\/ro\/wp-json\/wp\/v2\/media?parent=18037"}],"wp:term":[{"taxonomy":"category","embeddable":true,"href":"https:\/\/traditia.md\/ro\/wp-json\/wp\/v2\/categories?post=18037"},{"taxonomy":"post_tag","embeddable":true,"href":"https:\/\/traditia.md\/ro\/wp-json\/wp\/v2\/tags?post=18037"}],"curies":[{"name":"wp","href":"https:\/\/api.w.org\/{rel}","templated":true}]}}