{"id":17909,"date":"2023-09-11T09:43:53","date_gmt":"2023-09-11T06:43:53","guid":{"rendered":"https:\/\/traditia.md\/?p=17909"},"modified":"2023-09-11T09:45:24","modified_gmt":"2023-09-11T06:45:24","slug":"la-11-septembrie-crestinii-ortodocsi-sarbatoresc-taierea-capului-sfantului-ioan-botezatorul","status":"publish","type":"post","link":"https:\/\/traditia.md\/ro\/la-11-septembrie-crestinii-ortodocsi-sarbatoresc-taierea-capului-sfantului-ioan-botezatorul\/","title":{"rendered":"La 11 septembrie cre\u0219tinii ortodoc\u0219i s\u0103rb\u0103toresc T\u0103ierea capului Sf\u00e2ntului Ioan Botez\u0103torul"},"content":{"rendered":"<p><strong><em>Este zi de post negru.<\/em><\/strong><\/p>\n<p><strong>Patriarhul Chiril despre aceast\u0103 s\u0103rb\u0103toare trist\u0103<\/strong><\/p>\n<p>C\u00e2nd cite\u015fti aceast\u0103 istorie a\u00a0 uciderii Proorocului \u015fi \u00cenaintemerg\u0103torului Ioan, vr\u00e2nd-nevr\u00e2nd, o asociezi cu propriile sc\u00e2rbiri, cu acele nepl\u0103ceri care se produc \u00een via\u0163a noastr\u0103. Nou\u0103 ni se pare uneori c\u0103 toate puterile r\u0103ului s-au ridicat \u00eempotriva noastr\u0103, c\u0103 noi suferim pe nedrept \u2013 din cauza r\u0103ut\u0103\u0163ii omene\u015fti, a vicleniei&#8230; Dar parc\u0103 putem compara aceasta cu suferin\u0163ele sf\u00e2ntului Prooroc Botez\u0103tor \u015fi \u00cenaintemerg\u0103tor Ioan?<\/p>\n<p>Toate sc\u00e2rbirile noastre, toate b\u0103nuielile noastre, toate g\u00e2ndurile noastre despre faptul c\u0103 lumea s-a ridicat \u00eempotriva noastr\u0103 \u2013 \u015fi cei apropia\u0163i, \u015fi cei \u00eendep\u0103rta\u0163i \u2013 toate acestea sunt nimic \u00een compara\u0163ie cu ceea cum o persoan\u0103 care nu avea cu des\u0103v\u00e2r\u015fire nici o vin\u0103 \u015fi-a pierdut via\u0163a doar din cauza c\u0103 regele beat a dorit s\u0103 se laude \u015fi s\u0103 se arate erou, s\u0103 arate c\u00e2t de m\u0103rinimos este \u00een acest osp\u0103\u0163 stra\u015fnic.<\/p>\n<p>\u015ei c\u00e2te istorii de tipul acesta se \u00eent\u00e2lnesc \u00een via\u0163a unui om \u015fi \u00een istoria omenirii! C\u00e2te persoane, f\u0103r\u0103 vreo vin\u0103, mureau\u00a0 din cauza r\u0103ut\u0103\u0163ii, a ac\u0163iunilor criminale a altora! \u015ei dac\u0103 toate acestea le vom compara cu sc\u00e2rbirile noastre, atunci nepl\u0103cerile noastre par pu\u0163in \u00eensemnate.<\/p>\n<p>Sau, cel pu\u0163in, chiar dac\u0103 sunt importante, atunci, privind la exemplele sfin\u0163ilor lui Dumnezeu, noi trebuie s\u0103 ne \u00eent\u0103rim \u00een credin\u0163a \u00een pronia bun\u0103 \u015fi des\u0103v\u00e2r\u015fit\u0103 a lui Dumnezeu, c\u0103 dac\u0103 Domnul \u015fi \u00eeng\u0103duie vreo sc\u00e2rbire fa\u0163\u0103 de noi, nu pentru c\u0103 suntem cei mai nenoroci\u0163i \u015fi mai s\u0103raci \u015fi ne ciocnim de nedreptate \u015fi insuccese \u00een via\u0163a noastr\u0103, dar pentru c\u0103 astfel este voin\u0163a Lui cea bun\u0103 \u015fi atotdes\u0103v\u00e2r\u015fit\u0103. Doar f\u0103r\u0103 voin\u0163a Lui \u015fi un fir de p\u0103r de pe capul lui Ioan Botez\u0103torul nu ar fi c\u0103zut.<\/p>\n<p>Iat\u0103 anume cu aceast\u0103 credin\u0163\u0103 \u00een bun\u0103tatea \u015fi \u00een\u0163elepciunea proniei lui Dumnezeu noi trebuie s\u0103 realiz\u0103m via\u0163a noastr\u0103, av\u00e2nd \u00een fa\u0163a ochilor marele pilde, pe care ni le ofer\u0103 cuv\u00e2ntul lui Dumnezeu, vie\u0163ile sfin\u0163ilor \u015fi \u00eentreaga istorie a Bisericii.<\/p>\n<p style=\"text-align: right;\"><em>Din predica rostit\u0103 la 11 septembrie 2013, de s\u0103rb\u0103toarea T\u0103ierii Capului Sfantului Prooroc <br \/>\nIoan Botez\u0103torul \u015fi \u00cenaintemerg\u0103torul Domnului, \u00een paraclisul \u00een cinstea icoanei Maicii Domnului <br \/>\n\u201eGrabnica Ascult\u0103toare\u201d al re\u015fedin\u0163ei Patriarhale din Peredelkino.<\/em><\/p>\n<p style=\"text-align: right;\"><em>Sursa: <a href=\"http:\/\/www.patriarchia.ru\/md\/db\/text\/3239646.html\"><strong>Site-ul oficial al Patriarhiei Moscovei<\/strong><\/a><\/em><\/p>\n<p><strong>La aceia\u0219i tem\u0103:<\/strong> <a href=\"https:\/\/traditia.md\/ro\/zi-de-post-pentru-crestinii-ortodocsi-taierea-capului-sfantului-ioan-botezatorul\/\"><strong><em>Zi de post pentru cre\u0219tinii ortodoc\u0219i: T\u0103ierea capului Sf\u00e2ntului Ioan Botez\u0103torul<\/em><\/strong>\u00a0<\/a><\/p>\n","protected":false},"excerpt":{"rendered":"<p>Este zi de post negru. Patriarhul Chiril despre aceast\u0103 s\u0103rb\u0103toare trist\u0103 C\u00e2nd cite\u015fti aceast\u0103 istorie a\u00a0 uciderii Proorocului \u015fi \u00cenaintemerg\u0103torului Ioan, vr\u00e2nd-nevr\u00e2nd,&hellip;<\/p>\n","protected":false},"author":3,"featured_media":17907,"comment_status":"open","ping_status":"closed","sticky":false,"template":"","format":"standard","meta":{"_lmt_disableupdate":"","_lmt_disable":"","slim_seo":{"title":"La 11 septembrie cre\u0219tinii ortodoc\u0219i s\u0103rb\u0103toresc T\u0103ierea capului Sf\u00e2ntului Ioan Botez\u0103torul - traditia.md","description":"Este zi de post negru. Patriarhul Chiril despre aceast\u0103 s\u0103rb\u0103toare trist\u0103 C\u00e2nd cite\u015fti aceast\u0103 istorie a\u00a0 uciderii Proorocului \u015fi \u00cenaintemerg\u0103torului Ioan, vr\u00e2n"},"footnotes":""},"categories":[40,38],"tags":[],"class_list":["post-17909","post","type-post","status-publish","format-standard","has-post-thumbnail","hentry","category-apararea-credintei","category-stiri"],"_links":{"self":[{"href":"https:\/\/traditia.md\/ro\/wp-json\/wp\/v2\/posts\/17909","targetHints":{"allow":["GET"]}}],"collection":[{"href":"https:\/\/traditia.md\/ro\/wp-json\/wp\/v2\/posts"}],"about":[{"href":"https:\/\/traditia.md\/ro\/wp-json\/wp\/v2\/types\/post"}],"author":[{"embeddable":true,"href":"https:\/\/traditia.md\/ro\/wp-json\/wp\/v2\/users\/3"}],"replies":[{"embeddable":true,"href":"https:\/\/traditia.md\/ro\/wp-json\/wp\/v2\/comments?post=17909"}],"version-history":[{"count":0,"href":"https:\/\/traditia.md\/ro\/wp-json\/wp\/v2\/posts\/17909\/revisions"}],"wp:featuredmedia":[{"embeddable":true,"href":"https:\/\/traditia.md\/ro\/wp-json\/wp\/v2\/media\/17907"}],"wp:attachment":[{"href":"https:\/\/traditia.md\/ro\/wp-json\/wp\/v2\/media?parent=17909"}],"wp:term":[{"taxonomy":"category","embeddable":true,"href":"https:\/\/traditia.md\/ro\/wp-json\/wp\/v2\/categories?post=17909"},{"taxonomy":"post_tag","embeddable":true,"href":"https:\/\/traditia.md\/ro\/wp-json\/wp\/v2\/tags?post=17909"}],"curies":[{"name":"wp","href":"https:\/\/api.w.org\/{rel}","templated":true}]}}