{"id":17825,"date":"2023-09-08T09:28:32","date_gmt":"2023-09-08T06:28:32","guid":{"rendered":"https:\/\/traditia.md\/?p=17825"},"modified":"2023-09-08T09:29:57","modified_gmt":"2023-09-08T06:29:57","slug":"inscrieri-pentru-corul-de-copii-theotokos-din-chisinau","status":"publish","type":"post","link":"https:\/\/traditia.md\/ro\/inscrieri-pentru-corul-de-copii-theotokos-din-chisinau\/","title":{"rendered":"\u00censcrieri pentru Corul de copii \u201eTheotokos\u201d din Chi\u0219in\u0103u"},"content":{"rendered":"<p><strong><em>Cu binecuv\u00e2ntarea \u00cenaltpreasfin\u021biei Sale mitropolitul Vladimir, Corul de copii \u201eTheotokos\u201d de la Centrul social-misionar \u00een cinstea icoanei Maicii Domnului \u201eBucuria tuturor celor nec\u0103ji\u021bi\u201d din Chi\u0219in\u0103u invit\u0103 copiii cu v\u00e2rstele cuprinse \u00eentre 7 \u0219i 14 ani s\u0103 se al\u0103ture acestui proiect de comuniune prin intermediul muzicii.<\/em><\/strong><\/p>\n<p>Corul este coordonat de Anghelina Usat\u00eei, profesor de muzic\u0103 \u0219i dirijor cu experien\u021b\u0103 \u00een formarea \u0219i coordonarea mai multor coruri de copii \u0219i adul\u021bi.<\/p>\n<p>Copiii cu aptitudini muzicale au posibilitatea s\u0103 se \u00eenscrie pe parcursul lunii septembrie la Centrul social-misionar situat pe teritoriul Catedralei \u201e\u00cen\u0103l\u021barea Domnului\u201d (\u201eSf\u00e2nta Vineri\u201d) din str. Grigore Ureche nr. 58, \u00een fiecare zi de duminic\u0103 \u00een intervalul orar 14.00-16.00. Activitatea este gratuit\u0103.<\/p>\n<p>Proba va consta \u00een: testarea auzului muzical, teste de ritm \u0219i interpretarea unei melodii.<\/p>\n<p>Pentru informa\u021bii suplimentare pute\u021bi apela la num\u0103rul de tel. 068682291.<\/p>\n<p style=\"text-align: right;\"><em>Sursa: <a href=\"https:\/\/mitropolia.md\/inscrieri-pentru-corul-de-copii-theotokos-din-chisinau-2\/\"><strong>Mitropolia Chi\u0219in\u0103ului \u0219i a \u00eentregii Moldove<\/strong><\/a><\/em><\/p>\n","protected":false},"excerpt":{"rendered":"<p>Cu binecuv\u00e2ntarea \u00cenaltpreasfin\u021biei Sale mitropolitul Vladimir, Corul de copii \u201eTheotokos\u201d de la Centrul social-misionar \u00een cinstea icoanei Maicii Domnului \u201eBucuria tuturor celor&hellip;<\/p>\n","protected":false},"author":3,"featured_media":17823,"comment_status":"open","ping_status":"closed","sticky":false,"template":"","format":"standard","meta":{"_lmt_disableupdate":"","_lmt_disable":"","slim_seo":{"title":"\u00censcrieri pentru Corul de copii \u201eTheotokos\u201d din Chi\u0219in\u0103u - traditia.md","description":"Cu binecuv\u00e2ntarea \u00cenaltpreasfin\u021biei Sale mitropolitul Vladimir, Corul de copii \u201eTheotokos\u201d de la Centrul social-misionar \u00een cinstea icoanei Maicii Domnului \u201eBuc"},"footnotes":""},"categories":[39,38],"tags":[],"class_list":["post-17825","post","type-post","status-publish","format-standard","has-post-thumbnail","hentry","category-biserica-si-societatea","category-stiri"],"_links":{"self":[{"href":"https:\/\/traditia.md\/ro\/wp-json\/wp\/v2\/posts\/17825","targetHints":{"allow":["GET"]}}],"collection":[{"href":"https:\/\/traditia.md\/ro\/wp-json\/wp\/v2\/posts"}],"about":[{"href":"https:\/\/traditia.md\/ro\/wp-json\/wp\/v2\/types\/post"}],"author":[{"embeddable":true,"href":"https:\/\/traditia.md\/ro\/wp-json\/wp\/v2\/users\/3"}],"replies":[{"embeddable":true,"href":"https:\/\/traditia.md\/ro\/wp-json\/wp\/v2\/comments?post=17825"}],"version-history":[{"count":0,"href":"https:\/\/traditia.md\/ro\/wp-json\/wp\/v2\/posts\/17825\/revisions"}],"wp:featuredmedia":[{"embeddable":true,"href":"https:\/\/traditia.md\/ro\/wp-json\/wp\/v2\/media\/17823"}],"wp:attachment":[{"href":"https:\/\/traditia.md\/ro\/wp-json\/wp\/v2\/media?parent=17825"}],"wp:term":[{"taxonomy":"category","embeddable":true,"href":"https:\/\/traditia.md\/ro\/wp-json\/wp\/v2\/categories?post=17825"},{"taxonomy":"post_tag","embeddable":true,"href":"https:\/\/traditia.md\/ro\/wp-json\/wp\/v2\/tags?post=17825"}],"curies":[{"name":"wp","href":"https:\/\/api.w.org\/{rel}","templated":true}]}}