{"id":17819,"date":"2023-09-07T13:02:24","date_gmt":"2023-09-07T10:02:24","guid":{"rendered":"https:\/\/traditia.md\/?p=17819"},"modified":"2023-09-07T13:03:38","modified_gmt":"2023-09-07T10:03:38","slug":"peste-o-suta-de-copii-aflati-in-dificultate-ajutati-cu-ghiozdane-si-rechizite-la-inceput-de-an-scolar","status":"publish","type":"post","link":"https:\/\/traditia.md\/ro\/peste-o-suta-de-copii-aflati-in-dificultate-ajutati-cu-ghiozdane-si-rechizite-la-inceput-de-an-scolar\/","title":{"rendered":"Peste o sut\u0103 de copii afla\u021bi \u00een dificultate, ajuta\u021bi cu ghiozdane \u0219i rechizite la \u00eenceput de an \u0219colar"},"content":{"rendered":"<p><strong><em>\u00centre 15 iulie \u0219i 31 august 2023, cu binecuv\u00e2ntarea \u00cenaltpreasfin\u021bitului mitropolit Vladimir a avut loc cea de-a patra edi\u021bie a Campaniei de sprijinire a copiilor defavoriza\u021bi \u201eAjut\u0103 un copil s\u0103 mearg\u0103 la \u0219coal\u0103!\u201d, ini\u021biat\u0103 de Sectorul sinodal pentru activitate social\u0103 \u0219i caritate al Bisericii Ortodoxe din Moldova.<\/em><\/strong><\/p>\n<p>\u00cen cadrul ei s-au colectat peste 100 de ghiozdane cu rechizite \u0219colare pentru copiii proveni\u021bi din familiile social-vulnerabile din \u021bar\u0103, beneficiari ai campaniei din acest an.<\/p>\n<p>Ghiozdanele echipate cu rechizite, \u00eembr\u0103c\u0103mintea, \u00eenc\u0103l\u021b\u0103mintea, produsele alimentare \u0219i de igien\u0103, juc\u0103riile \u0219i alte daruri au fost generos oferite copiilor de c\u0103tre pre\u0219edintele Sectorului sinodal pentru activitate social\u0103 \u0219i caritate, p\u0103rintele ierodiacon Macarie. Evenimentul a avut loc la Centrul social-misionar \u00een cinstea icoanei Maicii Domnului \u201eBucuria tuturor celor nec\u0103ji\u021bi\u201d al Mitropoliei Chi\u0219in\u0103ului \u0219i al \u00eentregii Moldove.<\/p>\n<p>Darurile au fost oferite din sufletele pline de compasiune ale donatorilor pentru aproximativ 100 de copii \u0219i elevi afla\u021bi \u00een situa\u021bii de defavorizare sau risc din \u00eentreaga \u021bar\u0103. Ace\u0219ti copii primesc astfel o \u0219ans\u0103 egal\u0103 la educa\u021bie, \u00eencep\u00e2nd noul an \u0219colar cu bucuria de a merge la \u0219coal\u0103, purt\u00e2nd ghiozdane noi \u0219i pline cu rechizite.<\/p>\n<p>Adres\u0103m din inima noastr\u0103 \u0219i din partea beneficiarilor sincer\u0103 recuno\u0219tin\u021b\u0103 \u0219i mul\u021bumire, tuturor celor care s-au transformat \u00een adev\u0103ra\u021bi eroi pentru ace\u0219ti tineri c\u0103l\u0103tori spre cunoa\u0219tere. A\u021bi demonstrat un exemplu remarcabil de implicare \u00een campania nobil\u0103 a faptelor bune, fie ca voluntari sau donatori.<\/p>\n<p>S\u0103 ne ajute Bunul Dumnezeu s\u0103 aducem \u0219i \u00een continuare speran\u021b\u0103 \u0219i bucurie \u00een inimile \u0219i sufletele celor mai tri\u0219ti ca noi!<\/p>\n<p style=\"text-align: right;\"><em>Sursa: <a href=\"https:\/\/mitropolia.md\/peste-o-suta-de-copii-aflati-in-dificultate-sprijiniti-cu-ghiozdane-si-rechizite-la-inceput-de-an-scolar\/?fbclid=IwAR1Hg7Kvwtz6oTF74yQ0dKbDIc31VjEKTz1fRNcPZEHDeBMf3Vv4rxDOvD0\"><strong>Mitropolia Chi\u0219in\u0103ului \u0219i a \u00eentregii Moldove<\/strong><\/a><\/em><\/p>\n<p><img fetchpriority=\"high\" decoding=\"async\" class=\"alignnone size-full wp-image-17811\" src=\"https:\/\/traditia.md\/wp-content\/uploads\/2023\/09\/1-2.jpg\" alt=\"1\" width=\"300\" height=\"225\" \/><img decoding=\"async\" class=\"alignnone size-full wp-image-17813\" src=\"https:\/\/traditia.md\/wp-content\/uploads\/2023\/09\/2-2.jpg\" alt=\"2\" width=\"300\" height=\"225\" \/><img decoding=\"async\" class=\"alignnone size-full wp-image-17815\" src=\"https:\/\/traditia.md\/wp-content\/uploads\/2023\/09\/3-2.jpg\" alt=\"3\" width=\"300\" height=\"225\" \/><\/p>\n","protected":false},"excerpt":{"rendered":"<p>\u00centre 15 iulie \u0219i 31 august 2023, cu binecuv\u00e2ntarea \u00cenaltpreasfin\u021bitului mitropolit Vladimir a avut loc cea de-a patra edi\u021bie a Campaniei de&hellip;<\/p>\n","protected":false},"author":3,"featured_media":17817,"comment_status":"open","ping_status":"closed","sticky":false,"template":"","format":"standard","meta":{"_lmt_disableupdate":"","_lmt_disable":"","slim_seo":{"title":"Peste o sut\u0103 de copii afla\u021bi \u00een dificultate, ajuta\u021bi cu ghiozdane \u0219i rechizite la \u00eenceput de an \u0219colar - traditia.md","description":"\u00centre 15 iulie \u0219i 31 august 2023, cu binecuv\u00e2ntarea \u00cenaltpreasfin\u021bitului mitropolit Vladimir a avut loc cea de-a patra edi\u021bie a Campaniei de sprijinire a copiil"},"footnotes":""},"categories":[39,38],"tags":[],"class_list":["post-17819","post","type-post","status-publish","format-standard","has-post-thumbnail","hentry","category-biserica-si-societatea","category-stiri"],"_links":{"self":[{"href":"https:\/\/traditia.md\/ro\/wp-json\/wp\/v2\/posts\/17819","targetHints":{"allow":["GET"]}}],"collection":[{"href":"https:\/\/traditia.md\/ro\/wp-json\/wp\/v2\/posts"}],"about":[{"href":"https:\/\/traditia.md\/ro\/wp-json\/wp\/v2\/types\/post"}],"author":[{"embeddable":true,"href":"https:\/\/traditia.md\/ro\/wp-json\/wp\/v2\/users\/3"}],"replies":[{"embeddable":true,"href":"https:\/\/traditia.md\/ro\/wp-json\/wp\/v2\/comments?post=17819"}],"version-history":[{"count":0,"href":"https:\/\/traditia.md\/ro\/wp-json\/wp\/v2\/posts\/17819\/revisions"}],"wp:featuredmedia":[{"embeddable":true,"href":"https:\/\/traditia.md\/ro\/wp-json\/wp\/v2\/media\/17817"}],"wp:attachment":[{"href":"https:\/\/traditia.md\/ro\/wp-json\/wp\/v2\/media?parent=17819"}],"wp:term":[{"taxonomy":"category","embeddable":true,"href":"https:\/\/traditia.md\/ro\/wp-json\/wp\/v2\/categories?post=17819"},{"taxonomy":"post_tag","embeddable":true,"href":"https:\/\/traditia.md\/ro\/wp-json\/wp\/v2\/tags?post=17819"}],"curies":[{"name":"wp","href":"https:\/\/api.w.org\/{rel}","templated":true}]}}