{"id":17666,"date":"2023-09-04T11:57:02","date_gmt":"2023-09-04T08:57:02","guid":{"rendered":"https:\/\/traditia.md\/?p=17666"},"modified":"2023-09-04T20:31:52","modified_gmt":"2023-09-04T17:31:52","slug":"felicitarea-patriarhului-adresata-scriitorului-poporului-moldovei-ion-druta-cu-prilejul-aniversarii-a-95-de-ani","status":"publish","type":"post","link":"https:\/\/traditia.md\/ro\/felicitarea-patriarhului-adresata-scriitorului-poporului-moldovei-ion-druta-cu-prilejul-aniversarii-a-95-de-ani\/","title":{"rendered":"Felicitarea Patriarhului adresat\u0103 scriitorului poporului Moldovei Ion Dru\u021b\u0103 cu prilejul anivers\u0103rii a 95 de ani"},"content":{"rendered":"<p><strong><em>Sanctitatea Sa Patriarhul Moscovei \u0219i al \u00eentregii Rusii Chiril l-a felicitat pe scriitorul poporului Moldovei Ion Dru\u021b\u0103 cu prilejul anivers\u0103rii a 95 de ani de la na\u0219tere.<\/em><\/strong><\/p>\n<p><strong>Scriitorului poporului Moldovei I.P. Dru\u021b\u0103<\/strong><\/p>\n<p>Stimate Ion Panteleevici!<\/p>\n<p>V\u0103 felicit cordial cu ocazia anivers\u0103rii a 95 de ani din ziua na\u0219terii!<\/p>\n<p>De la Domnul a\u021bi fost d\u0103ruit cu un talent literar str\u0103lucit, pe care l-a\u021bi multiplicat mult cu s\u00e2rguin\u021b\u0103, combinat\u0103 cu c\u0103utarea creativ\u0103 permanent\u0103 \u0219i dorin\u021ba de a descoperi cititorului frumuse\u021bea lumii create de Dumnezeu \u0219i bog\u0103\u021bia credin\u021bei ortodoxe \u0219i a tradi\u021biei spirituale.<\/p>\n<p>Este minunat c\u0103 operele Dumneavoastr\u0103, sl\u0103vind p\u0103m\u00e2ntul natal moldovenesc \u0219i ating\u00e2nd probleme morale profunde, g\u0103sesc un r\u0103spuns sincer nu doar \u00een inimile oamenilor care au adunat \u00een\u021belepciune pe parcursul vie\u021bii, ci \u0219i \u00een cele ale genera\u021biei tinere, \u00een care \u00eencerca\u021bi s\u0103 trezi\u021bi sentimente \u00eenalte, s\u0103 cultiva\u021bi dragoste pentru Hristos, Patrie \u0219i cei apropia\u021bi.<\/p>\n<p>V\u0103 doresc puterea for\u021belor, vioiciunea duhului, pace sufleteasc\u0103 \u0219i ajutorul generos al lui Dumnezeu \u00een cauza m\u00e2ntuirii.<\/p>\n<p>Cu respect,<\/p>\n<p style=\"text-align: right;\"><strong><em>+CHIRIL, PATRIARHUL MOSCOVEI \u0218I AL \u00ceNTREGII RUSII<\/em><\/strong><\/p>\n<p style=\"text-align: right;\"><em>Sursa<strong>: <a href=\"http:\/\/www.patriarchia.ru\/db\/text\/6050420.html\">Site-ul oficial al Patriarhiei Moscovei<\/a><\/strong><\/em><\/p>\n","protected":false},"excerpt":{"rendered":"<p>Sanctitatea Sa Patriarhul Moscovei \u0219i al \u00eentregii Rusii Chiril l-a felicitat pe scriitorul poporului Moldovei Ion Dru\u021b\u0103 cu prilejul anivers\u0103rii a 95&hellip;<\/p>\n","protected":false},"author":3,"featured_media":17659,"comment_status":"open","ping_status":"closed","sticky":false,"template":"","format":"standard","meta":{"_lmt_disableupdate":"","_lmt_disable":"","slim_seo":{"title":"Felicitarea Patriarhului adresat\u0103 scriitorului poporului Moldovei Ion Dru\u021b\u0103 cu prilejul anivers\u0103rii a 95 de ani - traditia.md","description":"Sanctitatea Sa Patriarhul Moscovei \u0219i al \u00eentregii Rusii Chiril l-a felicitat pe scriitorul poporului Moldovei Ion Dru\u021b\u0103 cu prilejul anivers\u0103rii a 95 de ani de l"},"footnotes":""},"categories":[39,38],"tags":[],"class_list":["post-17666","post","type-post","status-publish","format-standard","has-post-thumbnail","hentry","category-biserica-si-societatea","category-stiri"],"_links":{"self":[{"href":"https:\/\/traditia.md\/ro\/wp-json\/wp\/v2\/posts\/17666","targetHints":{"allow":["GET"]}}],"collection":[{"href":"https:\/\/traditia.md\/ro\/wp-json\/wp\/v2\/posts"}],"about":[{"href":"https:\/\/traditia.md\/ro\/wp-json\/wp\/v2\/types\/post"}],"author":[{"embeddable":true,"href":"https:\/\/traditia.md\/ro\/wp-json\/wp\/v2\/users\/3"}],"replies":[{"embeddable":true,"href":"https:\/\/traditia.md\/ro\/wp-json\/wp\/v2\/comments?post=17666"}],"version-history":[{"count":0,"href":"https:\/\/traditia.md\/ro\/wp-json\/wp\/v2\/posts\/17666\/revisions"}],"wp:featuredmedia":[{"embeddable":true,"href":"https:\/\/traditia.md\/ro\/wp-json\/wp\/v2\/media\/17659"}],"wp:attachment":[{"href":"https:\/\/traditia.md\/ro\/wp-json\/wp\/v2\/media?parent=17666"}],"wp:term":[{"taxonomy":"category","embeddable":true,"href":"https:\/\/traditia.md\/ro\/wp-json\/wp\/v2\/categories?post=17666"},{"taxonomy":"post_tag","embeddable":true,"href":"https:\/\/traditia.md\/ro\/wp-json\/wp\/v2\/tags?post=17666"}],"curies":[{"name":"wp","href":"https:\/\/api.w.org\/{rel}","templated":true}]}}