{"id":17581,"date":"2023-09-02T10:04:17","date_gmt":"2023-09-02T07:04:17","guid":{"rendered":"https:\/\/traditia.md\/?p=17581"},"modified":"2023-09-02T10:05:25","modified_gmt":"2023-09-02T07:05:25","slug":"mitropolitul-vladimir-dumnezeu-sa-le-dea-sanatate-dascalilor-si-intelepciune-elevilor-si-studentilor","status":"publish","type":"post","link":"https:\/\/traditia.md\/ro\/mitropolitul-vladimir-dumnezeu-sa-le-dea-sanatate-dascalilor-si-intelepciune-elevilor-si-studentilor\/","title":{"rendered":"Mitropolitul Vladimir: \u201eDumnezeu s\u0103 le dea s\u0103n\u0103tate dasc\u0103lilor \u0219i \u00een\u021belepciune elevilor \u0219i studen\u021bilor\u201d"},"content":{"rendered":"<p><strong><em>\u00cenaltpreasfin\u021bitul mitropolit Vladimir s-a adresat cu un mesaj de binecuv\u00e2ntare la \u00eenceputul noului an \u0219colar.<\/em><\/strong><\/p>\n<p>Dragi elevi \u015fi studen\u0163i, stima\u0163i dasc\u0103li, iub\u0163i \u00eentru Hristos fra\u0163i \u015fi surori,<\/p>\n<p>Cu ajutorul \u0219i binecuv\u00e2ntarea P\u0103rintelui ceresc, \u00eencepem noul an \u0219colar 2023-2024, perioad\u0103 r\u00e2nduit\u0103 pentru preg\u0103tirea didactic\u0103, intelectual\u0103, religioas\u0103 \u0219i moral\u0103 a copiilor \u0219i tinerilor cet\u0103\u021beni ai Republicii Moldova.<\/p>\n<p>Institu\u021bie fundamental\u0103 a devenirii noastre, \u0219coala a luat fiin\u021b\u0103 \u00een tinda Bisericii \u0219i a \u00eensemnat \u0219i \u00eenseamn\u0103 cunoa\u0219tere, \u0219tiin\u021b\u0103, cultur\u0103, spiritualitate, respect fa\u021b\u0103 de valorile \u0219i tradi\u021biile statornicite de \u00eenainta\u0219i, loc \u0219i loca\u0219 \u00een care s-a pl\u0103m\u0103dit ob\u00e2r\u0219ia neamului nostru.<\/p>\n<p>\u00cen prag de toamn\u0103, \u00een\u0103l\u021b\u0103m smerit\u0103 rug\u0103ciune c\u0103tre Dumnezeu, Cel \u00een Treime pream\u0103rit, pentru to\u021bi dasc\u0103lii, elevii, studen\u021bii, pentru p\u0103rin\u021bi \u0219i pentru familia cre\u0219tin\u0103, ca \u00eentru s\u0103n\u0103tate, pace sufleteasc\u0103 \u0219i bucurie duhovniceasc\u0103 s\u0103 p\u0103\u0219easc\u0103 \u00een noul an \u0219colar.<\/p>\n<p>\u00cel rug\u0103m pe Dumnezeu s\u0103 le dea s\u0103n\u0103tate dasc\u0103lilor \u0219i receptivitate, \u0219i \u00een\u021belepciune elevilor \u0219i studen\u021bilor ca s\u0103 primeasc\u0103 toat\u0103 \u00eenv\u0103\u021b\u0103tura cea bun\u0103 \u0219i folositoare.<\/p>\n<p>Un g\u00e2nd bun \u00eendrept\u0103m spre to\u021bi p\u0103rin\u021bii care, plini de n\u0103dejde, v\u0103 \u00eencredin\u021ba\u021bi copiii \u00een bra\u021bele dasc\u0103lilor \u0219i v\u0103 str\u0103dui\u021bi s\u0103 le asigura\u021bi toate cele necesare studiului. Asculta\u021bi \u0219i voi, dragi p\u0103rin\u021bi, cuv\u00e2ntul nepieritor al Domnului, consemnat \u00een Sf\u00e2nta Scriptur\u0103: <em>\u201eDeprinde pe t\u00e2n\u0103r cu purtarea pe care trebuie s-o aib\u0103; chiar c\u00e2nd va \u00eemb\u0103tr\u00e2ni nu se va abate de la ea.\u201d<\/em> (Pildele lui Solomon 6:4).<\/p>\n<p>S\u0103 dea Domnul ca anul de \u00eenv\u0103\u0163\u0103m\u00e2nt 2023\u20132024 s\u0103 fie \u00eencununat cu rezultate bune, spre bucuria p\u0103rin\u021bilor \u0219i a noastr\u0103 a tuturor.<\/p>\n<p>Cu dragoste cre\u015ftineasc\u0103 \u015fi arhiere\u015fti binecuv\u00e2nt\u0103ri,<\/p>\n<p style=\"text-align: right;\"><strong><em>\u2020 VLADIMIR, MITROPOLIT AL CHI\u015eIN\u0102ULUI \u015eI AL \u00ceNTREGII MOLDOVE<\/em><\/strong><\/p>\n<p style=\"text-align: right;\"><em>Sursa: <a href=\"https:\/\/mitropolia.md\/ips-mitropolit-vladimir-mesaj-de-binecuvantare-la-inceputul-noului-an-scolar\/?fbclid=IwAR1wOswDeMnlzVcWZhAdUUaqlHoC6kUNQOZb0r4jqgJMgG4KknbodJhvamw\"><strong>Mitropolia Chi\u0219in\u0103ului \u0219i a \u00eentregii Moldove<\/strong><\/a><\/em><\/p>\n","protected":false},"excerpt":{"rendered":"<p>\u00cenaltpreasfin\u021bitul mitropolit Vladimir s-a adresat cu un mesaj de binecuv\u00e2ntare la \u00eenceputul noului an \u0219colar. Dragi elevi \u015fi studen\u0163i, stima\u0163i dasc\u0103li, iub\u0163i&hellip;<\/p>\n","protected":false},"author":3,"featured_media":10268,"comment_status":"open","ping_status":"closed","sticky":false,"template":"","format":"standard","meta":{"_lmt_disableupdate":"","_lmt_disable":"","slim_seo":{"title":"Mitropolitul Vladimir: \u201eDumnezeu s\u0103 le dea s\u0103n\u0103tate dasc\u0103lilor \u0219i \u00een\u021belepciune elevilor \u0219i studen\u021bilor\u201d - traditia.md","description":"\u00cenaltpreasfin\u021bitul mitropolit Vladimir s-a adresat cu un mesaj de binecuv\u00e2ntare la \u00eenceputul noului an \u0219colar. Dragi elevi \u015fi studen\u0163i, stima\u0163i dasc\u0103li, iub\u0163i \u00ee"},"footnotes":""},"categories":[39,38],"tags":[],"class_list":["post-17581","post","type-post","status-publish","format-standard","has-post-thumbnail","hentry","category-biserica-si-societatea","category-stiri"],"_links":{"self":[{"href":"https:\/\/traditia.md\/ro\/wp-json\/wp\/v2\/posts\/17581","targetHints":{"allow":["GET"]}}],"collection":[{"href":"https:\/\/traditia.md\/ro\/wp-json\/wp\/v2\/posts"}],"about":[{"href":"https:\/\/traditia.md\/ro\/wp-json\/wp\/v2\/types\/post"}],"author":[{"embeddable":true,"href":"https:\/\/traditia.md\/ro\/wp-json\/wp\/v2\/users\/3"}],"replies":[{"embeddable":true,"href":"https:\/\/traditia.md\/ro\/wp-json\/wp\/v2\/comments?post=17581"}],"version-history":[{"count":0,"href":"https:\/\/traditia.md\/ro\/wp-json\/wp\/v2\/posts\/17581\/revisions"}],"wp:featuredmedia":[{"embeddable":true,"href":"https:\/\/traditia.md\/ro\/wp-json\/wp\/v2\/media\/10268"}],"wp:attachment":[{"href":"https:\/\/traditia.md\/ro\/wp-json\/wp\/v2\/media?parent=17581"}],"wp:term":[{"taxonomy":"category","embeddable":true,"href":"https:\/\/traditia.md\/ro\/wp-json\/wp\/v2\/categories?post=17581"},{"taxonomy":"post_tag","embeddable":true,"href":"https:\/\/traditia.md\/ro\/wp-json\/wp\/v2\/tags?post=17581"}],"curies":[{"name":"wp","href":"https:\/\/api.w.org\/{rel}","templated":true}]}}