{"id":17526,"date":"2023-08-31T10:29:22","date_gmt":"2023-08-31T07:29:22","guid":{"rendered":"https:\/\/traditia.md\/?p=17526"},"modified":"2023-08-31T10:30:38","modified_gmt":"2023-08-31T07:30:38","slug":"profesorilor-si-studentilor-academiei-de-teologie-din-kiev-le-a-fost-interzis-accesul-la-cladirile-de-studii-ale-lavrei-pecerska-din-kiev","status":"publish","type":"post","link":"https:\/\/traditia.md\/ro\/profesorilor-si-studentilor-academiei-de-teologie-din-kiev-le-a-fost-interzis-accesul-la-cladirile-de-studii-ale-lavrei-pecerska-din-kiev\/","title":{"rendered":"Profesorilor \u0219i studen\u021bilor Academiei de Teologie din Kiev le-a fost interzis accesul la cl\u0103dirile de studii ale Lavrei Pecerska din Kiev"},"content":{"rendered":"<p><strong><em>\u00cen leg\u0103tur\u0103 cu presiunea cresc\u00e2nd\u0103 asupra Bisericii Ortodoxe din Ucraina \u0219i expulzarea reprezentan\u021bilor acesteia, inclusiv a profesorilor \u0219i studen\u021bilor celei mai vechi institu\u021bii de \u00eenv\u0103\u021b\u0103m\u00e2nt ortodox din Europa de Est, de pe teritoriul Lavrei Pe\u0219terilor din Kiev Sanctitatea Sa Patriarhul Chiril a binecuv\u00e2ntat Departamentul sinodal pentru rela\u021biile Bisericii cu societatea \u0219i mass-media s\u0103 fac\u0103 urm\u0103toarea declara\u021bie:<\/em><\/strong><\/p>\n<p>La sf\u00e2r\u0219itul lunii august 2023, Ministerul Culturii \u0219i Politicii Informa\u021bionale al Ucrainei a confirmat interdic\u021bia pentru profesorii \u0219i studen\u021bii Academiei de Teologie din Kiev de a avea acces la cl\u0103dirile de \u00eenv\u0103\u021b\u0103m\u00e2nt de pe teritoriul Lavrei Pecerska din Kiev.<\/p>\n<p>Aceast\u0103 decizie este parte component\u0103 a programului de stat, anun\u021bat \u0219i aprobat oficial de c\u0103tre autorit\u0103\u021bile ucrainene \u00een anul 2022, de a sl\u0103bi \u0219i distruge Biserica Ortodox\u0103 din Ucraina, de a pune m\u00e2na pe m\u0103n\u0103stirile \u0219i sfintele odoare istorice ale acesteia \u0219i de a lichida comunit\u0103\u021bile ei religioase.<\/p>\n<p>Prin aceast\u0103 decizie nelegitim\u0103 a guvernului Ucrainei continue distrugerea sistematic\u0103 a M\u0103n\u0103stirii Pe\u0219terilor din Kiev, a\u0219ez\u0103m\u00e2nt monahal cu vechime milenar\u0103, \u0219i a tradi\u021biei duhovnice\u0219ti, intelectuale, culturale \u0219i istorice legate de ea.<\/p>\n<p>Se \u00eencearc\u0103 obstruc\u021bionarea activit\u0103\u021bilor \u0219colii teologice cu o istorie de peste patru sute de ani. Viitorii slujitori ai Sf\u00e2ntului Altar sunt lipsi\u021bi de oportunitatea cre\u0219terii duhovnice\u0219ti l\u00e2ng\u0103 vechile sfinte odoare ale Lavrei.<\/p>\n<p>Biserica Ortodox\u0103 Rus\u0103 \u00ee\u0219i declar\u0103 protestul categoric \u00eempotriva expulz\u0103rii Academiei de Teologie din Kiev de pe teritoriul Lavrei Pecerska \u201eSf\u00e2nta Adormire a Maicii Domnului\u201d din Kiev.<\/p>\n<p>Apel\u0103m la organiza\u021biile interna\u021bionale pentru drepturile omului, la comunitatea \u0219tiin\u021bific\u0103 \u0219i teologic\u0103 ortodox\u0103 mondial\u0103, la institu\u021biile de \u00eenv\u0103\u021b\u0103m\u00e2nt religioase \u0219i laice din \u00eentreaga lume cu solicitarea s\u0103 se pronun\u021be \u00een ap\u0103rarea celei mai vechi institu\u021bii de \u00eenv\u0103\u021b\u0103m\u00e2nt ortodox din Europa de Est \u0219i s\u0103 \u00eentreprind\u0103 m\u0103suri posibile \u00een sprijinul acesteia.<\/p>\n<p style=\"text-align: right;\"><em>Sursa: <a href=\"http:\/\/www.patriarchia.ru\/db\/text\/6055117.html\"><strong>Site-ul oficial al Patriarhiei Moscovei<\/strong><\/a><\/em><\/p>\n","protected":false},"excerpt":{"rendered":"<p>\u00cen leg\u0103tur\u0103 cu presiunea cresc\u00e2nd\u0103 asupra Bisericii Ortodoxe din Ucraina \u0219i expulzarea reprezentan\u021bilor acesteia, inclusiv a profesorilor \u0219i studen\u021bilor celei mai vechi&hellip;<\/p>\n","protected":false},"author":3,"featured_media":17524,"comment_status":"open","ping_status":"closed","sticky":false,"template":"","format":"standard","meta":{"_lmt_disableupdate":"","_lmt_disable":"","slim_seo":{"title":"Profesorilor \u0219i studen\u021bilor Academiei de Teologie din Kiev le-a fost interzis accesul la cl\u0103dirile de studii ale Lavrei Pecerska din Kiev - traditia.md","description":"\u00cen leg\u0103tur\u0103 cu presiunea cresc\u00e2nd\u0103 asupra Bisericii Ortodoxe din Ucraina \u0219i expulzarea reprezentan\u021bilor acesteia, inclusiv a profesorilor \u0219i studen\u021bilor celei m"},"footnotes":""},"categories":[39,38],"tags":[],"class_list":["post-17526","post","type-post","status-publish","format-standard","has-post-thumbnail","hentry","category-biserica-si-societatea","category-stiri"],"_links":{"self":[{"href":"https:\/\/traditia.md\/ro\/wp-json\/wp\/v2\/posts\/17526","targetHints":{"allow":["GET"]}}],"collection":[{"href":"https:\/\/traditia.md\/ro\/wp-json\/wp\/v2\/posts"}],"about":[{"href":"https:\/\/traditia.md\/ro\/wp-json\/wp\/v2\/types\/post"}],"author":[{"embeddable":true,"href":"https:\/\/traditia.md\/ro\/wp-json\/wp\/v2\/users\/3"}],"replies":[{"embeddable":true,"href":"https:\/\/traditia.md\/ro\/wp-json\/wp\/v2\/comments?post=17526"}],"version-history":[{"count":0,"href":"https:\/\/traditia.md\/ro\/wp-json\/wp\/v2\/posts\/17526\/revisions"}],"wp:featuredmedia":[{"embeddable":true,"href":"https:\/\/traditia.md\/ro\/wp-json\/wp\/v2\/media\/17524"}],"wp:attachment":[{"href":"https:\/\/traditia.md\/ro\/wp-json\/wp\/v2\/media?parent=17526"}],"wp:term":[{"taxonomy":"category","embeddable":true,"href":"https:\/\/traditia.md\/ro\/wp-json\/wp\/v2\/categories?post=17526"},{"taxonomy":"post_tag","embeddable":true,"href":"https:\/\/traditia.md\/ro\/wp-json\/wp\/v2\/tags?post=17526"}],"curies":[{"name":"wp","href":"https:\/\/api.w.org\/{rel}","templated":true}]}}