{"id":16802,"date":"2023-08-11T09:46:33","date_gmt":"2023-08-11T06:46:33","guid":{"rendered":"https:\/\/traditia.md\/?p=16802"},"modified":"2023-08-11T09:48:50","modified_gmt":"2023-08-11T06:48:50","slug":"rana-netamaduita-a-bisericii-ortodoxe-din-moldova-3","status":"publish","type":"post","link":"https:\/\/traditia.md\/ro\/rana-netamaduita-a-bisericii-ortodoxe-din-moldova-3\/","title":{"rendered":"Rana net\u0103m\u0103duit\u0103 a Bisericii Ortodoxe din Moldova \u2013 3"},"content":{"rendered":"<p><strong><em>Traditia.md continue s\u0103 publice r\u0103spunsurile la \u00eentreb\u0103rile care ne sunt adresate \u00een cadrul rubricii dedicate schismei biserice\u0219ti din Republica Moldova. <\/em><\/strong><\/p>\n<p><em>R\u0103spunsurile anterioare vezi: <a href=\"https:\/\/traditia.md\/ro\/rana-netamaduita-a-bisericii-ortodoxe-din-moldova\/\">Rana net\u0103m\u0103duit\u0103 a Bisericii Ortodoxe din Moldova<\/a>, <\/em><em>\u00a0<a href=\"https:\/\/traditia.md\/ro\/rana-netamaduita-a-bisericii-ortodoxe-din-moldova-2\/\">Rana net\u0103m\u0103duit\u0103 a Bisericii Ortodoxe din Moldova \u2013 2<\/a>.\u00a0<\/em><\/p>\n<p>Una din persoanele \u00een v\u0103zul c\u0103rora, \u00een anul 1992, se desf\u0103\u0219urau ac\u021biunile anticanonice de r\u0103nire a Trupului Sf\u00e2nt al Bisericii este <strong>protoiereul Petru Ciunciuc, parhoh al Bisericii cu hramul \u201eSf\u00e2nta Cuvioasa Parascheva\u201d din cadrul Eparhiei de B\u0103l\u021bi \u0219i F\u0103le\u0219ti<\/strong>, care atunci slujea protodiacon \u00een capitala de nord a Moldovei. L-am rugat pe p\u0103rintele Petru s\u0103 ne r\u0103spund\u0103 la c\u00e2teva \u00eentreb\u0103ri.<\/p>\n<p><strong>Traditia.md:<em> Preacucernicia Voastr\u0103 a\u021bi fost martor ocular al evenimentelor din anul 1992 legate de apari\u021bia a\u0219a-numitei Mitropolii a Basarabiei. V\u0103 rug\u0103m s\u0103 ne povesti\u021bi cum de fapt a \u00eezbucnit schisma bisericeasc\u0103 \u00een Republica Moldova?<\/em><\/strong><\/p>\n<p><strong><img fetchpriority=\"high\" decoding=\"async\" class=\"wp-image-16800 alignleft\" src=\"https:\/\/traditia.md\/wp-content\/uploads\/2023\/08\/parintele_petru_ciunciuc.jpg\" alt=\"P\u0103rintele_Petru_Ciunciuc\" width=\"233\" height=\"313\" srcset=\"https:\/\/traditia.md\/wp-content\/uploads\/2023\/08\/parintele_petru_ciunciuc.jpg 274w, https:\/\/traditia.md\/wp-content\/uploads\/2023\/08\/parintele_petru_ciunciuc-223x300.jpg 223w\" sizes=\"(max-width: 233px) 100vw, 233px\" \/>Protoiereul Petru Ciunciuc:<\/strong> Toate s-au petrecut \u00een anul 1992. S-a \u00eenceput cam pe la sf\u00e2r\u0219itul anului 1991 \u2013 \u00eenceputul anului 1992, c\u00e2nd a fost instituit\u0103 Eparhia de B\u0103l\u021bi \u00een calitate de vicariat. \u0218i a fost numit episcopul Petru (P\u0103duraru) \u00een func\u021bia de episcop-vicar cu re\u0219edin\u021ba la B\u0103l\u021bi.<\/p>\n<p>De la \u00eenceput era totul bine, nimic nu prevestea neor\u00e2nduial\u0103. Dar de la un timp, este opinia mea, episcopul Petru a \u00eenceput treptat s\u0103 cad\u0103 sub influen\u021ba unor persoane care, \u00eencep\u00e2nd cu prim\u0103vara anului 1992, \u00ee\u0219i f\u0103ceau apari\u021bia foarte des la re\u0219edin\u021ba episcopal\u0103, veneau practic \u00een fiecare s\u0103pt\u0103m\u00e2n\u0103. Ini\u021bial erau doar preo\u021bi \u2013 la B\u0103l\u021bi veneau Ioan E\u0219anu, Petru Buburuz. \u0218i foarte des d\u00e2n\u0219ii \u00eel luau pe vl\u0103dica Petru \u0219i plecau \u00eempreun\u0103 la Ia\u0219i.<\/p>\n<p>Practic, totul a pornit de la fostul mitropolit al Ia\u0219ului Daniel, actualul Patriarh al Rom\u00e2niei. Ideile lui acestea au fost \u2013 de a crea \u201eMitropolia Basarabiei\u201d. Pur \u0219i simplu ei au g\u0103sit aici, la noi, persoana prin care ulterior s\u0103 lucreze, pe care s-o foloseasc\u0103. Pentru c\u0103 nu a fost aceasta ideea episcopului Petru, cu a\u0219a-numita reactivare aici, la noi, a fostei mitropolii rom\u00e2ne de p\u00e2n\u0103 la 1940. Toate ideile au venit de acolo, de peste Prut.<\/p>\n<p>\u0218i au mai fost c\u00e2teva persoane mai pu\u021bin importante care permanent erau la vicariat, apoi au g\u0103sit \u0219i una printe mireni, cu cuno\u0219tin\u021be juridice, care s\u0103 fie competent\u0103 \u00een sfera bisericeasc\u0103, ea s-a implicat foarte activ \u00een crearea acestei \u201emitropolii\u201d. Acest\u0103 persoan\u0103 era Vlad Cubreacov, unul din liderii Frontului Popular, pe atunci d\u00e2nsul ocupa \u0219i func\u021bia de \u0219ef al Departamentului culte din cadrul Ministerului Culturii \u0219i Cultelor al Republicii Moldova.<\/p>\n<p>Au \u00eenceput a aduce aici, la Vicariatul din B\u0103l\u021bi, persoane din Rom\u00e2nia care, practic, \u00eei negau pe b\u0103\u0219tina\u0219i, pe omenii de pe loc, i-au angajat pe rom\u00e2ni \u00een func\u021bii, \u00eencep\u00e2nd de la paznic \u0219i termin\u00e2nd cu func\u021biile de desevire. Secretarul Vicariatului, preotul local care era atunci \u00een func\u021bie, \u0219i-a dat demisia, \u00een locul lui se preg\u0103tea numirea unei alte persoane, tot din Rom\u00e2nia. Dar nu s-a ajuns p\u00e2n\u0103 \u00eentr-acolo, pentru c\u0103 s-a \u00eenceput un fel de \u00eenv\u0103lm\u0103\u0219eal\u0103, a \u00eenceput s\u0103 se indigneze lumea de aici, preo\u021bimea din cadrul Vicariatului.<\/p>\n<p>Dup\u0103 cum \u0219i era de a\u0219teptat, cu episcopul Petru s-au \u00eenceput discu\u021bii serioase din partea Chi\u0219in\u0103ului, pe linia arhiepiscopiei. \u00cens\u0103 el \u00een perioada ceea era deja, se poate spune, un fel de marionet\u0103 \u00een m\u00e2inile altora. \u0218i iat\u0103 a\u0219a s-a ajuns p\u00e2n\u0103 la momentul c\u00e2nd episcopul Petru a fost oprit de la slujire.<\/p>\n<p>Ceea ce \u0219tiu eu este c\u0103 p\u00e2n\u0103 la acel moment c\u00e2nd arhiepiscopul Vladimir (Cantarean) a emis decretul de eliberare din func\u021bia de episcop-vicar, lui Petru (P\u0103duraru) i se promiteau de c\u0103tre partea rom\u00e2n\u0103 multe \u0219i de toate: c\u0103 nu va fi oprit de la slujire, c\u0103 Patriarhia Rom\u00e2n\u0103 va hot\u0103r\u00ee chestiunea aceasta cu Patriarhia Moscovei, cu Arhiepiscopia Chi\u0219in\u0103ului etc. I s-au f\u0103cut promisiuni foarte multe.<\/p>\n<p>\u00cen final, c\u00e2nd el a fost oprit de la slujire, episcopul Petru s-a supus doar timp de o lun\u0103 acestei hot\u0103r\u00e2ri. \u00cens\u0103 fiind instigat de c\u0103tre acelea\u0219i persoane care continuau s\u0103 vin\u0103 cu promisiuni \u2013 c\u0103 \u00eel vor pune \u00een fruntea viitoarei \u201eMitropolii a Basarabiei\u201d, c\u0103 trebuie s\u0103 mearg\u0103 \u00eenainte, c\u0103 va avea toat\u0103 sus\u021binerea din partea rom\u00e2nilor \u2013 a re\u00eenceput s\u0103 \u201eslujeasc\u0103\u201d.<\/p>\n<p>Iat\u0103 \u00een felul acesta a pornit procesul de creare a a\u0219a-numitei Mitropolii a Basarabiei.<\/p>\n<p><strong>Traditia.md:<em> Episcopul Petru a fost urmat \u0219i de al\u021bi preo\u021bi, a mers cineva cu d\u00e2nsul?<\/em><\/strong><\/p>\n<p><strong>Protoiereul Petru Ciunciuc:<\/strong> Nimeni, nici un preot din cadrul Vicariatului de B\u0103l\u021bi, nimeni din cei care l-au cunoscut. Au fost clerici din Chi\u0219in\u0103u, acela\u0219i Petru Buburuz, au fost \u0219i din alte locuri, dar de la noi nimeni, nici un preot. Era un singur lucr\u0103tor de la cancelaria din B\u0103l\u021bi, Valeriu Cernei, pe atunci diacon, iat\u0103 din tot clerul de la nordul Moldovei doar el a mers dup\u0103 episcopul Petru \u00een schisma aceasta.<\/p>\n<p><strong>Traditia.md:<em> \u00cencerc\u0103ri de a dialoga cu episcopul Petru, de a organiza vreo adunare \u2013 s\u0103-l invita\u021bi, s\u0103 discuta\u021bi cu el \u2013 \u00eencerc\u0103ri de acest fel au fost?<\/em><\/strong><\/p>\n<p><strong>Protoiereul Petru Ciunciuc<\/strong>: Au fost adun\u0103ri \u0219i nu una singur\u0103. La Chi\u0219in\u0103u el a fost chemat, la dou\u0103 adun\u0103ri s-a prezentat, pe urm\u0103 a refuzat s\u0103 se mai duc\u0103.<\/p>\n<p>S-a organizat \u0219i o adunare a preo\u021bilor de la nord, din cadrul vicariatului, la Catedrala \u201eSfin\u021bii \u00cemp\u0103ra\u021bi Constantin \u0219i Elena\u201d din B\u0103l\u021bi, adunare la care episcopul Petru s-a prezentat, \u00eens\u0103 din p\u0103cate toat\u0103 discu\u021bia s-a terminat doar cu scandal. Lui i s-au \u00eenaintat un \u0219ir de \u00eenvinuiri pe care episcopul nu a dorit s\u0103 le recunoasc\u0103, \u0219i-au manifestat iritarea \u0219i unii preo\u021bi, au fost voci ridicate, emo\u021bii peste m\u0103sur\u0103.<\/p>\n<p>Dup\u0103 aceasta episcopul Petru (P\u0103duraru) nu a mai dorit s\u0103 se prezinte la nici o adunare. Nici la Chi\u0219in\u0103u, nic\u0103ieri. Nu a vrut s\u0103 se duc\u0103 nici chiar la \u0219edin\u021ba Sinodului de la Moscova unde a fost invitat.<\/p>\n<p>\u00cen concluzie voi repeta c\u0103 una din cauzele schismei din Moldova a constat \u00een faptul c\u0103 episcopul Petru chiar din primii pa\u0219i a fost indus \u00een eroare de c\u0103tre reprezentan\u021bii Patriarhiei Rom\u00e2ne. I s-au promis c\u0103 exist\u0103 \u00een\u021belegere cu Moscova, c\u0103 totul va fi bine, c\u0103 d\u00e2nsul nu va suporta sanc\u021biuni disciplinare. Iar temeiul la toate ideile acestea, repet, a fost pus de c\u0103tre mitropolitul Daniel al Ia\u0219ilor, actualul Patriarh al Bisericii Ortodoxe Rom\u00e2ne. Totul a pornit de la d\u00e2nsul.<\/p>\n<p>Deja peste c\u00e2\u021biva ani \u00eensu\u0219i episcopul Petru a recunoscut \u00eentr-o discu\u021bie privat\u0103 c\u0103 a vrut ca totul s\u0103 fie bine, dar s-a \u00eent\u00e2mplat a\u0219a cum s-a \u00eent\u00e2mplat \u0219i acum nu se mai poate de dat \u00eenapoi. Chipurile, copilul dac\u0103 s-a n\u0103scut, se are \u00een vedere \u201eMitropolia Basarabiei\u201d, nu putem s\u0103-l omor\u00e2m. Astea au fost cuvintele lui, eu l-am citat.<\/p>\n<p><strong>Traditia.md:<em> De n\u0103scut s-a n\u0103scut el, copilul, doar c\u0103 s-a n\u0103scut mort, din schism\u0103 nu are cum s\u0103 apar\u0103 Biserica cea vie a lui Hristos. V\u0103 mul\u021bumim, p\u0103rinte Petru, pentru acest scurt interviu care elucideaz\u0103 mai multe aspecte semnificative privind apari\u021bia schismei \u00een Biserica Ortodox\u0103 din Moldova.<\/em><\/strong><\/p>\n<p><strong>Protoiereul Petru Ciunciuc:<\/strong> \u0218i eu v\u0103 mul\u021bumesc. Doamne ajut\u0103!<\/p>\n<p style=\"text-align: right;\"><strong><em>Pentru Traditia.md a intervievat Victor Josu<\/em><\/strong><\/p>\n","protected":false},"excerpt":{"rendered":"<p>Traditia.md continue s\u0103 publice r\u0103spunsurile la \u00eentreb\u0103rile care ne sunt adresate \u00een cadrul rubricii dedicate schismei biserice\u0219ti din Republica Moldova. R\u0103spunsurile anterioare&hellip;<\/p>\n","protected":false},"author":3,"featured_media":15926,"comment_status":"open","ping_status":"closed","sticky":false,"template":"","format":"standard","meta":{"_lmt_disableupdate":"","_lmt_disable":"","slim_seo":{"title":"Rana net\u0103m\u0103duit\u0103 a Bisericii Ortodoxe din Moldova \u2013 3 - traditia.md","description":"Traditia.md continue s\u0103 publice r\u0103spunsurile la \u00eentreb\u0103rile care ne sunt adresate \u00een cadrul rubricii dedicate schismei biserice\u0219ti din Republica Moldova. R\u0103spun"},"footnotes":""},"categories":[38,1720],"tags":[],"class_list":["post-16802","post","type-post","status-publish","format-standard","has-post-thumbnail","hentry","category-stiri","category-unitatea-bisericii"],"_links":{"self":[{"href":"https:\/\/traditia.md\/ro\/wp-json\/wp\/v2\/posts\/16802","targetHints":{"allow":["GET"]}}],"collection":[{"href":"https:\/\/traditia.md\/ro\/wp-json\/wp\/v2\/posts"}],"about":[{"href":"https:\/\/traditia.md\/ro\/wp-json\/wp\/v2\/types\/post"}],"author":[{"embeddable":true,"href":"https:\/\/traditia.md\/ro\/wp-json\/wp\/v2\/users\/3"}],"replies":[{"embeddable":true,"href":"https:\/\/traditia.md\/ro\/wp-json\/wp\/v2\/comments?post=16802"}],"version-history":[{"count":0,"href":"https:\/\/traditia.md\/ro\/wp-json\/wp\/v2\/posts\/16802\/revisions"}],"wp:featuredmedia":[{"embeddable":true,"href":"https:\/\/traditia.md\/ro\/wp-json\/wp\/v2\/media\/15926"}],"wp:attachment":[{"href":"https:\/\/traditia.md\/ro\/wp-json\/wp\/v2\/media?parent=16802"}],"wp:term":[{"taxonomy":"category","embeddable":true,"href":"https:\/\/traditia.md\/ro\/wp-json\/wp\/v2\/categories?post=16802"},{"taxonomy":"post_tag","embeddable":true,"href":"https:\/\/traditia.md\/ro\/wp-json\/wp\/v2\/tags?post=16802"}],"curies":[{"name":"wp","href":"https:\/\/api.w.org\/{rel}","templated":true}]}}