{"id":16745,"date":"2023-08-07T08:15:40","date_gmt":"2023-08-07T05:15:40","guid":{"rendered":"https:\/\/traditia.md\/?p=16745"},"modified":"2023-08-07T08:18:03","modified_gmt":"2023-08-07T05:18:03","slug":"daca-nu-am-dragoste-facutu-m-am-arama-sunatoare","status":"publish","type":"post","link":"https:\/\/traditia.md\/ro\/daca-nu-am-dragoste-facutu-m-am-arama-sunatoare\/","title":{"rendered":"Dac\u0103 nu am dragoste, f\u0103cutu-m-am aram\u0103 sun\u0103toare"},"content":{"rendered":"<p><strong>Sf\u00e2ntul Apostol Pavel despre locul dragostei \u00een via\u021ba cre\u0219tinului:<\/strong><\/p>\n<p><em>De a\u015f gr\u0103i \u00een limbile oamenilor \u015fi ale \u00eengerilor, iar dragoste nu am, f\u0103cutu-m-am aram\u0103 sun\u0103toare \u015fi chimval r\u0103sun\u0103tor.<\/em><\/p>\n<p><em>\u015ei de a\u015f avea darul proorociei \u015fi tainele toate le-a\u015f cunoa\u015fte \u015fi orice \u015ftiin\u0163\u0103, \u015fi de a\u015f avea at\u00e2ta credin\u0163\u0103 \u00eenc\u00e2t s\u0103 mut \u015fi mun\u0163ii, iar dragoste nu am, nimic nu sunt.<\/em><\/p>\n<p><em>\u015ei de a\u015f \u00eemp\u0103r\u0163i toat\u0103 avu\u0163ia mea \u015fi de a\u015f da trupul meu ca s\u0103 fie ars, iar dragoste nu am, nimic nu-mi folose\u015fte.<\/em><\/p>\n<p><em>Dragostea \u00eendelung rabd\u0103; dragostea este binevoitoare, dragostea nu pizmuie\u015fte, nu se laud\u0103, nu se trufe\u015fte.<\/em><\/p>\n<p><em>Dragostea nu se poart\u0103 cu necuviin\u0163\u0103, nu caut\u0103 ale sale, nu se aprinde de m\u00e2nie, nu g\u00e2nde\u015fte r\u0103ul.<\/em><\/p>\n<p><em>Nu se bucur\u0103 de nedreptate, ci se bucur\u0103 de adev\u0103r.<\/em><\/p>\n<p><em>Toate le sufer\u0103, toate le crede, toate le n\u0103d\u0103jduie\u015fte, toate le rabd\u0103.<\/em><\/p>\n<p style=\"text-align: right;\">(1 Cor. 13:1-7)<\/p>\n","protected":false},"excerpt":{"rendered":"<p>Sf\u00e2ntul Apostol Pavel despre locul dragostei \u00een via\u021ba cre\u0219tinului: De a\u015f gr\u0103i \u00een limbile oamenilor \u015fi ale \u00eengerilor, iar dragoste nu am,&hellip;<\/p>\n","protected":false},"author":3,"featured_media":16743,"comment_status":"open","ping_status":"closed","sticky":false,"template":"","format":"standard","meta":{"_lmt_disableupdate":"","_lmt_disable":"","slim_seo":{"title":"Dac\u0103 nu am dragoste, f\u0103cutu-m-am aram\u0103 sun\u0103toare - traditia.md","description":"Sf\u00e2ntul Apostol Pavel despre locul dragostei \u00een via\u021ba cre\u0219tinului: De a\u015f gr\u0103i \u00een limbile oamenilor \u015fi ale \u00eengerilor, iar dragoste nu am, f\u0103cutu-m-am aram\u0103 sun\u0103t"},"footnotes":""},"categories":[40,38],"tags":[],"class_list":["post-16745","post","type-post","status-publish","format-standard","has-post-thumbnail","hentry","category-apararea-credintei","category-stiri"],"_links":{"self":[{"href":"https:\/\/traditia.md\/ro\/wp-json\/wp\/v2\/posts\/16745","targetHints":{"allow":["GET"]}}],"collection":[{"href":"https:\/\/traditia.md\/ro\/wp-json\/wp\/v2\/posts"}],"about":[{"href":"https:\/\/traditia.md\/ro\/wp-json\/wp\/v2\/types\/post"}],"author":[{"embeddable":true,"href":"https:\/\/traditia.md\/ro\/wp-json\/wp\/v2\/users\/3"}],"replies":[{"embeddable":true,"href":"https:\/\/traditia.md\/ro\/wp-json\/wp\/v2\/comments?post=16745"}],"version-history":[{"count":0,"href":"https:\/\/traditia.md\/ro\/wp-json\/wp\/v2\/posts\/16745\/revisions"}],"wp:featuredmedia":[{"embeddable":true,"href":"https:\/\/traditia.md\/ro\/wp-json\/wp\/v2\/media\/16743"}],"wp:attachment":[{"href":"https:\/\/traditia.md\/ro\/wp-json\/wp\/v2\/media?parent=16745"}],"wp:term":[{"taxonomy":"category","embeddable":true,"href":"https:\/\/traditia.md\/ro\/wp-json\/wp\/v2\/categories?post=16745"},{"taxonomy":"post_tag","embeddable":true,"href":"https:\/\/traditia.md\/ro\/wp-json\/wp\/v2\/tags?post=16745"}],"curies":[{"name":"wp","href":"https:\/\/api.w.org\/{rel}","templated":true}]}}